{"id":14782,"date":"2022-10-22T11:44:00","date_gmt":"2022-10-22T11:44:00","guid":{"rendered":"https:\/\/www.diasporaportuguesa.org\/news\/inauguracao-da-sede-do-conselho-da-diaspora-portuguesa\/"},"modified":"2023-02-01T20:34:19","modified_gmt":"2023-02-01T20:34:19","slug":"inauguration-of-the-headquarters-of-the-portuguese-diaspora-council","status":"publish","type":"post","link":"https:\/\/www.diasporaportuguesa.org\/en\/news\/inauguration-of-the-headquarters-of-the-portuguese-diaspora-council\/","title":{"rendered":"Inauguration of the Headquarters of the Portuguese Diaspora Council"},"content":{"rendered":"\n<p>His Excellency the President of the Republic inaugurated the Headquarters of the Portuguese Diaspora Council on October 22, 2022.<\/p>\n\n\n\n<!--more-->\n\n\n\n<p>The Diaspora Council inaugurated its new headquarters in Cascais. The space is located in the Tardoz Building adjacent to the Town Hall and is part of the Strategic Collaboration Agreement signed last April.<\/p>\n\n\n<div class=\"wp-block-image\">\n<figure class=\"alignleft size-large is-resized\"><img decoding=\"async\" loading=\"lazy\" src=\"https:\/\/www.diasporaportuguesa.org\/wp-content\/uploads\/2023\/02\/Diaspora-Portuguesa-_-Sede-_-Cascais-_-Carlos-Carreiras-1920x2880.jpg\" alt=\"\" class=\"wp-image-15013\" width=\"212\" height=\"319\" srcset=\"https:\/\/www.diasporaportuguesa.org\/wp-content\/uploads\/2023\/02\/Diaspora-Portuguesa-_-Sede-_-Cascais-_-Carlos-Carreiras-1920x2880.jpg 1920w, https:\/\/www.diasporaportuguesa.org\/wp-content\/uploads\/2023\/02\/Diaspora-Portuguesa-_-Sede-_-Cascais-_-Carlos-Carreiras-1055x1583.jpg 1055w, https:\/\/www.diasporaportuguesa.org\/wp-content\/uploads\/2023\/02\/Diaspora-Portuguesa-_-Sede-_-Cascais-_-Carlos-Carreiras-768x1152.jpg 768w, https:\/\/www.diasporaportuguesa.org\/wp-content\/uploads\/2023\/02\/Diaspora-Portuguesa-_-Sede-_-Cascais-_-Carlos-Carreiras-1024x1536.jpg 1024w, https:\/\/www.diasporaportuguesa.org\/wp-content\/uploads\/2023\/02\/Diaspora-Portuguesa-_-Sede-_-Cascais-_-Carlos-Carreiras-1365x2048.jpg 1365w, https:\/\/www.diasporaportuguesa.org\/wp-content\/uploads\/2023\/02\/Diaspora-Portuguesa-_-Sede-_-Cascais-_-Carlos-Carreiras-760x1140.jpg 760w, https:\/\/www.diasporaportuguesa.org\/wp-content\/uploads\/2023\/02\/Diaspora-Portuguesa-_-Sede-_-Cascais-_-Carlos-Carreiras-1460x2190.jpg 1460w, https:\/\/www.diasporaportuguesa.org\/wp-content\/uploads\/2023\/02\/Diaspora-Portuguesa-_-Sede-_-Cascais-_-Carlos-Carreiras-scaled.jpg 1707w\" sizes=\"(max-width: 212px) 100vw, 212px\" \/><\/figure><\/div>\n\n\n<p>In his opening speech, the Mayor of Cascais reiterated the institution&#8217;s commitment to supporting companies and associations of interest for the dynamism and impact created not only for Cascais, but also for the country. Carlos Carreiras praised the work carried out by Di\u00e1spora, wishing the greatest success in this new stage.<\/p>\n\n\n\n<p>The President of the Republic took advantage of his speech to thank and praise the work carried out by the Mayor of Cascais and also thanked Dr. Jos\u00e9 Manuel Dur\u00e3o Barroso (Chairman of the General Assembly of the Council) for his fundamental role in supporting and boosting the Portuguese Diaspora and for his strategic vision regarding the new stage in progress. He also took the opportunity to highlight the current dynamism of the Board of Directors of the Diaspora, recalling some of the great challenges and wishing the greatest successes for the future.<\/p>\n\n\n\n<figure class=\"wp-block-gallery has-nested-images columns-default is-cropped wp-block-gallery-1 is-layout-flex wp-block-gallery-is-layout-flex\">\n<figure class=\"wp-block-image size-large\"><img decoding=\"async\" loading=\"lazy\" width=\"1920\" height=\"1280\" data-id=\"15011\" src=\"https:\/\/www.diasporaportuguesa.org\/wp-content\/uploads\/2023\/02\/Diaspora-Portuguesa-_-Sede-_-Cascais-_-Presidente-da-Republica-1-1920x1280.jpg\" alt=\"\" class=\"wp-image-15011\" srcset=\"https:\/\/www.diasporaportuguesa.org\/wp-content\/uploads\/2023\/02\/Diaspora-Portuguesa-_-Sede-_-Cascais-_-Presidente-da-Republica-1-1920x1280.jpg 1920w, https:\/\/www.diasporaportuguesa.org\/wp-content\/uploads\/2023\/02\/Diaspora-Portuguesa-_-Sede-_-Cascais-_-Presidente-da-Republica-1-1055x703.jpg 1055w, https:\/\/www.diasporaportuguesa.org\/wp-content\/uploads\/2023\/02\/Diaspora-Portuguesa-_-Sede-_-Cascais-_-Presidente-da-Republica-1-768x512.jpg 768w, https:\/\/www.diasporaportuguesa.org\/wp-content\/uploads\/2023\/02\/Diaspora-Portuguesa-_-Sede-_-Cascais-_-Presidente-da-Republica-1-1536x1024.jpg 1536w, https:\/\/www.diasporaportuguesa.org\/wp-content\/uploads\/2023\/02\/Diaspora-Portuguesa-_-Sede-_-Cascais-_-Presidente-da-Republica-1-2048x1365.jpg 2048w, https:\/\/www.diasporaportuguesa.org\/wp-content\/uploads\/2023\/02\/Diaspora-Portuguesa-_-Sede-_-Cascais-_-Presidente-da-Republica-1-760x507.jpg 760w, https:\/\/www.diasporaportuguesa.org\/wp-content\/uploads\/2023\/02\/Diaspora-Portuguesa-_-Sede-_-Cascais-_-Presidente-da-Republica-1-1460x973.jpg 1460w\" sizes=\"(max-width: 1920px) 100vw, 1920px\" \/><\/figure>\n\n\n\n<figure class=\"wp-block-image size-large\"><img decoding=\"async\" loading=\"lazy\" width=\"1920\" height=\"1280\" data-id=\"15015\" src=\"https:\/\/www.diasporaportuguesa.org\/wp-content\/uploads\/2023\/02\/Diaspora-Portuguesa-_-Sede-_-Cascais-_-Presidente-da-Republica-_-Carlos-Carreiras-_-Antonio-Calcada-de-Sa-_-Durao-Barroso-1920x1280.jpg\" alt=\"\" class=\"wp-image-15015\" srcset=\"https:\/\/www.diasporaportuguesa.org\/wp-content\/uploads\/2023\/02\/Diaspora-Portuguesa-_-Sede-_-Cascais-_-Presidente-da-Republica-_-Carlos-Carreiras-_-Antonio-Calcada-de-Sa-_-Durao-Barroso-1920x1280.jpg 1920w, https:\/\/www.diasporaportuguesa.org\/wp-content\/uploads\/2023\/02\/Diaspora-Portuguesa-_-Sede-_-Cascais-_-Presidente-da-Republica-_-Carlos-Carreiras-_-Antonio-Calcada-de-Sa-_-Durao-Barroso-1055x703.jpg 1055w, https:\/\/www.diasporaportuguesa.org\/wp-content\/uploads\/2023\/02\/Diaspora-Portuguesa-_-Sede-_-Cascais-_-Presidente-da-Republica-_-Carlos-Carreiras-_-Antonio-Calcada-de-Sa-_-Durao-Barroso-768x512.jpg 768w, https:\/\/www.diasporaportuguesa.org\/wp-content\/uploads\/2023\/02\/Diaspora-Portuguesa-_-Sede-_-Cascais-_-Presidente-da-Republica-_-Carlos-Carreiras-_-Antonio-Calcada-de-Sa-_-Durao-Barroso-1536x1024.jpg 1536w, https:\/\/www.diasporaportuguesa.org\/wp-content\/uploads\/2023\/02\/Diaspora-Portuguesa-_-Sede-_-Cascais-_-Presidente-da-Republica-_-Carlos-Carreiras-_-Antonio-Calcada-de-Sa-_-Durao-Barroso-2048x1365.jpg 2048w, https:\/\/www.diasporaportuguesa.org\/wp-content\/uploads\/2023\/02\/Diaspora-Portuguesa-_-Sede-_-Cascais-_-Presidente-da-Republica-_-Carlos-Carreiras-_-Antonio-Calcada-de-Sa-_-Durao-Barroso-760x507.jpg 760w, https:\/\/www.diasporaportuguesa.org\/wp-content\/uploads\/2023\/02\/Diaspora-Portuguesa-_-Sede-_-Cascais-_-Presidente-da-Republica-_-Carlos-Carreiras-_-Antonio-Calcada-de-Sa-_-Durao-Barroso-1460x973.jpg 1460w\" sizes=\"(max-width: 1920px) 100vw, 1920px\" \/><\/figure>\n<\/figure>\n\n\n\n<p>The event was attended by His Excellency, the President of the Republic, Professor Marcelo Rebelo de Sousa, the President of Cascais City Council, Dr. Carlos Carreiras, the Secretary of State for Internationalization, Dr. Bernardo Ivo Cruz, the Chairman of the Board of the General Assembly of the Diaspora Council, Dr. Jos\u00e9 Manuel Dur\u00e3o Barroso and the Chairman of the Board, Ant\u00f3nio Cal\u00e7ada de S\u00e1, among several other individuals, members of the Portuguese Diaspora around the world, members of the Advisory Board, and guests.<\/p>\n\n\n\n<p><\/p>\n\n\n\n<p><\/p>\n","protected":false},"excerpt":{"rendered":"His Excellency the President of the Republic inaugurated the Headquarters of the Portuguese Diaspora Council on October 22, 2022.","protected":false},"author":1,"featured_media":15289,"comment_status":"closed","ping_status":"open","sticky":false,"template":"","format":"standard","meta":{"footnotes":""},"categories":[12],"tags":[264],"acf":[],"yoast_head":"<!-- This site is optimized with the Yoast SEO plugin v21.3 - https:\/\/yoast.com\/wordpress\/plugins\/seo\/ -->\n<title>Inauguration of the Headquarters of the Portuguese Diaspora Council - Conselho da Di\u00e1spora Portuguesa<\/title>\n<meta name=\"description\" content=\"His Excellency the President of the Republic inaugurated the Headquarters of the Portuguese Diaspora Council on October 22, 2022.\" \/>\n<meta name=\"robots\" content=\"index, follow, max-snippet:-1, max-image-preview:large, max-video-preview:-1\" \/>\n<link rel=\"canonical\" href=\"https:\/\/www.diasporaportuguesa.org\/en\/news\/inauguration-of-the-headquarters-of-the-portuguese-diaspora-council\/\" \/>\n<meta property=\"og:locale\" content=\"en_US\" \/>\n<meta property=\"og:type\" content=\"article\" \/>\n<meta property=\"og:title\" content=\"Inauguration of the Headquarters of the Portuguese Diaspora Council - Conselho da Di\u00e1spora Portuguesa\" \/>\n<meta property=\"og:description\" content=\"His Excellency the President of the Republic inaugurated the Headquarters of the Portuguese Diaspora Council on October 22, 2022.\" \/>\n<meta property=\"og:url\" content=\"https:\/\/www.diasporaportuguesa.org\/en\/news\/inauguration-of-the-headquarters-of-the-portuguese-diaspora-council\/\" \/>\n<meta property=\"og:site_name\" content=\"Conselho da Di\u00e1spora Portuguesa\" \/>\n<meta property=\"article:published_time\" content=\"2022-10-22T11:44:00+00:00\" \/>\n<meta property=\"article:modified_time\" content=\"2023-02-01T20:34:19+00:00\" \/>\n<meta property=\"og:image\" content=\"https:\/\/www.diasporaportuguesa.org\/wp-content\/uploads\/2023\/01\/MarceloRebelo-de-Sousa.jpg\" \/>\n\t<meta property=\"og:image:width\" content=\"2044\" \/>\n\t<meta property=\"og:image:height\" content=\"1316\" \/>\n\t<meta property=\"og:image:type\" content=\"image\/jpeg\" \/>\n<meta name=\"author\" content=\"admin\" \/>\n<meta name=\"twitter:card\" content=\"summary_large_image\" \/>\n<meta name=\"twitter:creator\" content=\"@CdDiaspora\" \/>\n<meta name=\"twitter:site\" content=\"@CdDiaspora\" \/>\n<meta name=\"twitter:label1\" content=\"Written by\" \/>\n\t<meta name=\"twitter:data1\" content=\"admin\" \/>\n\t<meta name=\"twitter:label2\" content=\"Est. reading time\" \/>\n\t<meta name=\"twitter:data2\" content=\"3 minutes\" \/>\n<script type=\"application\/ld+json\" class=\"yoast-schema-graph\">{\"@context\":\"https:\/\/schema.org\",\"@graph\":[{\"@type\":\"Article\",\"@id\":\"https:\/\/www.diasporaportuguesa.org\/en\/news\/inauguration-of-the-headquarters-of-the-portuguese-diaspora-council\/#article\",\"isPartOf\":{\"@id\":\"https:\/\/www.diasporaportuguesa.org\/en\/news\/inauguration-of-the-headquarters-of-the-portuguese-diaspora-council\/\"},\"author\":{\"name\":\"admin\",\"@id\":\"https:\/\/www.diasporaportuguesa.org\/#\/schema\/person\/b696455d87726d2d3e73d75428ac7fe9\"},\"headline\":\"Inauguration of the Headquarters of the Portuguese Diaspora Council\",\"datePublished\":\"2022-10-22T11:44:00+00:00\",\"dateModified\":\"2023-02-01T20:34:19+00:00\",\"mainEntityOfPage\":{\"@id\":\"https:\/\/www.diasporaportuguesa.org\/en\/news\/inauguration-of-the-headquarters-of-the-portuguese-diaspora-council\/\"},\"wordCount\":291,\"publisher\":{\"@id\":\"https:\/\/www.diasporaportuguesa.org\/#organization\"},\"keywords\":[\"Conselho da Di\u00e1spora Portuguesa\"],\"articleSection\":[\"News\"],\"inLanguage\":\"en-US\"},{\"@type\":\"WebPage\",\"@id\":\"https:\/\/www.diasporaportuguesa.org\/en\/news\/inauguration-of-the-headquarters-of-the-portuguese-diaspora-council\/\",\"url\":\"https:\/\/www.diasporaportuguesa.org\/en\/news\/inauguration-of-the-headquarters-of-the-portuguese-diaspora-council\/\",\"name\":\"Inauguration of the Headquarters of the Portuguese Diaspora Council - Conselho da Di\u00e1spora Portuguesa\",\"isPartOf\":{\"@id\":\"https:\/\/www.diasporaportuguesa.org\/#website\"},\"datePublished\":\"2022-10-22T11:44:00+00:00\",\"dateModified\":\"2023-02-01T20:34:19+00:00\",\"description\":\"His Excellency the President of the Republic inaugurated the Headquarters of the Portuguese Diaspora Council on October 22, 2022.\",\"breadcrumb\":{\"@id\":\"https:\/\/www.diasporaportuguesa.org\/en\/news\/inauguration-of-the-headquarters-of-the-portuguese-diaspora-council\/#breadcrumb\"},\"inLanguage\":\"en-US\",\"potentialAction\":[{\"@type\":\"ReadAction\",\"target\":[\"https:\/\/www.diasporaportuguesa.org\/en\/news\/inauguration-of-the-headquarters-of-the-portuguese-diaspora-council\/\"]}]},{\"@type\":\"BreadcrumbList\",\"@id\":\"https:\/\/www.diasporaportuguesa.org\/en\/news\/inauguration-of-the-headquarters-of-the-portuguese-diaspora-council\/#breadcrumb\",\"itemListElement\":[{\"@type\":\"ListItem\",\"position\":1,\"name\":\"In\u00edcio\",\"item\":\"https:\/\/www.diasporaportuguesa.org\/en\/\"},{\"@type\":\"ListItem\",\"position\":2,\"name\":\"News\",\"item\":\"https:\/\/www.diasporaportuguesa.org\/en\/news\/\"},{\"@type\":\"ListItem\",\"position\":3,\"name\":\"Inauguration of the Headquarters of the Portuguese Diaspora Council\"}]},{\"@type\":\"WebSite\",\"@id\":\"https:\/\/www.diasporaportuguesa.org\/#website\",\"url\":\"https:\/\/www.diasporaportuguesa.org\/\",\"name\":\"Conselho da Di\u00e1spora Portuguesa\",\"description\":\"Conselho da Di\u00e1spora Portuguesa\",\"publisher\":{\"@id\":\"https:\/\/www.diasporaportuguesa.org\/#organization\"},\"potentialAction\":[{\"@type\":\"SearchAction\",\"target\":{\"@type\":\"EntryPoint\",\"urlTemplate\":\"https:\/\/www.diasporaportuguesa.org\/?s={search_term_string}\"},\"query-input\":\"required name=search_term_string\"}],\"inLanguage\":\"en-US\"},{\"@type\":\"Organization\",\"@id\":\"https:\/\/www.diasporaportuguesa.org\/#organization\",\"name\":\"Conselho da Di\u00e1spora Portuguesa\",\"url\":\"https:\/\/www.diasporaportuguesa.org\/\",\"logo\":{\"@type\":\"ImageObject\",\"inLanguage\":\"en-US\",\"@id\":\"https:\/\/www.diasporaportuguesa.org\/#\/schema\/logo\/image\/\",\"url\":\"https:\/\/www.diasporaportuguesa.org\/wp-content\/uploads\/2022\/11\/conselho-diaspora-portuguesa.png\",\"contentUrl\":\"https:\/\/www.diasporaportuguesa.org\/wp-content\/uploads\/2022\/11\/conselho-diaspora-portuguesa.png\",\"width\":735,\"height\":216,\"caption\":\"Conselho da Di\u00e1spora Portuguesa\"},\"image\":{\"@id\":\"https:\/\/www.diasporaportuguesa.org\/#\/schema\/logo\/image\/\"},\"sameAs\":[\"https:\/\/twitter.com\/CdDiaspora\",\"https:\/\/www.linkedin.com\/company\/conselho-da-diaspora-portuguesa\/\",\"https:\/\/www.youtube.com\/channel\/UCEI8qERhtqzV1UgdITBo6rw\/videos\"]},{\"@type\":\"Person\",\"@id\":\"https:\/\/www.diasporaportuguesa.org\/#\/schema\/person\/b696455d87726d2d3e73d75428ac7fe9\",\"name\":\"admin\",\"sameAs\":[\"https:\/\/www.diasporaportuguesa.org\"],\"url\":\"https:\/\/www.diasporaportuguesa.org\/en\/author\/admin\/\"}]}<\/script>\n<!-- \/ Yoast SEO plugin. -->","yoast_head_json":{"title":"Inauguration of the Headquarters of the Portuguese Diaspora Council - Conselho da Di\u00e1spora Portuguesa","description":"His Excellency the President of the Republic inaugurated the Headquarters of the Portuguese Diaspora Council on October 22, 2022.","robots":{"index":"index","follow":"follow","max-snippet":"max-snippet:-1","max-image-preview":"max-image-preview:large","max-video-preview":"max-video-preview:-1"},"canonical":"https:\/\/www.diasporaportuguesa.org\/en\/news\/inauguration-of-the-headquarters-of-the-portuguese-diaspora-council\/","og_locale":"en_US","og_type":"article","og_title":"Inauguration of the Headquarters of the Portuguese Diaspora Council - Conselho da Di\u00e1spora Portuguesa","og_description":"His Excellency the President of the Republic inaugurated the Headquarters of the Portuguese Diaspora Council on October 22, 2022.","og_url":"https:\/\/www.diasporaportuguesa.org\/en\/news\/inauguration-of-the-headquarters-of-the-portuguese-diaspora-council\/","og_site_name":"Conselho da Di\u00e1spora Portuguesa","article_published_time":"2022-10-22T11:44:00+00:00","article_modified_time":"2023-02-01T20:34:19+00:00","og_image":[{"width":2044,"height":1316,"url":"https:\/\/www.diasporaportuguesa.org\/wp-content\/uploads\/2023\/01\/MarceloRebelo-de-Sousa.jpg","type":"image\/jpeg"}],"author":"admin","twitter_card":"summary_large_image","twitter_creator":"@CdDiaspora","twitter_site":"@CdDiaspora","twitter_misc":{"Written by":"admin","Est. reading time":"3 minutes"},"schema":{"@context":"https:\/\/schema.org","@graph":[{"@type":"Article","@id":"https:\/\/www.diasporaportuguesa.org\/en\/news\/inauguration-of-the-headquarters-of-the-portuguese-diaspora-council\/#article","isPartOf":{"@id":"https:\/\/www.diasporaportuguesa.org\/en\/news\/inauguration-of-the-headquarters-of-the-portuguese-diaspora-council\/"},"author":{"name":"admin","@id":"https:\/\/www.diasporaportuguesa.org\/#\/schema\/person\/b696455d87726d2d3e73d75428ac7fe9"},"headline":"Inauguration of the Headquarters of the Portuguese Diaspora Council","datePublished":"2022-10-22T11:44:00+00:00","dateModified":"2023-02-01T20:34:19+00:00","mainEntityOfPage":{"@id":"https:\/\/www.diasporaportuguesa.org\/en\/news\/inauguration-of-the-headquarters-of-the-portuguese-diaspora-council\/"},"wordCount":291,"publisher":{"@id":"https:\/\/www.diasporaportuguesa.org\/#organization"},"keywords":["Conselho da Di\u00e1spora Portuguesa"],"articleSection":["News"],"inLanguage":"en-US"},{"@type":"WebPage","@id":"https:\/\/www.diasporaportuguesa.org\/en\/news\/inauguration-of-the-headquarters-of-the-portuguese-diaspora-council\/","url":"https:\/\/www.diasporaportuguesa.org\/en\/news\/inauguration-of-the-headquarters-of-the-portuguese-diaspora-council\/","name":"Inauguration of the Headquarters of the Portuguese Diaspora Council - Conselho da Di\u00e1spora Portuguesa","isPartOf":{"@id":"https:\/\/www.diasporaportuguesa.org\/#website"},"datePublished":"2022-10-22T11:44:00+00:00","dateModified":"2023-02-01T20:34:19+00:00","description":"His Excellency the President of the Republic inaugurated the Headquarters of the Portuguese Diaspora Council on October 22, 2022.","breadcrumb":{"@id":"https:\/\/www.diasporaportuguesa.org\/en\/news\/inauguration-of-the-headquarters-of-the-portuguese-diaspora-council\/#breadcrumb"},"inLanguage":"en-US","potentialAction":[{"@type":"ReadAction","target":["https:\/\/www.diasporaportuguesa.org\/en\/news\/inauguration-of-the-headquarters-of-the-portuguese-diaspora-council\/"]}]},{"@type":"BreadcrumbList","@id":"https:\/\/www.diasporaportuguesa.org\/en\/news\/inauguration-of-the-headquarters-of-the-portuguese-diaspora-council\/#breadcrumb","itemListElement":[{"@type":"ListItem","position":1,"name":"In\u00edcio","item":"https:\/\/www.diasporaportuguesa.org\/en\/"},{"@type":"ListItem","position":2,"name":"News","item":"https:\/\/www.diasporaportuguesa.org\/en\/news\/"},{"@type":"ListItem","position":3,"name":"Inauguration of the Headquarters of the Portuguese Diaspora Council"}]},{"@type":"WebSite","@id":"https:\/\/www.diasporaportuguesa.org\/#website","url":"https:\/\/www.diasporaportuguesa.org\/","name":"Conselho da Di\u00e1spora Portuguesa","description":"Conselho da Di\u00e1spora Portuguesa","publisher":{"@id":"https:\/\/www.diasporaportuguesa.org\/#organization"},"potentialAction":[{"@type":"SearchAction","target":{"@type":"EntryPoint","urlTemplate":"https:\/\/www.diasporaportuguesa.org\/?s={search_term_string}"},"query-input":"required name=search_term_string"}],"inLanguage":"en-US"},{"@type":"Organization","@id":"https:\/\/www.diasporaportuguesa.org\/#organization","name":"Conselho da Di\u00e1spora Portuguesa","url":"https:\/\/www.diasporaportuguesa.org\/","logo":{"@type":"ImageObject","inLanguage":"en-US","@id":"https:\/\/www.diasporaportuguesa.org\/#\/schema\/logo\/image\/","url":"https:\/\/www.diasporaportuguesa.org\/wp-content\/uploads\/2022\/11\/conselho-diaspora-portuguesa.png","contentUrl":"https:\/\/www.diasporaportuguesa.org\/wp-content\/uploads\/2022\/11\/conselho-diaspora-portuguesa.png","width":735,"height":216,"caption":"Conselho da Di\u00e1spora Portuguesa"},"image":{"@id":"https:\/\/www.diasporaportuguesa.org\/#\/schema\/logo\/image\/"},"sameAs":["https:\/\/twitter.com\/CdDiaspora","https:\/\/www.linkedin.com\/company\/conselho-da-diaspora-portuguesa\/","https:\/\/www.youtube.com\/channel\/UCEI8qERhtqzV1UgdITBo6rw\/videos"]},{"@type":"Person","@id":"https:\/\/www.diasporaportuguesa.org\/#\/schema\/person\/b696455d87726d2d3e73d75428ac7fe9","name":"admin","sameAs":["https:\/\/www.diasporaportuguesa.org"],"url":"https:\/\/www.diasporaportuguesa.org\/en\/author\/admin\/"}]}},"_links":{"self":[{"href":"https:\/\/www.diasporaportuguesa.org\/en\/wp-json\/wp\/v2\/posts\/14782"}],"collection":[{"href":"https:\/\/www.diasporaportuguesa.org\/en\/wp-json\/wp\/v2\/posts"}],"about":[{"href":"https:\/\/www.diasporaportuguesa.org\/en\/wp-json\/wp\/v2\/types\/post"}],"author":[{"embeddable":true,"href":"https:\/\/www.diasporaportuguesa.org\/en\/wp-json\/wp\/v2\/users\/1"}],"replies":[{"embeddable":true,"href":"https:\/\/www.diasporaportuguesa.org\/en\/wp-json\/wp\/v2\/comments?post=14782"}],"version-history":[{"count":3,"href":"https:\/\/www.diasporaportuguesa.org\/en\/wp-json\/wp\/v2\/posts\/14782\/revisions"}],"predecessor-version":[{"id":15025,"href":"https:\/\/www.diasporaportuguesa.org\/en\/wp-json\/wp\/v2\/posts\/14782\/revisions\/15025"}],"wp:featuredmedia":[{"embeddable":true,"href":"https:\/\/www.diasporaportuguesa.org\/en\/wp-json\/wp\/v2\/media\/15289"}],"wp:attachment":[{"href":"https:\/\/www.diasporaportuguesa.org\/en\/wp-json\/wp\/v2\/media?parent=14782"}],"wp:term":[{"taxonomy":"category","embeddable":true,"href":"https:\/\/www.diasporaportuguesa.org\/en\/wp-json\/wp\/v2\/categories?post=14782"},{"taxonomy":"post_tag","embeddable":true,"href":"https:\/\/www.diasporaportuguesa.org\/en\/wp-json\/wp\/v2\/tags?post=14782"}],"curies":[{"name":"wp","href":"https:\/\/api.w.org\/{rel}","templated":true}]}}