{"id":14784,"date":"2022-12-21T11:53:33","date_gmt":"2022-12-21T11:53:33","guid":{"rendered":"https:\/\/www.diasporaportuguesa.org\/news\/lorem-ipsum-dolor-sit-amet-consectetur-adipiscing-elit\/"},"modified":"2023-03-03T10:07:17","modified_gmt":"2023-03-03T10:07:17","slug":"2022-annual-meeting","status":"publish","type":"post","link":"https:\/\/www.diasporaportuguesa.org\/en\/events\/2022-annual-meeting\/","title":{"rendered":"Annual Meeting 2022"},"content":{"rendered":"\n<p>The Annual Meeting of the Portuguese Diaspora held on the 20th and 21st  December 2022, at Cidadela Palace, in Cascais, celebrated the 10th Anniversary of the Council.<\/p>\n\n\n\n<!--more-->\n\n\n\n<p>The event featured several institutional and business personalities of enormous importance in the national and international context for the discussion of the theme \u201cPortugal \u2013 Challenges for the Future\u201d.<\/p>\n\n\n\n<p>The first day of the event was dedicated to the Internal Meeting between Counselors and members of the Advisory Board of the Portuguese Diaspora. The meeting featured the presentation of numerous projects to be implemented in 2023, namely an investment fund in partnership with Portugal Ventures, a new and restructured website and an internal communication platform, protocols with key associations for the representation of Portugal in the international context, such as the Global Diaspora Network and the Portuguese Communities Council, and also an investment in the internationalization of education for Portuguese students and descendants of the diaspora through the Erasmus+ programme. The session was closed by His Excellency, the Minister of the Economy and the Sea, Ant\u00f3nio Costa Silva.<\/p>\n\n\n\n<figure class=\"wp-block-embed is-type-video is-provider-youtube wp-block-embed-youtube wp-embed-aspect-16-9 wp-has-aspect-ratio\"><div class=\"wp-block-embed__wrapper\">\n<iframe loading=\"lazy\" title=\"Encontro Anual do Conselho da Di\u00e1spora 2022 | Reuni\u00e3o Interna\" width=\"900\" height=\"506\" src=\"https:\/\/www.youtube.com\/embed\/xXE2wm659IY?feature=oembed\" frameborder=\"0\" allow=\"accelerometer; autoplay; clipboard-write; encrypted-media; gyroscope; picture-in-picture; web-share\" allowfullscreen><\/iframe>\n<\/div><\/figure>\n\n\n\n<p>The second day, dedicated to the Institutional Meeting of the Council, was attended by several important personalities, namely, the Honorary Vice-President of the Diaspora Council, His Excellency, the Minister of Foreign Affairs, Jo\u00e3o Gomes Cravinho.<\/p>\n\n\n\n<figure class=\"wp-block-gallery has-nested-images columns-default is-cropped wp-block-gallery-1 is-layout-flex wp-block-gallery-is-layout-flex\">\n<figure class=\"wp-block-image size-large\"><img decoding=\"async\" loading=\"lazy\" width=\"1920\" height=\"1280\" data-id=\"15267\" src=\"https:\/\/www.diasporaportuguesa.org\/wp-content\/uploads\/2023\/02\/Encontro-Anual-da-Diaspora-MNE-1920x1280.jpg\" alt=\"\" class=\"wp-image-15267\" srcset=\"https:\/\/www.diasporaportuguesa.org\/wp-content\/uploads\/2023\/02\/Encontro-Anual-da-Diaspora-MNE-1920x1280.jpg 1920w, https:\/\/www.diasporaportuguesa.org\/wp-content\/uploads\/2023\/02\/Encontro-Anual-da-Diaspora-MNE-1055x703.jpg 1055w, https:\/\/www.diasporaportuguesa.org\/wp-content\/uploads\/2023\/02\/Encontro-Anual-da-Diaspora-MNE-768x512.jpg 768w, https:\/\/www.diasporaportuguesa.org\/wp-content\/uploads\/2023\/02\/Encontro-Anual-da-Diaspora-MNE-1536x1024.jpg 1536w, https:\/\/www.diasporaportuguesa.org\/wp-content\/uploads\/2023\/02\/Encontro-Anual-da-Diaspora-MNE-760x507.jpg 760w, https:\/\/www.diasporaportuguesa.org\/wp-content\/uploads\/2023\/02\/Encontro-Anual-da-Diaspora-MNE-1460x973.jpg 1460w, https:\/\/www.diasporaportuguesa.org\/wp-content\/uploads\/2023\/02\/Encontro-Anual-da-Diaspora-MNE.jpg 2048w\" sizes=\"(max-width: 1920px) 100vw, 1920px\" \/><\/figure>\n\n\n\n<figure class=\"wp-block-image size-large\"><img decoding=\"async\" loading=\"lazy\" width=\"1920\" height=\"1280\" data-id=\"15279\" src=\"https:\/\/www.diasporaportuguesa.org\/wp-content\/uploads\/2022\/12\/Encontro-Anual-MEM-1920x1280.jpg\" alt=\"\" class=\"wp-image-15279\" srcset=\"https:\/\/www.diasporaportuguesa.org\/wp-content\/uploads\/2022\/12\/Encontro-Anual-MEM-1920x1280.jpg 1920w, https:\/\/www.diasporaportuguesa.org\/wp-content\/uploads\/2022\/12\/Encontro-Anual-MEM-1055x703.jpg 1055w, https:\/\/www.diasporaportuguesa.org\/wp-content\/uploads\/2022\/12\/Encontro-Anual-MEM-768x512.jpg 768w, https:\/\/www.diasporaportuguesa.org\/wp-content\/uploads\/2022\/12\/Encontro-Anual-MEM-1536x1024.jpg 1536w, https:\/\/www.diasporaportuguesa.org\/wp-content\/uploads\/2022\/12\/Encontro-Anual-MEM-760x507.jpg 760w, https:\/\/www.diasporaportuguesa.org\/wp-content\/uploads\/2022\/12\/Encontro-Anual-MEM-1460x973.jpg 1460w, https:\/\/www.diasporaportuguesa.org\/wp-content\/uploads\/2022\/12\/Encontro-Anual-MEM.jpg 2048w\" sizes=\"(max-width: 1920px) 100vw, 1920px\" \/><\/figure>\n\n\n\n<figure class=\"wp-block-image size-large\"><img decoding=\"async\" loading=\"lazy\" width=\"1920\" height=\"1280\" data-id=\"15263\" src=\"https:\/\/www.diasporaportuguesa.org\/wp-content\/uploads\/2023\/02\/Encontro-Anual-da-Diaspora-Durao-Barroso-1920x1280.jpg\" alt=\"\" class=\"wp-image-15263\" srcset=\"https:\/\/www.diasporaportuguesa.org\/wp-content\/uploads\/2023\/02\/Encontro-Anual-da-Diaspora-Durao-Barroso-1920x1280.jpg 1920w, https:\/\/www.diasporaportuguesa.org\/wp-content\/uploads\/2023\/02\/Encontro-Anual-da-Diaspora-Durao-Barroso-1055x703.jpg 1055w, https:\/\/www.diasporaportuguesa.org\/wp-content\/uploads\/2023\/02\/Encontro-Anual-da-Diaspora-Durao-Barroso-768x512.jpg 768w, https:\/\/www.diasporaportuguesa.org\/wp-content\/uploads\/2023\/02\/Encontro-Anual-da-Diaspora-Durao-Barroso-1536x1024.jpg 1536w, https:\/\/www.diasporaportuguesa.org\/wp-content\/uploads\/2023\/02\/Encontro-Anual-da-Diaspora-Durao-Barroso-760x507.jpg 760w, https:\/\/www.diasporaportuguesa.org\/wp-content\/uploads\/2023\/02\/Encontro-Anual-da-Diaspora-Durao-Barroso-1460x973.jpg 1460w, https:\/\/www.diasporaportuguesa.org\/wp-content\/uploads\/2023\/02\/Encontro-Anual-da-Diaspora-Durao-Barroso.jpg 2048w\" sizes=\"(max-width: 1920px) 100vw, 1920px\" \/><\/figure>\n<\/figure>\n\n\n\n<figure class=\"wp-block-gallery has-nested-images columns-default is-cropped wp-block-gallery-3 is-layout-flex wp-block-gallery-is-layout-flex\">\n<figure class=\"wp-block-image size-large\"><img decoding=\"async\" loading=\"lazy\" width=\"1920\" height=\"1280\" data-id=\"15266\" src=\"https:\/\/www.diasporaportuguesa.org\/wp-content\/uploads\/2023\/02\/Encontro-Anual-da-Diaspora-Mario-Centeno-1920x1280.jpg\" alt=\"\" class=\"wp-image-15266\" srcset=\"https:\/\/www.diasporaportuguesa.org\/wp-content\/uploads\/2023\/02\/Encontro-Anual-da-Diaspora-Mario-Centeno-1920x1280.jpg 1920w, https:\/\/www.diasporaportuguesa.org\/wp-content\/uploads\/2023\/02\/Encontro-Anual-da-Diaspora-Mario-Centeno-1055x703.jpg 1055w, https:\/\/www.diasporaportuguesa.org\/wp-content\/uploads\/2023\/02\/Encontro-Anual-da-Diaspora-Mario-Centeno-768x512.jpg 768w, https:\/\/www.diasporaportuguesa.org\/wp-content\/uploads\/2023\/02\/Encontro-Anual-da-Diaspora-Mario-Centeno-1536x1024.jpg 1536w, https:\/\/www.diasporaportuguesa.org\/wp-content\/uploads\/2023\/02\/Encontro-Anual-da-Diaspora-Mario-Centeno-760x507.jpg 760w, https:\/\/www.diasporaportuguesa.org\/wp-content\/uploads\/2023\/02\/Encontro-Anual-da-Diaspora-Mario-Centeno-1460x973.jpg 1460w, https:\/\/www.diasporaportuguesa.org\/wp-content\/uploads\/2023\/02\/Encontro-Anual-da-Diaspora-Mario-Centeno.jpg 2048w\" sizes=\"(max-width: 1920px) 100vw, 1920px\" \/><\/figure>\n\n\n\n<figure class=\"wp-block-image size-large\"><img decoding=\"async\" loading=\"lazy\" width=\"1920\" height=\"1280\" data-id=\"15261\" src=\"https:\/\/www.diasporaportuguesa.org\/wp-content\/uploads\/2023\/02\/Encontro-Anual-da-Diaspora-Carlos-Carreiras-1920x1280.jpg\" alt=\"\" class=\"wp-image-15261\" srcset=\"https:\/\/www.diasporaportuguesa.org\/wp-content\/uploads\/2023\/02\/Encontro-Anual-da-Diaspora-Carlos-Carreiras-1920x1280.jpg 1920w, https:\/\/www.diasporaportuguesa.org\/wp-content\/uploads\/2023\/02\/Encontro-Anual-da-Diaspora-Carlos-Carreiras-1055x703.jpg 1055w, https:\/\/www.diasporaportuguesa.org\/wp-content\/uploads\/2023\/02\/Encontro-Anual-da-Diaspora-Carlos-Carreiras-768x512.jpg 768w, https:\/\/www.diasporaportuguesa.org\/wp-content\/uploads\/2023\/02\/Encontro-Anual-da-Diaspora-Carlos-Carreiras-1536x1024.jpg 1536w, https:\/\/www.diasporaportuguesa.org\/wp-content\/uploads\/2023\/02\/Encontro-Anual-da-Diaspora-Carlos-Carreiras-760x507.jpg 760w, https:\/\/www.diasporaportuguesa.org\/wp-content\/uploads\/2023\/02\/Encontro-Anual-da-Diaspora-Carlos-Carreiras-1460x973.jpg 1460w, https:\/\/www.diasporaportuguesa.org\/wp-content\/uploads\/2023\/02\/Encontro-Anual-da-Diaspora-Carlos-Carreiras.jpg 2048w\" sizes=\"(max-width: 1920px) 100vw, 1920px\" \/><\/figure>\n\n\n\n<figure class=\"wp-block-image size-large\"><img decoding=\"async\" loading=\"lazy\" width=\"1920\" height=\"1280\" data-id=\"15281\" src=\"https:\/\/www.diasporaportuguesa.org\/wp-content\/uploads\/2022\/12\/Encontro-Anual-ACS-1920x1280.jpg\" alt=\"\" class=\"wp-image-15281\" srcset=\"https:\/\/www.diasporaportuguesa.org\/wp-content\/uploads\/2022\/12\/Encontro-Anual-ACS-1920x1280.jpg 1920w, https:\/\/www.diasporaportuguesa.org\/wp-content\/uploads\/2022\/12\/Encontro-Anual-ACS-1055x703.jpg 1055w, https:\/\/www.diasporaportuguesa.org\/wp-content\/uploads\/2022\/12\/Encontro-Anual-ACS-768x512.jpg 768w, https:\/\/www.diasporaportuguesa.org\/wp-content\/uploads\/2022\/12\/Encontro-Anual-ACS-1536x1024.jpg 1536w, https:\/\/www.diasporaportuguesa.org\/wp-content\/uploads\/2022\/12\/Encontro-Anual-ACS-760x507.jpg 760w, https:\/\/www.diasporaportuguesa.org\/wp-content\/uploads\/2022\/12\/Encontro-Anual-ACS-1460x973.jpg 1460w, https:\/\/www.diasporaportuguesa.org\/wp-content\/uploads\/2022\/12\/Encontro-Anual-ACS.jpg 2048w\" sizes=\"(max-width: 1920px) 100vw, 1920px\" \/><\/figure>\n<\/figure>\n\n\n\n<p>Considering the theme \u201cPortugal \u2013 Challenges for the Future\u201d, the Chairman of the Board of the General Assembly of the Council, Jos\u00e9 Manuel Dur\u00e3o Barroso addressed \u201cThe Role of Portugal on the New Global Geostrategic Map\u201d. M\u00e1rio Centeno, Governor of the Bank of Portugal, participated in the event by discussing the theme \u201cThe Future of the Economy and Employment in Portugal\u201d.<\/p>\n\n\n<div class=\"wp-block-image\">\n<figure class=\"alignright size-large is-resized\"><img decoding=\"async\" loading=\"lazy\" src=\"https:\/\/www.diasporaportuguesa.org\/wp-content\/uploads\/2023\/02\/Encontro-Anual-2022-_-Diaspora-Portuguesa-_-Educacao-Ciencia-e-Saude-1920x1280.jpg\" alt=\"\" class=\"wp-image-14972\" width=\"208\" height=\"138\" srcset=\"https:\/\/www.diasporaportuguesa.org\/wp-content\/uploads\/2023\/02\/Encontro-Anual-2022-_-Diaspora-Portuguesa-_-Educacao-Ciencia-e-Saude-1920x1280.jpg 1920w, https:\/\/www.diasporaportuguesa.org\/wp-content\/uploads\/2023\/02\/Encontro-Anual-2022-_-Diaspora-Portuguesa-_-Educacao-Ciencia-e-Saude-1055x703.jpg 1055w, https:\/\/www.diasporaportuguesa.org\/wp-content\/uploads\/2023\/02\/Encontro-Anual-2022-_-Diaspora-Portuguesa-_-Educacao-Ciencia-e-Saude-768x512.jpg 768w, https:\/\/www.diasporaportuguesa.org\/wp-content\/uploads\/2023\/02\/Encontro-Anual-2022-_-Diaspora-Portuguesa-_-Educacao-Ciencia-e-Saude-1536x1024.jpg 1536w, https:\/\/www.diasporaportuguesa.org\/wp-content\/uploads\/2023\/02\/Encontro-Anual-2022-_-Diaspora-Portuguesa-_-Educacao-Ciencia-e-Saude-760x507.jpg 760w, https:\/\/www.diasporaportuguesa.org\/wp-content\/uploads\/2023\/02\/Encontro-Anual-2022-_-Diaspora-Portuguesa-_-Educacao-Ciencia-e-Saude-1460x973.jpg 1460w, https:\/\/www.diasporaportuguesa.org\/wp-content\/uploads\/2023\/02\/Encontro-Anual-2022-_-Diaspora-Portuguesa-_-Educacao-Ciencia-e-Saude.jpg 2048w\" sizes=\"(max-width: 208px) 100vw, 208px\" \/><figcaption class=\"wp-element-caption\">Panel 1: Education, Science and Health<\/figcaption><\/figure><\/div>\n\n\n<p>The first panel of the day was dedicated to the discussion of \u201cEducation, Science and Health\u201d, with distinguished speakers from Portuguese academia, such as Ant\u00f3nio Cunha, President of CCDR Norte; Daniel Tra\u00e7a, Dean of Nova School of Business &amp; Economics; and, Isabel Capeloa Gil, Rector of the Catholic University of Portugal and member of the Portuguese Diaspora Advisory Board.<\/p>\n\n\n<div class=\"wp-block-image\">\n<figure class=\"alignleft size-large is-resized\"><img decoding=\"async\" loading=\"lazy\" src=\"https:\/\/www.diasporaportuguesa.org\/wp-content\/uploads\/2023\/02\/Diaspora-Portuguesa-_-Encontro-Anual-2022-_-Inovacao-1920x1280.jpg\" alt=\"\" class=\"wp-image-14976\" width=\"293\" height=\"195\" srcset=\"https:\/\/www.diasporaportuguesa.org\/wp-content\/uploads\/2023\/02\/Diaspora-Portuguesa-_-Encontro-Anual-2022-_-Inovacao-1920x1280.jpg 1920w, https:\/\/www.diasporaportuguesa.org\/wp-content\/uploads\/2023\/02\/Diaspora-Portuguesa-_-Encontro-Anual-2022-_-Inovacao-1055x703.jpg 1055w, https:\/\/www.diasporaportuguesa.org\/wp-content\/uploads\/2023\/02\/Diaspora-Portuguesa-_-Encontro-Anual-2022-_-Inovacao-768x512.jpg 768w, https:\/\/www.diasporaportuguesa.org\/wp-content\/uploads\/2023\/02\/Diaspora-Portuguesa-_-Encontro-Anual-2022-_-Inovacao-1536x1024.jpg 1536w, https:\/\/www.diasporaportuguesa.org\/wp-content\/uploads\/2023\/02\/Diaspora-Portuguesa-_-Encontro-Anual-2022-_-Inovacao-760x507.jpg 760w, https:\/\/www.diasporaportuguesa.org\/wp-content\/uploads\/2023\/02\/Diaspora-Portuguesa-_-Encontro-Anual-2022-_-Inovacao-1460x973.jpg 1460w, https:\/\/www.diasporaportuguesa.org\/wp-content\/uploads\/2023\/02\/Diaspora-Portuguesa-_-Encontro-Anual-2022-_-Inovacao.jpg 2048w\" sizes=\"(max-width: 293px) 100vw, 293px\" \/><figcaption class=\"wp-element-caption\">Panel 2: Portugal and the Future of Innovation<\/figcaption><\/figure><\/div>\n\n\n<p>The second panel \u2013 \u201cPortugal and the Future of Innovation\u201d \u2013 was introduced by His Excellency, the Minister of the Economy and the Sea, Ant\u00f3nio Costa Silva, as a keynote speaker, and moderated by Pedro Reis, President of the Advisory Board of the of the Diaspora. The topic was discussed by prominent national and international personalities in the field of technological innovation, namely Carlos Oliveira, President of the Jos\u00e9 Neves Foundation; Daniela Braga, Founder and CEO of Defined.ai; and, Nuno Sebasti\u00e3o, CEO of Feddzai. Daniela Braga and Nuno Sebasti\u00e3o, both Councilors of the Portuguese Diaspora, lead two of the seven recognized Portuguese unicorns to date.<\/p>\n\n\n\n<p>A sess\u00e3o foi encerrada por Sua Exa., o Presidente da Rep\u00fablica Portuguesa e Presidente Honor\u00e1rio do Conselho da Di\u00e1spora Portuguesa, Professor Marcelo Rebelo de Sousa, que deu as boas-vindas a 50 novos Conselheiros da Di\u00e1spora Portuguesa.<\/p>\n\n\n\n<figure class=\"wp-block-gallery has-nested-images columns-default is-cropped wp-block-gallery-5 is-layout-flex wp-block-gallery-is-layout-flex\">\n<figure class=\"wp-block-image size-large\"><img decoding=\"async\" loading=\"lazy\" width=\"1365\" height=\"2048\" data-id=\"14982\" src=\"https:\/\/www.diasporaportuguesa.org\/wp-content\/uploads\/2023\/02\/Diaspora-Portuguesa-_-Encontro-Anual-2022-_-Presidente-da-Republica.jpg\" alt=\"\" class=\"wp-image-14982\" srcset=\"https:\/\/www.diasporaportuguesa.org\/wp-content\/uploads\/2023\/02\/Diaspora-Portuguesa-_-Encontro-Anual-2022-_-Presidente-da-Republica.jpg 1365w, https:\/\/www.diasporaportuguesa.org\/wp-content\/uploads\/2023\/02\/Diaspora-Portuguesa-_-Encontro-Anual-2022-_-Presidente-da-Republica-1055x1583.jpg 1055w, https:\/\/www.diasporaportuguesa.org\/wp-content\/uploads\/2023\/02\/Diaspora-Portuguesa-_-Encontro-Anual-2022-_-Presidente-da-Republica-768x1152.jpg 768w, https:\/\/www.diasporaportuguesa.org\/wp-content\/uploads\/2023\/02\/Diaspora-Portuguesa-_-Encontro-Anual-2022-_-Presidente-da-Republica-1024x1536.jpg 1024w, https:\/\/www.diasporaportuguesa.org\/wp-content\/uploads\/2023\/02\/Diaspora-Portuguesa-_-Encontro-Anual-2022-_-Presidente-da-Republica-760x1140.jpg 760w\" sizes=\"(max-width: 1365px) 100vw, 1365px\" \/><\/figure>\n\n\n\n<figure class=\"wp-block-image size-large\"><img decoding=\"async\" loading=\"lazy\" width=\"1920\" height=\"1280\" data-id=\"14986\" src=\"https:\/\/www.diasporaportuguesa.org\/wp-content\/uploads\/2023\/02\/Diaspora-Portuguesa-_-Encontro-Anual-2022-_-Novos-Consellheiros-1920x1280.jpg\" alt=\"\" class=\"wp-image-14986\"\/><\/figure>\n<\/figure>\n\n\n\n<figure class=\"wp-block-embed is-type-video is-provider-youtube wp-block-embed-youtube wp-embed-aspect-16-9 wp-has-aspect-ratio\"><div class=\"wp-block-embed__wrapper\">\n<iframe loading=\"lazy\" title=\"Encontro Anual do Conselho da Di\u00e1spora 2022 | Reuni\u00e3o Institucional\" width=\"900\" height=\"506\" src=\"https:\/\/www.youtube.com\/embed\/LCW0r66En5I?feature=oembed\" frameborder=\"0\" allow=\"accelerometer; autoplay; clipboard-write; encrypted-media; gyroscope; picture-in-picture; web-share\" allowfullscreen><\/iframe>\n<\/div><\/figure>\n\n\n\n<p><\/p>\n","protected":false},"excerpt":{"rendered":"The Annual Meeting of the Portuguese Diaspora held on the 20th and 21st December 2022, at Cidadela Palace, in Cascais, celebrated the 10th Anniversary of the Council.","protected":false},"author":2,"featured_media":14327,"comment_status":"closed","ping_status":"open","sticky":false,"template":"","format":"standard","meta":{"footnotes":""},"categories":[11],"tags":[310],"acf":[],"yoast_head":"<!-- This site is optimized with the Yoast SEO plugin v21.3 - https:\/\/yoast.com\/wordpress\/plugins\/seo\/ -->\n<title>Annual Meeting 2022 - Conselho da Di\u00e1spora Portuguesa<\/title>\n<meta name=\"description\" content=\"The Portuguese Diaspora&#039;s Annual Meeting 2022 was held on the 20th and 21st of december at Cidadela Palace, in Cascais.\" \/>\n<meta name=\"robots\" content=\"index, follow, max-snippet:-1, max-image-preview:large, max-video-preview:-1\" \/>\n<link rel=\"canonical\" href=\"https:\/\/www.diasporaportuguesa.org\/en\/events\/2022-annual-meeting\/\" \/>\n<meta property=\"og:locale\" content=\"en_US\" \/>\n<meta property=\"og:type\" content=\"article\" \/>\n<meta property=\"og:title\" content=\"Annual Meeting 2022 - Conselho da Di\u00e1spora Portuguesa\" \/>\n<meta property=\"og:description\" content=\"The Portuguese Diaspora&#039;s Annual Meeting 2022 was held on the 20th and 21st of december at Cidadela Palace, in Cascais.\" \/>\n<meta property=\"og:url\" content=\"https:\/\/www.diasporaportuguesa.org\/en\/events\/2022-annual-meeting\/\" \/>\n<meta property=\"og:site_name\" content=\"Conselho da Di\u00e1spora Portuguesa\" \/>\n<meta property=\"article:published_time\" content=\"2022-12-21T11:53:33+00:00\" \/>\n<meta property=\"article:modified_time\" content=\"2023-03-03T10:07:17+00:00\" \/>\n<meta property=\"og:image\" content=\"https:\/\/www.diasporaportuguesa.org\/wp-content\/uploads\/2023\/01\/cdp-encontro-anual-2022.jpg\" \/>\n\t<meta property=\"og:image:width\" content=\"2048\" \/>\n\t<meta property=\"og:image:height\" content=\"1365\" \/>\n\t<meta property=\"og:image:type\" content=\"image\/jpeg\" \/>\n<meta name=\"author\" content=\"Nelson Le\u00e3o\" \/>\n<meta name=\"twitter:card\" content=\"summary_large_image\" \/>\n<meta name=\"twitter:creator\" content=\"@CdDiaspora\" \/>\n<meta name=\"twitter:site\" content=\"@CdDiaspora\" \/>\n<meta name=\"twitter:label1\" content=\"Written by\" \/>\n\t<meta name=\"twitter:data1\" content=\"Nelson Le\u00e3o\" \/>\n\t<meta name=\"twitter:label2\" content=\"Est. reading time\" \/>\n\t<meta name=\"twitter:data2\" content=\"5 minutes\" \/>\n<script type=\"application\/ld+json\" class=\"yoast-schema-graph\">{\"@context\":\"https:\/\/schema.org\",\"@graph\":[{\"@type\":\"Article\",\"@id\":\"https:\/\/www.diasporaportuguesa.org\/en\/events\/2022-annual-meeting\/#article\",\"isPartOf\":{\"@id\":\"https:\/\/www.diasporaportuguesa.org\/en\/events\/2022-annual-meeting\/\"},\"author\":{\"name\":\"Nelson Le\u00e3o\",\"@id\":\"https:\/\/www.diasporaportuguesa.org\/#\/schema\/person\/dc02f3627d3a0025a0125f4a141dc0af\"},\"headline\":\"Annual Meeting 2022\",\"datePublished\":\"2022-12-21T11:53:33+00:00\",\"dateModified\":\"2023-03-03T10:07:17+00:00\",\"mainEntityOfPage\":{\"@id\":\"https:\/\/www.diasporaportuguesa.org\/en\/events\/2022-annual-meeting\/\"},\"wordCount\":512,\"publisher\":{\"@id\":\"https:\/\/www.diasporaportuguesa.org\/#organization\"},\"keywords\":[\"Encontro Anual 2022\"],\"articleSection\":[\"Events\"],\"inLanguage\":\"en-US\"},{\"@type\":\"WebPage\",\"@id\":\"https:\/\/www.diasporaportuguesa.org\/en\/events\/2022-annual-meeting\/\",\"url\":\"https:\/\/www.diasporaportuguesa.org\/en\/events\/2022-annual-meeting\/\",\"name\":\"Annual Meeting 2022 - Conselho da Di\u00e1spora Portuguesa\",\"isPartOf\":{\"@id\":\"https:\/\/www.diasporaportuguesa.org\/#website\"},\"datePublished\":\"2022-12-21T11:53:33+00:00\",\"dateModified\":\"2023-03-03T10:07:17+00:00\",\"description\":\"The Portuguese Diaspora's Annual Meeting 2022 was held on the 20th and 21st of december at Cidadela Palace, in Cascais.\",\"breadcrumb\":{\"@id\":\"https:\/\/www.diasporaportuguesa.org\/en\/events\/2022-annual-meeting\/#breadcrumb\"},\"inLanguage\":\"en-US\",\"potentialAction\":[{\"@type\":\"ReadAction\",\"target\":[\"https:\/\/www.diasporaportuguesa.org\/en\/events\/2022-annual-meeting\/\"]}]},{\"@type\":\"BreadcrumbList\",\"@id\":\"https:\/\/www.diasporaportuguesa.org\/en\/events\/2022-annual-meeting\/#breadcrumb\",\"itemListElement\":[{\"@type\":\"ListItem\",\"position\":1,\"name\":\"In\u00edcio\",\"item\":\"https:\/\/www.diasporaportuguesa.org\/en\/\"},{\"@type\":\"ListItem\",\"position\":2,\"name\":\"Events\",\"item\":\"https:\/\/www.diasporaportuguesa.org\/en\/events\/\"},{\"@type\":\"ListItem\",\"position\":3,\"name\":\"Annual Meeting 2022\"}]},{\"@type\":\"WebSite\",\"@id\":\"https:\/\/www.diasporaportuguesa.org\/#website\",\"url\":\"https:\/\/www.diasporaportuguesa.org\/\",\"name\":\"Conselho da Di\u00e1spora Portuguesa\",\"description\":\"Conselho da Di\u00e1spora Portuguesa\",\"publisher\":{\"@id\":\"https:\/\/www.diasporaportuguesa.org\/#organization\"},\"potentialAction\":[{\"@type\":\"SearchAction\",\"target\":{\"@type\":\"EntryPoint\",\"urlTemplate\":\"https:\/\/www.diasporaportuguesa.org\/?s={search_term_string}\"},\"query-input\":\"required name=search_term_string\"}],\"inLanguage\":\"en-US\"},{\"@type\":\"Organization\",\"@id\":\"https:\/\/www.diasporaportuguesa.org\/#organization\",\"name\":\"Conselho da Di\u00e1spora Portuguesa\",\"url\":\"https:\/\/www.diasporaportuguesa.org\/\",\"logo\":{\"@type\":\"ImageObject\",\"inLanguage\":\"en-US\",\"@id\":\"https:\/\/www.diasporaportuguesa.org\/#\/schema\/logo\/image\/\",\"url\":\"https:\/\/www.diasporaportuguesa.org\/wp-content\/uploads\/2022\/11\/conselho-diaspora-portuguesa.png\",\"contentUrl\":\"https:\/\/www.diasporaportuguesa.org\/wp-content\/uploads\/2022\/11\/conselho-diaspora-portuguesa.png\",\"width\":735,\"height\":216,\"caption\":\"Conselho da Di\u00e1spora Portuguesa\"},\"image\":{\"@id\":\"https:\/\/www.diasporaportuguesa.org\/#\/schema\/logo\/image\/\"},\"sameAs\":[\"https:\/\/twitter.com\/CdDiaspora\",\"https:\/\/www.linkedin.com\/company\/conselho-da-diaspora-portuguesa\/\",\"https:\/\/www.youtube.com\/channel\/UCEI8qERhtqzV1UgdITBo6rw\/videos\"]},{\"@type\":\"Person\",\"@id\":\"https:\/\/www.diasporaportuguesa.org\/#\/schema\/person\/dc02f3627d3a0025a0125f4a141dc0af\",\"name\":\"Nelson Le\u00e3o\",\"url\":\"https:\/\/www.diasporaportuguesa.org\/en\/author\/nelson-leaowaynext-com\/\"}]}<\/script>\n<!-- \/ Yoast SEO plugin. -->","yoast_head_json":{"title":"Annual Meeting 2022 - Conselho da Di\u00e1spora Portuguesa","description":"The Portuguese Diaspora's Annual Meeting 2022 was held on the 20th and 21st of december at Cidadela Palace, in Cascais.","robots":{"index":"index","follow":"follow","max-snippet":"max-snippet:-1","max-image-preview":"max-image-preview:large","max-video-preview":"max-video-preview:-1"},"canonical":"https:\/\/www.diasporaportuguesa.org\/en\/events\/2022-annual-meeting\/","og_locale":"en_US","og_type":"article","og_title":"Annual Meeting 2022 - Conselho da Di\u00e1spora Portuguesa","og_description":"The Portuguese Diaspora's Annual Meeting 2022 was held on the 20th and 21st of december at Cidadela Palace, in Cascais.","og_url":"https:\/\/www.diasporaportuguesa.org\/en\/events\/2022-annual-meeting\/","og_site_name":"Conselho da Di\u00e1spora Portuguesa","article_published_time":"2022-12-21T11:53:33+00:00","article_modified_time":"2023-03-03T10:07:17+00:00","og_image":[{"width":2048,"height":1365,"url":"https:\/\/www.diasporaportuguesa.org\/wp-content\/uploads\/2023\/01\/cdp-encontro-anual-2022.jpg","type":"image\/jpeg"}],"author":"Nelson Le\u00e3o","twitter_card":"summary_large_image","twitter_creator":"@CdDiaspora","twitter_site":"@CdDiaspora","twitter_misc":{"Written by":"Nelson Le\u00e3o","Est. reading time":"5 minutes"},"schema":{"@context":"https:\/\/schema.org","@graph":[{"@type":"Article","@id":"https:\/\/www.diasporaportuguesa.org\/en\/events\/2022-annual-meeting\/#article","isPartOf":{"@id":"https:\/\/www.diasporaportuguesa.org\/en\/events\/2022-annual-meeting\/"},"author":{"name":"Nelson Le\u00e3o","@id":"https:\/\/www.diasporaportuguesa.org\/#\/schema\/person\/dc02f3627d3a0025a0125f4a141dc0af"},"headline":"Annual Meeting 2022","datePublished":"2022-12-21T11:53:33+00:00","dateModified":"2023-03-03T10:07:17+00:00","mainEntityOfPage":{"@id":"https:\/\/www.diasporaportuguesa.org\/en\/events\/2022-annual-meeting\/"},"wordCount":512,"publisher":{"@id":"https:\/\/www.diasporaportuguesa.org\/#organization"},"keywords":["Encontro Anual 2022"],"articleSection":["Events"],"inLanguage":"en-US"},{"@type":"WebPage","@id":"https:\/\/www.diasporaportuguesa.org\/en\/events\/2022-annual-meeting\/","url":"https:\/\/www.diasporaportuguesa.org\/en\/events\/2022-annual-meeting\/","name":"Annual Meeting 2022 - Conselho da Di\u00e1spora Portuguesa","isPartOf":{"@id":"https:\/\/www.diasporaportuguesa.org\/#website"},"datePublished":"2022-12-21T11:53:33+00:00","dateModified":"2023-03-03T10:07:17+00:00","description":"The Portuguese Diaspora's Annual Meeting 2022 was held on the 20th and 21st of december at Cidadela Palace, in Cascais.","breadcrumb":{"@id":"https:\/\/www.diasporaportuguesa.org\/en\/events\/2022-annual-meeting\/#breadcrumb"},"inLanguage":"en-US","potentialAction":[{"@type":"ReadAction","target":["https:\/\/www.diasporaportuguesa.org\/en\/events\/2022-annual-meeting\/"]}]},{"@type":"BreadcrumbList","@id":"https:\/\/www.diasporaportuguesa.org\/en\/events\/2022-annual-meeting\/#breadcrumb","itemListElement":[{"@type":"ListItem","position":1,"name":"In\u00edcio","item":"https:\/\/www.diasporaportuguesa.org\/en\/"},{"@type":"ListItem","position":2,"name":"Events","item":"https:\/\/www.diasporaportuguesa.org\/en\/events\/"},{"@type":"ListItem","position":3,"name":"Annual Meeting 2022"}]},{"@type":"WebSite","@id":"https:\/\/www.diasporaportuguesa.org\/#website","url":"https:\/\/www.diasporaportuguesa.org\/","name":"Conselho da Di\u00e1spora Portuguesa","description":"Conselho da Di\u00e1spora Portuguesa","publisher":{"@id":"https:\/\/www.diasporaportuguesa.org\/#organization"},"potentialAction":[{"@type":"SearchAction","target":{"@type":"EntryPoint","urlTemplate":"https:\/\/www.diasporaportuguesa.org\/?s={search_term_string}"},"query-input":"required name=search_term_string"}],"inLanguage":"en-US"},{"@type":"Organization","@id":"https:\/\/www.diasporaportuguesa.org\/#organization","name":"Conselho da Di\u00e1spora Portuguesa","url":"https:\/\/www.diasporaportuguesa.org\/","logo":{"@type":"ImageObject","inLanguage":"en-US","@id":"https:\/\/www.diasporaportuguesa.org\/#\/schema\/logo\/image\/","url":"https:\/\/www.diasporaportuguesa.org\/wp-content\/uploads\/2022\/11\/conselho-diaspora-portuguesa.png","contentUrl":"https:\/\/www.diasporaportuguesa.org\/wp-content\/uploads\/2022\/11\/conselho-diaspora-portuguesa.png","width":735,"height":216,"caption":"Conselho da Di\u00e1spora Portuguesa"},"image":{"@id":"https:\/\/www.diasporaportuguesa.org\/#\/schema\/logo\/image\/"},"sameAs":["https:\/\/twitter.com\/CdDiaspora","https:\/\/www.linkedin.com\/company\/conselho-da-diaspora-portuguesa\/","https:\/\/www.youtube.com\/channel\/UCEI8qERhtqzV1UgdITBo6rw\/videos"]},{"@type":"Person","@id":"https:\/\/www.diasporaportuguesa.org\/#\/schema\/person\/dc02f3627d3a0025a0125f4a141dc0af","name":"Nelson Le\u00e3o","url":"https:\/\/www.diasporaportuguesa.org\/en\/author\/nelson-leaowaynext-com\/"}]}},"_links":{"self":[{"href":"https:\/\/www.diasporaportuguesa.org\/en\/wp-json\/wp\/v2\/posts\/14784"}],"collection":[{"href":"https:\/\/www.diasporaportuguesa.org\/en\/wp-json\/wp\/v2\/posts"}],"about":[{"href":"https:\/\/www.diasporaportuguesa.org\/en\/wp-json\/wp\/v2\/types\/post"}],"author":[{"embeddable":true,"href":"https:\/\/www.diasporaportuguesa.org\/en\/wp-json\/wp\/v2\/users\/2"}],"replies":[{"embeddable":true,"href":"https:\/\/www.diasporaportuguesa.org\/en\/wp-json\/wp\/v2\/comments?post=14784"}],"version-history":[{"count":11,"href":"https:\/\/www.diasporaportuguesa.org\/en\/wp-json\/wp\/v2\/posts\/14784\/revisions"}],"predecessor-version":[{"id":15870,"href":"https:\/\/www.diasporaportuguesa.org\/en\/wp-json\/wp\/v2\/posts\/14784\/revisions\/15870"}],"wp:featuredmedia":[{"embeddable":true,"href":"https:\/\/www.diasporaportuguesa.org\/en\/wp-json\/wp\/v2\/media\/14327"}],"wp:attachment":[{"href":"https:\/\/www.diasporaportuguesa.org\/en\/wp-json\/wp\/v2\/media?parent=14784"}],"wp:term":[{"taxonomy":"category","embeddable":true,"href":"https:\/\/www.diasporaportuguesa.org\/en\/wp-json\/wp\/v2\/categories?post=14784"},{"taxonomy":"post_tag","embeddable":true,"href":"https:\/\/www.diasporaportuguesa.org\/en\/wp-json\/wp\/v2\/tags?post=14784"}],"curies":[{"name":"wp","href":"https:\/\/api.w.org\/{rel}","templated":true}]}}