{"id":15389,"date":"2022-12-21T16:03:00","date_gmt":"2022-12-21T16:03:00","guid":{"rendered":"https:\/\/www.diasporaportuguesa.org\/news\/conselho-da-diaspora-portuguesa-assina-protocolo-de-colaboracao-com-a-portugal-ventures-para-fundo-de-investimento\/"},"modified":"2023-02-06T16:09:21","modified_gmt":"2023-02-06T16:09:21","slug":"portuguese-diaspora-council-signs-collaboration-protocol-with-portugal-venturas-for-investment-fund","status":"publish","type":"post","link":"https:\/\/www.diasporaportuguesa.org\/en\/news\/portuguese-diaspora-council-signs-collaboration-protocol-with-portugal-venturas-for-investment-fund\/","title":{"rendered":"Portuguese Diaspora Council signs Collaboration Protocol with Portugal Venturas for Investment Fund"},"content":{"rendered":"\n<p>On the 21st of December, within the scope of the 2022 Annual Meeting of the Diaspora, the collaboration protocol between the Council of the Diaspora and Portugal Ventures was signed for the creation of an Investment Fund of up to 50 million euros.<\/p>\n\n\n\n<!--more-->\n\n\n\n<p>Portugal Ventures has developed an Investment Fund of up to 50 million euros, which it manages with the aim of boosting investment in the innovation and entrepreneurship ecosystem in Portugal. Through the collaboration agreement signed on December 21, at the Annual Meeting of the Portuguese Diaspora, the Council of the Diaspora proposes to facilitate the access of the international network of the Diaspora to this fund.<\/p>\n\n\n\n<p>The project has the institutional support of the Presidency of the Republic, the Ministry of Foreign Affairs and the Ministry of Economy and the Sea, and will focus on four specific areas of activity: digital transformation, technologies for industry; health and tourism.<\/p>\n","protected":false},"excerpt":{"rendered":"On the 21st of December, within the scope of the 2022 Annual Meeting of the Diaspora, the collaboration protocol between the Council of the Diaspora and Portugal Ventures was signed for the creation of an Investment Fund of up to 50 million euros.","protected":false},"author":6,"featured_media":13909,"comment_status":"closed","ping_status":"open","sticky":false,"template":"","format":"standard","meta":{"footnotes":""},"categories":[12],"tags":[264,318,196],"acf":[],"yoast_head":"<!-- This site is optimized with the Yoast SEO plugin v21.3 - https:\/\/yoast.com\/wordpress\/plugins\/seo\/ -->\n<title>Portuguese Diaspora Council signs Collaboration Protocol with Portugal Venturas for Investment Fund - Conselho da Di\u00e1spora Portuguesa<\/title>\n<meta name=\"description\" content=\"Conselho da Di\u00e1spora Portuguesa assina Protocolo de Colabora\u00e7\u00e3o com a Portugal Venturas para Fundo de Investimento\" \/>\n<meta name=\"robots\" content=\"index, follow, max-snippet:-1, max-image-preview:large, max-video-preview:-1\" \/>\n<link rel=\"canonical\" href=\"https:\/\/www.diasporaportuguesa.org\/en\/news\/portuguese-diaspora-council-signs-collaboration-protocol-with-portugal-venturas-for-investment-fund\/\" \/>\n<meta property=\"og:locale\" content=\"en_US\" \/>\n<meta property=\"og:type\" content=\"article\" \/>\n<meta property=\"og:title\" content=\"Portuguese Diaspora Council signs Collaboration Protocol with Portugal Venturas for Investment Fund - Conselho da Di\u00e1spora Portuguesa\" \/>\n<meta property=\"og:description\" content=\"Conselho da Di\u00e1spora Portuguesa assina Protocolo de Colabora\u00e7\u00e3o com a Portugal Venturas para Fundo de Investimento\" \/>\n<meta property=\"og:url\" content=\"https:\/\/www.diasporaportuguesa.org\/en\/news\/portuguese-diaspora-council-signs-collaboration-protocol-with-portugal-venturas-for-investment-fund\/\" \/>\n<meta property=\"og:site_name\" content=\"Conselho da Di\u00e1spora Portuguesa\" \/>\n<meta property=\"article:published_time\" content=\"2022-12-21T16:03:00+00:00\" \/>\n<meta property=\"article:modified_time\" content=\"2023-02-06T16:09:21+00:00\" \/>\n<meta property=\"og:image\" content=\"https:\/\/www.diasporaportuguesa.org\/wp-content\/uploads\/2023\/01\/conselho-diaspora-encontro-anual-2022-5-50.jpg\" \/>\n\t<meta property=\"og:image:width\" content=\"1920\" \/>\n\t<meta property=\"og:image:height\" content=\"1080\" \/>\n\t<meta property=\"og:image:type\" content=\"image\/jpeg\" \/>\n<meta name=\"author\" content=\"Milene Lu\u00eds\" \/>\n<meta name=\"twitter:card\" content=\"summary_large_image\" \/>\n<meta name=\"twitter:creator\" content=\"@CdDiaspora\" \/>\n<meta name=\"twitter:site\" content=\"@CdDiaspora\" \/>\n<meta name=\"twitter:label1\" content=\"Written by\" \/>\n\t<meta name=\"twitter:data1\" content=\"Milene Lu\u00eds\" \/>\n\t<meta name=\"twitter:label2\" content=\"Est. reading time\" \/>\n\t<meta name=\"twitter:data2\" content=\"1 minute\" \/>\n<script type=\"application\/ld+json\" class=\"yoast-schema-graph\">{\"@context\":\"https:\/\/schema.org\",\"@graph\":[{\"@type\":\"Article\",\"@id\":\"https:\/\/www.diasporaportuguesa.org\/en\/news\/portuguese-diaspora-council-signs-collaboration-protocol-with-portugal-venturas-for-investment-fund\/#article\",\"isPartOf\":{\"@id\":\"https:\/\/www.diasporaportuguesa.org\/en\/news\/portuguese-diaspora-council-signs-collaboration-protocol-with-portugal-venturas-for-investment-fund\/\"},\"author\":{\"name\":\"Milene Lu\u00eds\",\"@id\":\"https:\/\/www.diasporaportuguesa.org\/#\/schema\/person\/74a10e192ff79e354ab7ae9b845bc19f\"},\"headline\":\"Portuguese Diaspora Council signs Collaboration Protocol with Portugal Venturas for Investment Fund\",\"datePublished\":\"2022-12-21T16:03:00+00:00\",\"dateModified\":\"2023-02-06T16:09:21+00:00\",\"mainEntityOfPage\":{\"@id\":\"https:\/\/www.diasporaportuguesa.org\/en\/news\/portuguese-diaspora-council-signs-collaboration-protocol-with-portugal-venturas-for-investment-fund\/\"},\"wordCount\":159,\"publisher\":{\"@id\":\"https:\/\/www.diasporaportuguesa.org\/#organization\"},\"keywords\":[\"Conselho da Di\u00e1spora Portuguesa\",\"Portugal Ventures\",\"Portuguese Diaspora Council\"],\"articleSection\":[\"News\"],\"inLanguage\":\"en-US\"},{\"@type\":\"WebPage\",\"@id\":\"https:\/\/www.diasporaportuguesa.org\/en\/news\/portuguese-diaspora-council-signs-collaboration-protocol-with-portugal-venturas-for-investment-fund\/\",\"url\":\"https:\/\/www.diasporaportuguesa.org\/en\/news\/portuguese-diaspora-council-signs-collaboration-protocol-with-portugal-venturas-for-investment-fund\/\",\"name\":\"Portuguese Diaspora Council signs Collaboration Protocol with Portugal Venturas for Investment Fund - Conselho da Di\u00e1spora Portuguesa\",\"isPartOf\":{\"@id\":\"https:\/\/www.diasporaportuguesa.org\/#website\"},\"datePublished\":\"2022-12-21T16:03:00+00:00\",\"dateModified\":\"2023-02-06T16:09:21+00:00\",\"description\":\"Conselho da Di\u00e1spora Portuguesa assina Protocolo de Colabora\u00e7\u00e3o com a Portugal Venturas para Fundo de Investimento\",\"breadcrumb\":{\"@id\":\"https:\/\/www.diasporaportuguesa.org\/en\/news\/portuguese-diaspora-council-signs-collaboration-protocol-with-portugal-venturas-for-investment-fund\/#breadcrumb\"},\"inLanguage\":\"en-US\",\"potentialAction\":[{\"@type\":\"ReadAction\",\"target\":[\"https:\/\/www.diasporaportuguesa.org\/en\/news\/portuguese-diaspora-council-signs-collaboration-protocol-with-portugal-venturas-for-investment-fund\/\"]}]},{\"@type\":\"BreadcrumbList\",\"@id\":\"https:\/\/www.diasporaportuguesa.org\/en\/news\/portuguese-diaspora-council-signs-collaboration-protocol-with-portugal-venturas-for-investment-fund\/#breadcrumb\",\"itemListElement\":[{\"@type\":\"ListItem\",\"position\":1,\"name\":\"In\u00edcio\",\"item\":\"https:\/\/www.diasporaportuguesa.org\/en\/\"},{\"@type\":\"ListItem\",\"position\":2,\"name\":\"News\",\"item\":\"https:\/\/www.diasporaportuguesa.org\/en\/news\/\"},{\"@type\":\"ListItem\",\"position\":3,\"name\":\"Portuguese Diaspora Council signs Collaboration Protocol with Portugal Venturas for Investment Fund\"}]},{\"@type\":\"WebSite\",\"@id\":\"https:\/\/www.diasporaportuguesa.org\/#website\",\"url\":\"https:\/\/www.diasporaportuguesa.org\/\",\"name\":\"Conselho da Di\u00e1spora Portuguesa\",\"description\":\"Conselho da Di\u00e1spora Portuguesa\",\"publisher\":{\"@id\":\"https:\/\/www.diasporaportuguesa.org\/#organization\"},\"potentialAction\":[{\"@type\":\"SearchAction\",\"target\":{\"@type\":\"EntryPoint\",\"urlTemplate\":\"https:\/\/www.diasporaportuguesa.org\/?s={search_term_string}\"},\"query-input\":\"required name=search_term_string\"}],\"inLanguage\":\"en-US\"},{\"@type\":\"Organization\",\"@id\":\"https:\/\/www.diasporaportuguesa.org\/#organization\",\"name\":\"Conselho da Di\u00e1spora Portuguesa\",\"url\":\"https:\/\/www.diasporaportuguesa.org\/\",\"logo\":{\"@type\":\"ImageObject\",\"inLanguage\":\"en-US\",\"@id\":\"https:\/\/www.diasporaportuguesa.org\/#\/schema\/logo\/image\/\",\"url\":\"https:\/\/www.diasporaportuguesa.org\/wp-content\/uploads\/2022\/11\/conselho-diaspora-portuguesa.png\",\"contentUrl\":\"https:\/\/www.diasporaportuguesa.org\/wp-content\/uploads\/2022\/11\/conselho-diaspora-portuguesa.png\",\"width\":735,\"height\":216,\"caption\":\"Conselho da Di\u00e1spora Portuguesa\"},\"image\":{\"@id\":\"https:\/\/www.diasporaportuguesa.org\/#\/schema\/logo\/image\/\"},\"sameAs\":[\"https:\/\/twitter.com\/CdDiaspora\",\"https:\/\/www.linkedin.com\/company\/conselho-da-diaspora-portuguesa\/\",\"https:\/\/www.youtube.com\/channel\/UCEI8qERhtqzV1UgdITBo6rw\/videos\"]},{\"@type\":\"Person\",\"@id\":\"https:\/\/www.diasporaportuguesa.org\/#\/schema\/person\/74a10e192ff79e354ab7ae9b845bc19f\",\"name\":\"Milene Lu\u00eds\",\"url\":\"https:\/\/www.diasporaportuguesa.org\/en\/author\/mpldiasporaportuguesa-org\/\"}]}<\/script>\n<!-- \/ Yoast SEO plugin. -->","yoast_head_json":{"title":"Portuguese Diaspora Council signs Collaboration Protocol with Portugal Venturas for Investment Fund - Conselho da Di\u00e1spora Portuguesa","description":"Conselho da Di\u00e1spora Portuguesa assina Protocolo de Colabora\u00e7\u00e3o com a Portugal Venturas para Fundo de Investimento","robots":{"index":"index","follow":"follow","max-snippet":"max-snippet:-1","max-image-preview":"max-image-preview:large","max-video-preview":"max-video-preview:-1"},"canonical":"https:\/\/www.diasporaportuguesa.org\/en\/news\/portuguese-diaspora-council-signs-collaboration-protocol-with-portugal-venturas-for-investment-fund\/","og_locale":"en_US","og_type":"article","og_title":"Portuguese Diaspora Council signs Collaboration Protocol with Portugal Venturas for Investment Fund - Conselho da Di\u00e1spora Portuguesa","og_description":"Conselho da Di\u00e1spora Portuguesa assina Protocolo de Colabora\u00e7\u00e3o com a Portugal Venturas para Fundo de Investimento","og_url":"https:\/\/www.diasporaportuguesa.org\/en\/news\/portuguese-diaspora-council-signs-collaboration-protocol-with-portugal-venturas-for-investment-fund\/","og_site_name":"Conselho da Di\u00e1spora Portuguesa","article_published_time":"2022-12-21T16:03:00+00:00","article_modified_time":"2023-02-06T16:09:21+00:00","og_image":[{"width":1920,"height":1080,"url":"https:\/\/www.diasporaportuguesa.org\/wp-content\/uploads\/2023\/01\/conselho-diaspora-encontro-anual-2022-5-50.jpg","type":"image\/jpeg"}],"author":"Milene Lu\u00eds","twitter_card":"summary_large_image","twitter_creator":"@CdDiaspora","twitter_site":"@CdDiaspora","twitter_misc":{"Written by":"Milene Lu\u00eds","Est. reading time":"1 minute"},"schema":{"@context":"https:\/\/schema.org","@graph":[{"@type":"Article","@id":"https:\/\/www.diasporaportuguesa.org\/en\/news\/portuguese-diaspora-council-signs-collaboration-protocol-with-portugal-venturas-for-investment-fund\/#article","isPartOf":{"@id":"https:\/\/www.diasporaportuguesa.org\/en\/news\/portuguese-diaspora-council-signs-collaboration-protocol-with-portugal-venturas-for-investment-fund\/"},"author":{"name":"Milene Lu\u00eds","@id":"https:\/\/www.diasporaportuguesa.org\/#\/schema\/person\/74a10e192ff79e354ab7ae9b845bc19f"},"headline":"Portuguese Diaspora Council signs Collaboration Protocol with Portugal Venturas for Investment Fund","datePublished":"2022-12-21T16:03:00+00:00","dateModified":"2023-02-06T16:09:21+00:00","mainEntityOfPage":{"@id":"https:\/\/www.diasporaportuguesa.org\/en\/news\/portuguese-diaspora-council-signs-collaboration-protocol-with-portugal-venturas-for-investment-fund\/"},"wordCount":159,"publisher":{"@id":"https:\/\/www.diasporaportuguesa.org\/#organization"},"keywords":["Conselho da Di\u00e1spora Portuguesa","Portugal Ventures","Portuguese Diaspora Council"],"articleSection":["News"],"inLanguage":"en-US"},{"@type":"WebPage","@id":"https:\/\/www.diasporaportuguesa.org\/en\/news\/portuguese-diaspora-council-signs-collaboration-protocol-with-portugal-venturas-for-investment-fund\/","url":"https:\/\/www.diasporaportuguesa.org\/en\/news\/portuguese-diaspora-council-signs-collaboration-protocol-with-portugal-venturas-for-investment-fund\/","name":"Portuguese Diaspora Council signs Collaboration Protocol with Portugal Venturas for Investment Fund - Conselho da Di\u00e1spora Portuguesa","isPartOf":{"@id":"https:\/\/www.diasporaportuguesa.org\/#website"},"datePublished":"2022-12-21T16:03:00+00:00","dateModified":"2023-02-06T16:09:21+00:00","description":"Conselho da Di\u00e1spora Portuguesa assina Protocolo de Colabora\u00e7\u00e3o com a Portugal Venturas para Fundo de Investimento","breadcrumb":{"@id":"https:\/\/www.diasporaportuguesa.org\/en\/news\/portuguese-diaspora-council-signs-collaboration-protocol-with-portugal-venturas-for-investment-fund\/#breadcrumb"},"inLanguage":"en-US","potentialAction":[{"@type":"ReadAction","target":["https:\/\/www.diasporaportuguesa.org\/en\/news\/portuguese-diaspora-council-signs-collaboration-protocol-with-portugal-venturas-for-investment-fund\/"]}]},{"@type":"BreadcrumbList","@id":"https:\/\/www.diasporaportuguesa.org\/en\/news\/portuguese-diaspora-council-signs-collaboration-protocol-with-portugal-venturas-for-investment-fund\/#breadcrumb","itemListElement":[{"@type":"ListItem","position":1,"name":"In\u00edcio","item":"https:\/\/www.diasporaportuguesa.org\/en\/"},{"@type":"ListItem","position":2,"name":"News","item":"https:\/\/www.diasporaportuguesa.org\/en\/news\/"},{"@type":"ListItem","position":3,"name":"Portuguese Diaspora Council signs Collaboration Protocol with Portugal Venturas for Investment Fund"}]},{"@type":"WebSite","@id":"https:\/\/www.diasporaportuguesa.org\/#website","url":"https:\/\/www.diasporaportuguesa.org\/","name":"Conselho da Di\u00e1spora Portuguesa","description":"Conselho da Di\u00e1spora Portuguesa","publisher":{"@id":"https:\/\/www.diasporaportuguesa.org\/#organization"},"potentialAction":[{"@type":"SearchAction","target":{"@type":"EntryPoint","urlTemplate":"https:\/\/www.diasporaportuguesa.org\/?s={search_term_string}"},"query-input":"required name=search_term_string"}],"inLanguage":"en-US"},{"@type":"Organization","@id":"https:\/\/www.diasporaportuguesa.org\/#organization","name":"Conselho da Di\u00e1spora Portuguesa","url":"https:\/\/www.diasporaportuguesa.org\/","logo":{"@type":"ImageObject","inLanguage":"en-US","@id":"https:\/\/www.diasporaportuguesa.org\/#\/schema\/logo\/image\/","url":"https:\/\/www.diasporaportuguesa.org\/wp-content\/uploads\/2022\/11\/conselho-diaspora-portuguesa.png","contentUrl":"https:\/\/www.diasporaportuguesa.org\/wp-content\/uploads\/2022\/11\/conselho-diaspora-portuguesa.png","width":735,"height":216,"caption":"Conselho da Di\u00e1spora Portuguesa"},"image":{"@id":"https:\/\/www.diasporaportuguesa.org\/#\/schema\/logo\/image\/"},"sameAs":["https:\/\/twitter.com\/CdDiaspora","https:\/\/www.linkedin.com\/company\/conselho-da-diaspora-portuguesa\/","https:\/\/www.youtube.com\/channel\/UCEI8qERhtqzV1UgdITBo6rw\/videos"]},{"@type":"Person","@id":"https:\/\/www.diasporaportuguesa.org\/#\/schema\/person\/74a10e192ff79e354ab7ae9b845bc19f","name":"Milene Lu\u00eds","url":"https:\/\/www.diasporaportuguesa.org\/en\/author\/mpldiasporaportuguesa-org\/"}]}},"_links":{"self":[{"href":"https:\/\/www.diasporaportuguesa.org\/en\/wp-json\/wp\/v2\/posts\/15389"}],"collection":[{"href":"https:\/\/www.diasporaportuguesa.org\/en\/wp-json\/wp\/v2\/posts"}],"about":[{"href":"https:\/\/www.diasporaportuguesa.org\/en\/wp-json\/wp\/v2\/types\/post"}],"author":[{"embeddable":true,"href":"https:\/\/www.diasporaportuguesa.org\/en\/wp-json\/wp\/v2\/users\/6"}],"replies":[{"embeddable":true,"href":"https:\/\/www.diasporaportuguesa.org\/en\/wp-json\/wp\/v2\/comments?post=15389"}],"version-history":[{"count":1,"href":"https:\/\/www.diasporaportuguesa.org\/en\/wp-json\/wp\/v2\/posts\/15389\/revisions"}],"predecessor-version":[{"id":15391,"href":"https:\/\/www.diasporaportuguesa.org\/en\/wp-json\/wp\/v2\/posts\/15389\/revisions\/15391"}],"wp:featuredmedia":[{"embeddable":true,"href":"https:\/\/www.diasporaportuguesa.org\/en\/wp-json\/wp\/v2\/media\/13909"}],"wp:attachment":[{"href":"https:\/\/www.diasporaportuguesa.org\/en\/wp-json\/wp\/v2\/media?parent=15389"}],"wp:term":[{"taxonomy":"category","embeddable":true,"href":"https:\/\/www.diasporaportuguesa.org\/en\/wp-json\/wp\/v2\/categories?post=15389"},{"taxonomy":"post_tag","embeddable":true,"href":"https:\/\/www.diasporaportuguesa.org\/en\/wp-json\/wp\/v2\/tags?post=15389"}],"curies":[{"name":"wp","href":"https:\/\/api.w.org\/{rel}","templated":true}]}}