{"id":15931,"date":"2023-04-28T18:52:50","date_gmt":"2023-04-28T18:52:50","guid":{"rendered":"https:\/\/www.diasporaportuguesa.org\/news\/conselho-da-diaspora-portuguesa-recebido-em-belem\/"},"modified":"2023-04-30T19:10:25","modified_gmt":"2023-04-30T19:10:25","slug":"portuguese-diaspora-council-received-in-belem","status":"publish","type":"post","link":"https:\/\/www.diasporaportuguesa.org\/en\/news\/portuguese-diaspora-council-received-in-belem\/","title":{"rendered":"Portuguese Diaspora Council received in Bel\u00e9m"},"content":{"rendered":"\n<!--more-->\n\n\n\n<p>On the day that the Portuguese Diaspora Council (CDP) met in General Assembly, the President of the Republic received, in the Palace of Bel\u00e9m, the President of the General Assembly of the CDP, Jos\u00e9 Manuel Dur\u00e3o Barroso, the Chairman of the Board, Ant\u00f3nio Cal\u00e7ada de S\u00e1 , and members of the Board of Directors and Conselors from Portugal in the World.<\/p>\n\n\n\n<p>Check <a href=\"https:\/\/www.presidencia.pt\/atualidade\/toda-a-atualidade\/2023\/04\/conselho-da-diaspora-portuguesa-recebido-em-belemp\/\">here <\/a>the original news. <\/p>\n\n\n\n<figure class=\"wp-block-gallery has-nested-images columns-default is-cropped wp-block-gallery-1 is-layout-flex wp-block-gallery-is-layout-flex\">\n<figure class=\"wp-block-image size-large\"><img decoding=\"async\" loading=\"lazy\" width=\"1920\" height=\"1280\" data-id=\"15923\" src=\"https:\/\/www.diasporaportuguesa.org\/wp-content\/uploads\/2023\/04\/Resumo_60-1920x1280.jpg\" alt=\"\" class=\"wp-image-15923\" srcset=\"https:\/\/www.diasporaportuguesa.org\/wp-content\/uploads\/2023\/04\/Resumo_60-1920x1280.jpg 1920w, https:\/\/www.diasporaportuguesa.org\/wp-content\/uploads\/2023\/04\/Resumo_60-1055x703.jpg 1055w, https:\/\/www.diasporaportuguesa.org\/wp-content\/uploads\/2023\/04\/Resumo_60-768x512.jpg 768w, https:\/\/www.diasporaportuguesa.org\/wp-content\/uploads\/2023\/04\/Resumo_60-1536x1024.jpg 1536w, https:\/\/www.diasporaportuguesa.org\/wp-content\/uploads\/2023\/04\/Resumo_60-2048x1365.jpg 2048w, https:\/\/www.diasporaportuguesa.org\/wp-content\/uploads\/2023\/04\/Resumo_60-760x507.jpg 760w, https:\/\/www.diasporaportuguesa.org\/wp-content\/uploads\/2023\/04\/Resumo_60-1460x973.jpg 1460w\" sizes=\"(max-width: 1920px) 100vw, 1920px\" \/><\/figure>\n\n\n\n<figure class=\"wp-block-image size-large\"><img decoding=\"async\" loading=\"lazy\" width=\"8050\" height=\"5367\" data-id=\"15925\" src=\"https:\/\/www.diasporaportuguesa.org\/wp-content\/uploads\/2023\/04\/Resumo_61.jpg\" alt=\"\" class=\"wp-image-15925\" srcset=\"https:\/\/www.diasporaportuguesa.org\/wp-content\/uploads\/2023\/04\/Resumo_61.jpg 8050w, https:\/\/www.diasporaportuguesa.org\/wp-content\/uploads\/2023\/04\/Resumo_61-1055x703.jpg 1055w, https:\/\/www.diasporaportuguesa.org\/wp-content\/uploads\/2023\/04\/Resumo_61-768x512.jpg 768w, https:\/\/www.diasporaportuguesa.org\/wp-content\/uploads\/2023\/04\/Resumo_61-1536x1024.jpg 1536w, https:\/\/www.diasporaportuguesa.org\/wp-content\/uploads\/2023\/04\/Resumo_61-760x507.jpg 760w, https:\/\/www.diasporaportuguesa.org\/wp-content\/uploads\/2023\/04\/Resumo_61-1460x973.jpg 1460w\" sizes=\"(max-width: 8050px) 100vw, 8050px\" \/><\/figure>\n\n\n\n<figure class=\"wp-block-image size-large\"><img decoding=\"async\" loading=\"lazy\" width=\"1920\" height=\"1280\" data-id=\"15926\" src=\"https:\/\/www.diasporaportuguesa.org\/wp-content\/uploads\/2023\/04\/Resumo_62-1920x1280.jpg\" alt=\"\" class=\"wp-image-15926\" srcset=\"https:\/\/www.diasporaportuguesa.org\/wp-content\/uploads\/2023\/04\/Resumo_62-1920x1280.jpg 1920w, https:\/\/www.diasporaportuguesa.org\/wp-content\/uploads\/2023\/04\/Resumo_62-1055x703.jpg 1055w, https:\/\/www.diasporaportuguesa.org\/wp-content\/uploads\/2023\/04\/Resumo_62-768x512.jpg 768w, https:\/\/www.diasporaportuguesa.org\/wp-content\/uploads\/2023\/04\/Resumo_62-1536x1024.jpg 1536w, https:\/\/www.diasporaportuguesa.org\/wp-content\/uploads\/2023\/04\/Resumo_62-2048x1365.jpg 2048w, https:\/\/www.diasporaportuguesa.org\/wp-content\/uploads\/2023\/04\/Resumo_62-760x507.jpg 760w, https:\/\/www.diasporaportuguesa.org\/wp-content\/uploads\/2023\/04\/Resumo_62-1460x973.jpg 1460w\" sizes=\"(max-width: 1920px) 100vw, 1920px\" \/><\/figure>\n<\/figure>\n","protected":false},"excerpt":{"rendered":"On the day that the Portuguese Diaspora Council (CDP) met in General Assembly, the President of the Republic received, in the Palace of Bel\u00e9m, the President of the General Assembly of the CDP, Jos\u00e9 Manuel Dur\u00e3o Barroso, the Chairman of the Board, Ant\u00f3nio Cal\u00e7ada de S\u00e1 , and members of the Board of Directors and...","protected":false},"author":6,"featured_media":15929,"comment_status":"closed","ping_status":"closed","sticky":false,"template":"","format":"standard","meta":{"footnotes":""},"categories":[12],"tags":[233],"acf":[],"yoast_head":"<!-- This site is optimized with the Yoast SEO plugin v21.3 - https:\/\/yoast.com\/wordpress\/plugins\/seo\/ -->\n<title>Portuguese Diaspora Council received in Bel\u00e9m - Conselho da Di\u00e1spora Portuguesa<\/title>\n<meta name=\"description\" content=\"On the day of its General Assembly, the Diaspora Council was received by H.E. the President of the Republic, in Bel\u00e9m\" \/>\n<meta name=\"robots\" content=\"index, follow, max-snippet:-1, max-image-preview:large, max-video-preview:-1\" \/>\n<link rel=\"canonical\" href=\"https:\/\/www.diasporaportuguesa.org\/en\/news\/portuguese-diaspora-council-received-in-belem\/\" \/>\n<meta property=\"og:locale\" content=\"en_US\" \/>\n<meta property=\"og:type\" content=\"article\" \/>\n<meta property=\"og:title\" content=\"Portuguese Diaspora Council received in Bel\u00e9m - Conselho da Di\u00e1spora Portuguesa\" \/>\n<meta property=\"og:description\" content=\"On the day of its General Assembly, the Diaspora Council was received by H.E. the President of the Republic, in Bel\u00e9m\" \/>\n<meta property=\"og:url\" content=\"https:\/\/www.diasporaportuguesa.org\/en\/news\/portuguese-diaspora-council-received-in-belem\/\" \/>\n<meta property=\"og:site_name\" content=\"Conselho da Di\u00e1spora Portuguesa\" \/>\n<meta property=\"article:published_time\" content=\"2023-04-28T18:52:50+00:00\" \/>\n<meta property=\"article:modified_time\" content=\"2023-04-30T19:10:25+00:00\" \/>\n<meta property=\"og:image\" content=\"https:\/\/www.diasporaportuguesa.org\/wp-content\/uploads\/2023\/04\/230428-prmrs-ro-0010-0946.jpg\" \/>\n\t<meta property=\"og:image:width\" content=\"1800\" \/>\n\t<meta property=\"og:image:height\" content=\"1200\" \/>\n\t<meta property=\"og:image:type\" content=\"image\/jpeg\" \/>\n<meta name=\"author\" content=\"Milene Lu\u00eds\" \/>\n<meta name=\"twitter:card\" content=\"summary_large_image\" \/>\n<meta name=\"twitter:creator\" content=\"@CdDiaspora\" \/>\n<meta name=\"twitter:site\" content=\"@CdDiaspora\" \/>\n<meta name=\"twitter:label1\" content=\"Written by\" \/>\n\t<meta name=\"twitter:data1\" content=\"Milene Lu\u00eds\" \/>\n\t<meta name=\"twitter:label2\" content=\"Est. reading time\" \/>\n\t<meta name=\"twitter:data2\" content=\"1 minute\" \/>\n<script type=\"application\/ld+json\" class=\"yoast-schema-graph\">{\"@context\":\"https:\/\/schema.org\",\"@graph\":[{\"@type\":\"Article\",\"@id\":\"https:\/\/www.diasporaportuguesa.org\/en\/news\/portuguese-diaspora-council-received-in-belem\/#article\",\"isPartOf\":{\"@id\":\"https:\/\/www.diasporaportuguesa.org\/en\/news\/portuguese-diaspora-council-received-in-belem\/\"},\"author\":{\"name\":\"Milene Lu\u00eds\",\"@id\":\"https:\/\/www.diasporaportuguesa.org\/#\/schema\/person\/74a10e192ff79e354ab7ae9b845bc19f\"},\"headline\":\"Portuguese Diaspora Council received in Bel\u00e9m\",\"datePublished\":\"2023-04-28T18:52:50+00:00\",\"dateModified\":\"2023-04-30T19:10:25+00:00\",\"mainEntityOfPage\":{\"@id\":\"https:\/\/www.diasporaportuguesa.org\/en\/news\/portuguese-diaspora-council-received-in-belem\/\"},\"wordCount\":76,\"publisher\":{\"@id\":\"https:\/\/www.diasporaportuguesa.org\/#organization\"},\"keywords\":[\"Portuguese Diaspora\"],\"articleSection\":[\"News\"],\"inLanguage\":\"en-US\"},{\"@type\":\"WebPage\",\"@id\":\"https:\/\/www.diasporaportuguesa.org\/en\/news\/portuguese-diaspora-council-received-in-belem\/\",\"url\":\"https:\/\/www.diasporaportuguesa.org\/en\/news\/portuguese-diaspora-council-received-in-belem\/\",\"name\":\"Portuguese Diaspora Council received in Bel\u00e9m - Conselho da Di\u00e1spora Portuguesa\",\"isPartOf\":{\"@id\":\"https:\/\/www.diasporaportuguesa.org\/#website\"},\"datePublished\":\"2023-04-28T18:52:50+00:00\",\"dateModified\":\"2023-04-30T19:10:25+00:00\",\"description\":\"On the day of its General Assembly, the Diaspora Council was received by H.E. the President of the Republic, in Bel\u00e9m\",\"breadcrumb\":{\"@id\":\"https:\/\/www.diasporaportuguesa.org\/en\/news\/portuguese-diaspora-council-received-in-belem\/#breadcrumb\"},\"inLanguage\":\"en-US\",\"potentialAction\":[{\"@type\":\"ReadAction\",\"target\":[\"https:\/\/www.diasporaportuguesa.org\/en\/news\/portuguese-diaspora-council-received-in-belem\/\"]}]},{\"@type\":\"BreadcrumbList\",\"@id\":\"https:\/\/www.diasporaportuguesa.org\/en\/news\/portuguese-diaspora-council-received-in-belem\/#breadcrumb\",\"itemListElement\":[{\"@type\":\"ListItem\",\"position\":1,\"name\":\"In\u00edcio\",\"item\":\"https:\/\/www.diasporaportuguesa.org\/en\/\"},{\"@type\":\"ListItem\",\"position\":2,\"name\":\"News\",\"item\":\"https:\/\/www.diasporaportuguesa.org\/en\/news\/\"},{\"@type\":\"ListItem\",\"position\":3,\"name\":\"Portuguese Diaspora Council received in Bel\u00e9m\"}]},{\"@type\":\"WebSite\",\"@id\":\"https:\/\/www.diasporaportuguesa.org\/#website\",\"url\":\"https:\/\/www.diasporaportuguesa.org\/\",\"name\":\"Conselho da Di\u00e1spora Portuguesa\",\"description\":\"Conselho da Di\u00e1spora Portuguesa\",\"publisher\":{\"@id\":\"https:\/\/www.diasporaportuguesa.org\/#organization\"},\"potentialAction\":[{\"@type\":\"SearchAction\",\"target\":{\"@type\":\"EntryPoint\",\"urlTemplate\":\"https:\/\/www.diasporaportuguesa.org\/?s={search_term_string}\"},\"query-input\":\"required name=search_term_string\"}],\"inLanguage\":\"en-US\"},{\"@type\":\"Organization\",\"@id\":\"https:\/\/www.diasporaportuguesa.org\/#organization\",\"name\":\"Conselho da Di\u00e1spora Portuguesa\",\"url\":\"https:\/\/www.diasporaportuguesa.org\/\",\"logo\":{\"@type\":\"ImageObject\",\"inLanguage\":\"en-US\",\"@id\":\"https:\/\/www.diasporaportuguesa.org\/#\/schema\/logo\/image\/\",\"url\":\"https:\/\/www.diasporaportuguesa.org\/wp-content\/uploads\/2022\/11\/conselho-diaspora-portuguesa.png\",\"contentUrl\":\"https:\/\/www.diasporaportuguesa.org\/wp-content\/uploads\/2022\/11\/conselho-diaspora-portuguesa.png\",\"width\":735,\"height\":216,\"caption\":\"Conselho da Di\u00e1spora Portuguesa\"},\"image\":{\"@id\":\"https:\/\/www.diasporaportuguesa.org\/#\/schema\/logo\/image\/\"},\"sameAs\":[\"https:\/\/twitter.com\/CdDiaspora\",\"https:\/\/www.linkedin.com\/company\/conselho-da-diaspora-portuguesa\/\",\"https:\/\/www.youtube.com\/channel\/UCEI8qERhtqzV1UgdITBo6rw\/videos\"]},{\"@type\":\"Person\",\"@id\":\"https:\/\/www.diasporaportuguesa.org\/#\/schema\/person\/74a10e192ff79e354ab7ae9b845bc19f\",\"name\":\"Milene Lu\u00eds\",\"url\":\"https:\/\/www.diasporaportuguesa.org\/en\/author\/mpldiasporaportuguesa-org\/\"}]}<\/script>\n<!-- \/ Yoast SEO plugin. -->","yoast_head_json":{"title":"Portuguese Diaspora Council received in Bel\u00e9m - Conselho da Di\u00e1spora Portuguesa","description":"On the day of its General Assembly, the Diaspora Council was received by H.E. the President of the Republic, in Bel\u00e9m","robots":{"index":"index","follow":"follow","max-snippet":"max-snippet:-1","max-image-preview":"max-image-preview:large","max-video-preview":"max-video-preview:-1"},"canonical":"https:\/\/www.diasporaportuguesa.org\/en\/news\/portuguese-diaspora-council-received-in-belem\/","og_locale":"en_US","og_type":"article","og_title":"Portuguese Diaspora Council received in Bel\u00e9m - Conselho da Di\u00e1spora Portuguesa","og_description":"On the day of its General Assembly, the Diaspora Council was received by H.E. the President of the Republic, in Bel\u00e9m","og_url":"https:\/\/www.diasporaportuguesa.org\/en\/news\/portuguese-diaspora-council-received-in-belem\/","og_site_name":"Conselho da Di\u00e1spora Portuguesa","article_published_time":"2023-04-28T18:52:50+00:00","article_modified_time":"2023-04-30T19:10:25+00:00","og_image":[{"width":1800,"height":1200,"url":"https:\/\/www.diasporaportuguesa.org\/wp-content\/uploads\/2023\/04\/230428-prmrs-ro-0010-0946.jpg","type":"image\/jpeg"}],"author":"Milene Lu\u00eds","twitter_card":"summary_large_image","twitter_creator":"@CdDiaspora","twitter_site":"@CdDiaspora","twitter_misc":{"Written by":"Milene Lu\u00eds","Est. reading time":"1 minute"},"schema":{"@context":"https:\/\/schema.org","@graph":[{"@type":"Article","@id":"https:\/\/www.diasporaportuguesa.org\/en\/news\/portuguese-diaspora-council-received-in-belem\/#article","isPartOf":{"@id":"https:\/\/www.diasporaportuguesa.org\/en\/news\/portuguese-diaspora-council-received-in-belem\/"},"author":{"name":"Milene Lu\u00eds","@id":"https:\/\/www.diasporaportuguesa.org\/#\/schema\/person\/74a10e192ff79e354ab7ae9b845bc19f"},"headline":"Portuguese Diaspora Council received in Bel\u00e9m","datePublished":"2023-04-28T18:52:50+00:00","dateModified":"2023-04-30T19:10:25+00:00","mainEntityOfPage":{"@id":"https:\/\/www.diasporaportuguesa.org\/en\/news\/portuguese-diaspora-council-received-in-belem\/"},"wordCount":76,"publisher":{"@id":"https:\/\/www.diasporaportuguesa.org\/#organization"},"keywords":["Portuguese Diaspora"],"articleSection":["News"],"inLanguage":"en-US"},{"@type":"WebPage","@id":"https:\/\/www.diasporaportuguesa.org\/en\/news\/portuguese-diaspora-council-received-in-belem\/","url":"https:\/\/www.diasporaportuguesa.org\/en\/news\/portuguese-diaspora-council-received-in-belem\/","name":"Portuguese Diaspora Council received in Bel\u00e9m - Conselho da Di\u00e1spora Portuguesa","isPartOf":{"@id":"https:\/\/www.diasporaportuguesa.org\/#website"},"datePublished":"2023-04-28T18:52:50+00:00","dateModified":"2023-04-30T19:10:25+00:00","description":"On the day of its General Assembly, the Diaspora Council was received by H.E. the President of the Republic, in Bel\u00e9m","breadcrumb":{"@id":"https:\/\/www.diasporaportuguesa.org\/en\/news\/portuguese-diaspora-council-received-in-belem\/#breadcrumb"},"inLanguage":"en-US","potentialAction":[{"@type":"ReadAction","target":["https:\/\/www.diasporaportuguesa.org\/en\/news\/portuguese-diaspora-council-received-in-belem\/"]}]},{"@type":"BreadcrumbList","@id":"https:\/\/www.diasporaportuguesa.org\/en\/news\/portuguese-diaspora-council-received-in-belem\/#breadcrumb","itemListElement":[{"@type":"ListItem","position":1,"name":"In\u00edcio","item":"https:\/\/www.diasporaportuguesa.org\/en\/"},{"@type":"ListItem","position":2,"name":"News","item":"https:\/\/www.diasporaportuguesa.org\/en\/news\/"},{"@type":"ListItem","position":3,"name":"Portuguese Diaspora Council received in Bel\u00e9m"}]},{"@type":"WebSite","@id":"https:\/\/www.diasporaportuguesa.org\/#website","url":"https:\/\/www.diasporaportuguesa.org\/","name":"Conselho da Di\u00e1spora Portuguesa","description":"Conselho da Di\u00e1spora Portuguesa","publisher":{"@id":"https:\/\/www.diasporaportuguesa.org\/#organization"},"potentialAction":[{"@type":"SearchAction","target":{"@type":"EntryPoint","urlTemplate":"https:\/\/www.diasporaportuguesa.org\/?s={search_term_string}"},"query-input":"required name=search_term_string"}],"inLanguage":"en-US"},{"@type":"Organization","@id":"https:\/\/www.diasporaportuguesa.org\/#organization","name":"Conselho da Di\u00e1spora Portuguesa","url":"https:\/\/www.diasporaportuguesa.org\/","logo":{"@type":"ImageObject","inLanguage":"en-US","@id":"https:\/\/www.diasporaportuguesa.org\/#\/schema\/logo\/image\/","url":"https:\/\/www.diasporaportuguesa.org\/wp-content\/uploads\/2022\/11\/conselho-diaspora-portuguesa.png","contentUrl":"https:\/\/www.diasporaportuguesa.org\/wp-content\/uploads\/2022\/11\/conselho-diaspora-portuguesa.png","width":735,"height":216,"caption":"Conselho da Di\u00e1spora Portuguesa"},"image":{"@id":"https:\/\/www.diasporaportuguesa.org\/#\/schema\/logo\/image\/"},"sameAs":["https:\/\/twitter.com\/CdDiaspora","https:\/\/www.linkedin.com\/company\/conselho-da-diaspora-portuguesa\/","https:\/\/www.youtube.com\/channel\/UCEI8qERhtqzV1UgdITBo6rw\/videos"]},{"@type":"Person","@id":"https:\/\/www.diasporaportuguesa.org\/#\/schema\/person\/74a10e192ff79e354ab7ae9b845bc19f","name":"Milene Lu\u00eds","url":"https:\/\/www.diasporaportuguesa.org\/en\/author\/mpldiasporaportuguesa-org\/"}]}},"_links":{"self":[{"href":"https:\/\/www.diasporaportuguesa.org\/en\/wp-json\/wp\/v2\/posts\/15931"}],"collection":[{"href":"https:\/\/www.diasporaportuguesa.org\/en\/wp-json\/wp\/v2\/posts"}],"about":[{"href":"https:\/\/www.diasporaportuguesa.org\/en\/wp-json\/wp\/v2\/types\/post"}],"author":[{"embeddable":true,"href":"https:\/\/www.diasporaportuguesa.org\/en\/wp-json\/wp\/v2\/users\/6"}],"replies":[{"embeddable":true,"href":"https:\/\/www.diasporaportuguesa.org\/en\/wp-json\/wp\/v2\/comments?post=15931"}],"version-history":[{"count":2,"href":"https:\/\/www.diasporaportuguesa.org\/en\/wp-json\/wp\/v2\/posts\/15931\/revisions"}],"predecessor-version":[{"id":15934,"href":"https:\/\/www.diasporaportuguesa.org\/en\/wp-json\/wp\/v2\/posts\/15931\/revisions\/15934"}],"wp:featuredmedia":[{"embeddable":true,"href":"https:\/\/www.diasporaportuguesa.org\/en\/wp-json\/wp\/v2\/media\/15929"}],"wp:attachment":[{"href":"https:\/\/www.diasporaportuguesa.org\/en\/wp-json\/wp\/v2\/media?parent=15931"}],"wp:term":[{"taxonomy":"category","embeddable":true,"href":"https:\/\/www.diasporaportuguesa.org\/en\/wp-json\/wp\/v2\/categories?post=15931"},{"taxonomy":"post_tag","embeddable":true,"href":"https:\/\/www.diasporaportuguesa.org\/en\/wp-json\/wp\/v2\/tags?post=15931"}],"curies":[{"name":"wp","href":"https:\/\/api.w.org\/{rel}","templated":true}]}}