{"id":16325,"date":"2023-06-12T17:36:54","date_gmt":"2023-06-12T17:36:54","guid":{"rendered":"https:\/\/www.diasporaportuguesa.org\/news\/conversa-da-diaspora-com-sua-exa-o-presidente-da-republica\/"},"modified":"2023-06-12T18:32:46","modified_gmt":"2023-06-12T18:32:46","slug":"conversation-of-the-diaspora-with-the-president-of-the-republic","status":"publish","type":"post","link":"https:\/\/www.diasporaportuguesa.org\/en\/news\/conversation-of-the-diaspora-with-the-president-of-the-republic\/","title":{"rendered":"Conversation of the Diaspora with H.E. the President of the Republic"},"content":{"rendered":"\n<p>Last Sunday, June 11th, H.E. the President of the Republic, Marcelo Rebelo de Sousa, met with the Portuguese Diaspora Council. <\/p>\n\n\n\n<!--more-->\n\n\n\n<p>As part of the celebrations of the Day of Portugal, Cam\u00f5es and the Portuguese Communities, the Councilors of Portugal in the World and members of the Advisory Board of the Portuguese Diaspora, spent two hours in conversation with H.E. the President of the Republic. During the session, there were 15 interventions by members of the World Portuguese Network, addressing a wide range of topics, including arts and culture, education and research, attracting and retaining talent, economics and business, health and energy, and also the role of the Diaspora in boosting Portugal&#8217;s image in the world and the appreciation of the Diaspora within the country&#8217;s political system.<\/p>\n\n\n\n<p><\/p>\n\n\n\n<p>The conversation was held virtually, with the presence of a hundred members of the Portuguese Diaspora Network, representing 4 continents and 27 countries.<\/p>\n\n\n\n<p>With H.E. the President of the Republic, at the Presidential Palace of Bel\u00e9m, was the Chairman of the Board of the Diaspora Council, Ant\u00f3nio Cal\u00e7ada de S\u00e1, who moderated the discussion throughout the session; Lu\u00eds Teles, member of the Board, and Ant\u00f3nio Brochado Correia, member of the Advisory Board. Online, in addition to the various Councilors , members of the Board and members of the Advisory Board, was also present the Hon. Chairman of the Board of the General Assembly of the Portuguese Diaspora Council, Jos\u00e9 Manuel Dur\u00e3o Barroso, who received a special mention from H.E. the President on his important contribution to the creation of the Portuguese Diaspora Council and the representation of Portugal in the world.<\/p>\n\n\n\n<p><\/p>\n\n\n\n<p>As the Chairman of the Board mentioned at the end of the session, this Conversation with the Diaspora was a true honor and testament to His Excellency&#8217;s enormous support of H.E. the President of the Republic towards our organization and to the great responsibility of the Council and its entire Network in responding to the vast expectations of our Hon. Head of state.<\/p>\n\n\n\n<figure class=\"wp-block-gallery has-nested-images columns-default is-cropped wp-block-gallery-1 is-layout-flex wp-block-gallery-is-layout-flex\">\n<figure class=\"wp-block-image size-large\"><img decoding=\"async\" loading=\"lazy\" width=\"1800\" height=\"1200\" data-id=\"16322\" src=\"https:\/\/www.diasporaportuguesa.org\/wp-content\/uploads\/2023\/06\/230611-prmrs-ro-0008.jpg\" alt=\"\" class=\"wp-image-16322\" srcset=\"https:\/\/www.diasporaportuguesa.org\/wp-content\/uploads\/2023\/06\/230611-prmrs-ro-0008.jpg 1800w, https:\/\/www.diasporaportuguesa.org\/wp-content\/uploads\/2023\/06\/230611-prmrs-ro-0008-1055x703.jpg 1055w, https:\/\/www.diasporaportuguesa.org\/wp-content\/uploads\/2023\/06\/230611-prmrs-ro-0008-768x512.jpg 768w, https:\/\/www.diasporaportuguesa.org\/wp-content\/uploads\/2023\/06\/230611-prmrs-ro-0008-1536x1024.jpg 1536w, https:\/\/www.diasporaportuguesa.org\/wp-content\/uploads\/2023\/06\/230611-prmrs-ro-0008-760x507.jpg 760w, https:\/\/www.diasporaportuguesa.org\/wp-content\/uploads\/2023\/06\/230611-prmrs-ro-0008-1460x973.jpg 1460w\" sizes=\"(max-width: 1800px) 100vw, 1800px\" \/><\/figure>\n\n\n\n<figure class=\"wp-block-image size-large\"><img decoding=\"async\" loading=\"lazy\" width=\"1800\" height=\"1200\" data-id=\"16320\" src=\"https:\/\/www.diasporaportuguesa.org\/wp-content\/uploads\/2023\/06\/230611-prmrs-ro-0003.jpg\" alt=\"\" class=\"wp-image-16320\" srcset=\"https:\/\/www.diasporaportuguesa.org\/wp-content\/uploads\/2023\/06\/230611-prmrs-ro-0003.jpg 1800w, https:\/\/www.diasporaportuguesa.org\/wp-content\/uploads\/2023\/06\/230611-prmrs-ro-0003-1055x703.jpg 1055w, https:\/\/www.diasporaportuguesa.org\/wp-content\/uploads\/2023\/06\/230611-prmrs-ro-0003-768x512.jpg 768w, https:\/\/www.diasporaportuguesa.org\/wp-content\/uploads\/2023\/06\/230611-prmrs-ro-0003-1536x1024.jpg 1536w, https:\/\/www.diasporaportuguesa.org\/wp-content\/uploads\/2023\/06\/230611-prmrs-ro-0003-760x507.jpg 760w, https:\/\/www.diasporaportuguesa.org\/wp-content\/uploads\/2023\/06\/230611-prmrs-ro-0003-1460x973.jpg 1460w\" sizes=\"(max-width: 1800px) 100vw, 1800px\" \/><\/figure>\n\n\n\n<figure class=\"wp-block-image size-large\"><img decoding=\"async\" loading=\"lazy\" width=\"1800\" height=\"1200\" data-id=\"16316\" src=\"https:\/\/www.diasporaportuguesa.org\/wp-content\/uploads\/2023\/06\/230611-prmrs-ro-0006.jpg\" alt=\"\" class=\"wp-image-16316\" srcset=\"https:\/\/www.diasporaportuguesa.org\/wp-content\/uploads\/2023\/06\/230611-prmrs-ro-0006.jpg 1800w, https:\/\/www.diasporaportuguesa.org\/wp-content\/uploads\/2023\/06\/230611-prmrs-ro-0006-1055x703.jpg 1055w, https:\/\/www.diasporaportuguesa.org\/wp-content\/uploads\/2023\/06\/230611-prmrs-ro-0006-768x512.jpg 768w, https:\/\/www.diasporaportuguesa.org\/wp-content\/uploads\/2023\/06\/230611-prmrs-ro-0006-1536x1024.jpg 1536w, https:\/\/www.diasporaportuguesa.org\/wp-content\/uploads\/2023\/06\/230611-prmrs-ro-0006-760x507.jpg 760w, https:\/\/www.diasporaportuguesa.org\/wp-content\/uploads\/2023\/06\/230611-prmrs-ro-0006-1460x973.jpg 1460w\" sizes=\"(max-width: 1800px) 100vw, 1800px\" \/><\/figure>\n<\/figure>\n","protected":false},"excerpt":{"rendered":"Last Sunday, June 11th, H.E. the President of the Republic, Marcelo Rebelo de Sousa, met with the Portuguese Diaspora Council.","protected":false},"author":6,"featured_media":16319,"comment_status":"closed","ping_status":"closed","sticky":false,"template":"","format":"standard","meta":{"footnotes":""},"categories":[11,12],"tags":[264,233],"acf":[],"yoast_head":"<!-- This site is optimized with the Yoast SEO plugin v21.3 - https:\/\/yoast.com\/wordpress\/plugins\/seo\/ -->\n<title>Conversation of the Diaspora with H.E. the President of the Republic - Conselho da Di\u00e1spora Portuguesa<\/title>\n<meta name=\"description\" content=\"Last Sunday, June 11th, H.E. the President of the Republic, Marcelo Rebelo de Sousa, met with the Portuguese Diaspora Council.\" \/>\n<meta name=\"robots\" content=\"index, follow, max-snippet:-1, max-image-preview:large, max-video-preview:-1\" \/>\n<link rel=\"canonical\" href=\"https:\/\/www.diasporaportuguesa.org\/en\/news\/conversation-of-the-diaspora-with-the-president-of-the-republic\/\" \/>\n<meta property=\"og:locale\" content=\"en_US\" \/>\n<meta property=\"og:type\" content=\"article\" \/>\n<meta property=\"og:title\" content=\"Conversation of the Diaspora with H.E. the President of the Republic - Conselho da Di\u00e1spora Portuguesa\" \/>\n<meta property=\"og:description\" content=\"Last Sunday, June 11th, H.E. the President of the Republic, Marcelo Rebelo de Sousa, met with the Portuguese Diaspora Council.\" \/>\n<meta property=\"og:url\" content=\"https:\/\/www.diasporaportuguesa.org\/en\/news\/conversation-of-the-diaspora-with-the-president-of-the-republic\/\" \/>\n<meta property=\"og:site_name\" content=\"Conselho da Di\u00e1spora Portuguesa\" \/>\n<meta property=\"article:published_time\" content=\"2023-06-12T17:36:54+00:00\" \/>\n<meta property=\"article:modified_time\" content=\"2023-06-12T18:32:46+00:00\" \/>\n<meta property=\"og:image\" content=\"https:\/\/www.diasporaportuguesa.org\/wp-content\/uploads\/2023\/06\/230611-prmrs-ro-0005.jpg\" \/>\n\t<meta property=\"og:image:width\" content=\"1800\" \/>\n\t<meta property=\"og:image:height\" content=\"1200\" \/>\n\t<meta property=\"og:image:type\" content=\"image\/jpeg\" \/>\n<meta name=\"author\" content=\"Milene Lu\u00eds\" \/>\n<meta name=\"twitter:card\" content=\"summary_large_image\" \/>\n<meta name=\"twitter:creator\" content=\"@CdDiaspora\" \/>\n<meta name=\"twitter:site\" content=\"@CdDiaspora\" \/>\n<meta name=\"twitter:label1\" content=\"Written by\" \/>\n\t<meta name=\"twitter:data1\" content=\"Milene Lu\u00eds\" \/>\n\t<meta name=\"twitter:label2\" content=\"Est. reading time\" \/>\n\t<meta name=\"twitter:data2\" content=\"3 minutes\" \/>\n<script type=\"application\/ld+json\" class=\"yoast-schema-graph\">{\"@context\":\"https:\/\/schema.org\",\"@graph\":[{\"@type\":\"Article\",\"@id\":\"https:\/\/www.diasporaportuguesa.org\/en\/news\/conversation-of-the-diaspora-with-the-president-of-the-republic\/#article\",\"isPartOf\":{\"@id\":\"https:\/\/www.diasporaportuguesa.org\/en\/news\/conversation-of-the-diaspora-with-the-president-of-the-republic\/\"},\"author\":{\"name\":\"Milene Lu\u00eds\",\"@id\":\"https:\/\/www.diasporaportuguesa.org\/#\/schema\/person\/74a10e192ff79e354ab7ae9b845bc19f\"},\"headline\":\"Conversation of the Diaspora with H.E. the President of the Republic\",\"datePublished\":\"2023-06-12T17:36:54+00:00\",\"dateModified\":\"2023-06-12T18:32:46+00:00\",\"mainEntityOfPage\":{\"@id\":\"https:\/\/www.diasporaportuguesa.org\/en\/news\/conversation-of-the-diaspora-with-the-president-of-the-republic\/\"},\"wordCount\":350,\"publisher\":{\"@id\":\"https:\/\/www.diasporaportuguesa.org\/#organization\"},\"keywords\":[\"Conselho da Di\u00e1spora Portuguesa\",\"Portuguese Diaspora\"],\"articleSection\":[\"Events\",\"News\"],\"inLanguage\":\"en-US\"},{\"@type\":\"WebPage\",\"@id\":\"https:\/\/www.diasporaportuguesa.org\/en\/news\/conversation-of-the-diaspora-with-the-president-of-the-republic\/\",\"url\":\"https:\/\/www.diasporaportuguesa.org\/en\/news\/conversation-of-the-diaspora-with-the-president-of-the-republic\/\",\"name\":\"Conversation of the Diaspora with H.E. the President of the Republic - Conselho da Di\u00e1spora Portuguesa\",\"isPartOf\":{\"@id\":\"https:\/\/www.diasporaportuguesa.org\/#website\"},\"datePublished\":\"2023-06-12T17:36:54+00:00\",\"dateModified\":\"2023-06-12T18:32:46+00:00\",\"description\":\"Last Sunday, June 11th, H.E. the President of the Republic, Marcelo Rebelo de Sousa, met with the Portuguese Diaspora Council.\",\"breadcrumb\":{\"@id\":\"https:\/\/www.diasporaportuguesa.org\/en\/news\/conversation-of-the-diaspora-with-the-president-of-the-republic\/#breadcrumb\"},\"inLanguage\":\"en-US\",\"potentialAction\":[{\"@type\":\"ReadAction\",\"target\":[\"https:\/\/www.diasporaportuguesa.org\/en\/news\/conversation-of-the-diaspora-with-the-president-of-the-republic\/\"]}]},{\"@type\":\"BreadcrumbList\",\"@id\":\"https:\/\/www.diasporaportuguesa.org\/en\/news\/conversation-of-the-diaspora-with-the-president-of-the-republic\/#breadcrumb\",\"itemListElement\":[{\"@type\":\"ListItem\",\"position\":1,\"name\":\"In\u00edcio\",\"item\":\"https:\/\/www.diasporaportuguesa.org\/en\/\"},{\"@type\":\"ListItem\",\"position\":2,\"name\":\"News\",\"item\":\"https:\/\/www.diasporaportuguesa.org\/en\/news\/\"},{\"@type\":\"ListItem\",\"position\":3,\"name\":\"Conversation of the Diaspora with H.E. the President of the Republic\"}]},{\"@type\":\"WebSite\",\"@id\":\"https:\/\/www.diasporaportuguesa.org\/#website\",\"url\":\"https:\/\/www.diasporaportuguesa.org\/\",\"name\":\"Conselho da Di\u00e1spora Portuguesa\",\"description\":\"Conselho da Di\u00e1spora Portuguesa\",\"publisher\":{\"@id\":\"https:\/\/www.diasporaportuguesa.org\/#organization\"},\"potentialAction\":[{\"@type\":\"SearchAction\",\"target\":{\"@type\":\"EntryPoint\",\"urlTemplate\":\"https:\/\/www.diasporaportuguesa.org\/?s={search_term_string}\"},\"query-input\":\"required name=search_term_string\"}],\"inLanguage\":\"en-US\"},{\"@type\":\"Organization\",\"@id\":\"https:\/\/www.diasporaportuguesa.org\/#organization\",\"name\":\"Conselho da Di\u00e1spora Portuguesa\",\"url\":\"https:\/\/www.diasporaportuguesa.org\/\",\"logo\":{\"@type\":\"ImageObject\",\"inLanguage\":\"en-US\",\"@id\":\"https:\/\/www.diasporaportuguesa.org\/#\/schema\/logo\/image\/\",\"url\":\"https:\/\/www.diasporaportuguesa.org\/wp-content\/uploads\/2022\/11\/conselho-diaspora-portuguesa.png\",\"contentUrl\":\"https:\/\/www.diasporaportuguesa.org\/wp-content\/uploads\/2022\/11\/conselho-diaspora-portuguesa.png\",\"width\":735,\"height\":216,\"caption\":\"Conselho da Di\u00e1spora Portuguesa\"},\"image\":{\"@id\":\"https:\/\/www.diasporaportuguesa.org\/#\/schema\/logo\/image\/\"},\"sameAs\":[\"https:\/\/twitter.com\/CdDiaspora\",\"https:\/\/www.linkedin.com\/company\/conselho-da-diaspora-portuguesa\/\",\"https:\/\/www.youtube.com\/channel\/UCEI8qERhtqzV1UgdITBo6rw\/videos\"]},{\"@type\":\"Person\",\"@id\":\"https:\/\/www.diasporaportuguesa.org\/#\/schema\/person\/74a10e192ff79e354ab7ae9b845bc19f\",\"name\":\"Milene Lu\u00eds\",\"url\":\"https:\/\/www.diasporaportuguesa.org\/en\/author\/mpldiasporaportuguesa-org\/\"}]}<\/script>\n<!-- \/ Yoast SEO plugin. -->","yoast_head_json":{"title":"Conversation of the Diaspora with H.E. the President of the Republic - Conselho da Di\u00e1spora Portuguesa","description":"Last Sunday, June 11th, H.E. the President of the Republic, Marcelo Rebelo de Sousa, met with the Portuguese Diaspora Council.","robots":{"index":"index","follow":"follow","max-snippet":"max-snippet:-1","max-image-preview":"max-image-preview:large","max-video-preview":"max-video-preview:-1"},"canonical":"https:\/\/www.diasporaportuguesa.org\/en\/news\/conversation-of-the-diaspora-with-the-president-of-the-republic\/","og_locale":"en_US","og_type":"article","og_title":"Conversation of the Diaspora with H.E. the President of the Republic - Conselho da Di\u00e1spora Portuguesa","og_description":"Last Sunday, June 11th, H.E. the President of the Republic, Marcelo Rebelo de Sousa, met with the Portuguese Diaspora Council.","og_url":"https:\/\/www.diasporaportuguesa.org\/en\/news\/conversation-of-the-diaspora-with-the-president-of-the-republic\/","og_site_name":"Conselho da Di\u00e1spora Portuguesa","article_published_time":"2023-06-12T17:36:54+00:00","article_modified_time":"2023-06-12T18:32:46+00:00","og_image":[{"width":1800,"height":1200,"url":"https:\/\/www.diasporaportuguesa.org\/wp-content\/uploads\/2023\/06\/230611-prmrs-ro-0005.jpg","type":"image\/jpeg"}],"author":"Milene Lu\u00eds","twitter_card":"summary_large_image","twitter_creator":"@CdDiaspora","twitter_site":"@CdDiaspora","twitter_misc":{"Written by":"Milene Lu\u00eds","Est. reading time":"3 minutes"},"schema":{"@context":"https:\/\/schema.org","@graph":[{"@type":"Article","@id":"https:\/\/www.diasporaportuguesa.org\/en\/news\/conversation-of-the-diaspora-with-the-president-of-the-republic\/#article","isPartOf":{"@id":"https:\/\/www.diasporaportuguesa.org\/en\/news\/conversation-of-the-diaspora-with-the-president-of-the-republic\/"},"author":{"name":"Milene Lu\u00eds","@id":"https:\/\/www.diasporaportuguesa.org\/#\/schema\/person\/74a10e192ff79e354ab7ae9b845bc19f"},"headline":"Conversation of the Diaspora with H.E. the President of the Republic","datePublished":"2023-06-12T17:36:54+00:00","dateModified":"2023-06-12T18:32:46+00:00","mainEntityOfPage":{"@id":"https:\/\/www.diasporaportuguesa.org\/en\/news\/conversation-of-the-diaspora-with-the-president-of-the-republic\/"},"wordCount":350,"publisher":{"@id":"https:\/\/www.diasporaportuguesa.org\/#organization"},"keywords":["Conselho da Di\u00e1spora Portuguesa","Portuguese Diaspora"],"articleSection":["Events","News"],"inLanguage":"en-US"},{"@type":"WebPage","@id":"https:\/\/www.diasporaportuguesa.org\/en\/news\/conversation-of-the-diaspora-with-the-president-of-the-republic\/","url":"https:\/\/www.diasporaportuguesa.org\/en\/news\/conversation-of-the-diaspora-with-the-president-of-the-republic\/","name":"Conversation of the Diaspora with H.E. the President of the Republic - Conselho da Di\u00e1spora Portuguesa","isPartOf":{"@id":"https:\/\/www.diasporaportuguesa.org\/#website"},"datePublished":"2023-06-12T17:36:54+00:00","dateModified":"2023-06-12T18:32:46+00:00","description":"Last Sunday, June 11th, H.E. the President of the Republic, Marcelo Rebelo de Sousa, met with the Portuguese Diaspora Council.","breadcrumb":{"@id":"https:\/\/www.diasporaportuguesa.org\/en\/news\/conversation-of-the-diaspora-with-the-president-of-the-republic\/#breadcrumb"},"inLanguage":"en-US","potentialAction":[{"@type":"ReadAction","target":["https:\/\/www.diasporaportuguesa.org\/en\/news\/conversation-of-the-diaspora-with-the-president-of-the-republic\/"]}]},{"@type":"BreadcrumbList","@id":"https:\/\/www.diasporaportuguesa.org\/en\/news\/conversation-of-the-diaspora-with-the-president-of-the-republic\/#breadcrumb","itemListElement":[{"@type":"ListItem","position":1,"name":"In\u00edcio","item":"https:\/\/www.diasporaportuguesa.org\/en\/"},{"@type":"ListItem","position":2,"name":"News","item":"https:\/\/www.diasporaportuguesa.org\/en\/news\/"},{"@type":"ListItem","position":3,"name":"Conversation of the Diaspora with H.E. the President of the Republic"}]},{"@type":"WebSite","@id":"https:\/\/www.diasporaportuguesa.org\/#website","url":"https:\/\/www.diasporaportuguesa.org\/","name":"Conselho da Di\u00e1spora Portuguesa","description":"Conselho da Di\u00e1spora Portuguesa","publisher":{"@id":"https:\/\/www.diasporaportuguesa.org\/#organization"},"potentialAction":[{"@type":"SearchAction","target":{"@type":"EntryPoint","urlTemplate":"https:\/\/www.diasporaportuguesa.org\/?s={search_term_string}"},"query-input":"required name=search_term_string"}],"inLanguage":"en-US"},{"@type":"Organization","@id":"https:\/\/www.diasporaportuguesa.org\/#organization","name":"Conselho da Di\u00e1spora Portuguesa","url":"https:\/\/www.diasporaportuguesa.org\/","logo":{"@type":"ImageObject","inLanguage":"en-US","@id":"https:\/\/www.diasporaportuguesa.org\/#\/schema\/logo\/image\/","url":"https:\/\/www.diasporaportuguesa.org\/wp-content\/uploads\/2022\/11\/conselho-diaspora-portuguesa.png","contentUrl":"https:\/\/www.diasporaportuguesa.org\/wp-content\/uploads\/2022\/11\/conselho-diaspora-portuguesa.png","width":735,"height":216,"caption":"Conselho da Di\u00e1spora Portuguesa"},"image":{"@id":"https:\/\/www.diasporaportuguesa.org\/#\/schema\/logo\/image\/"},"sameAs":["https:\/\/twitter.com\/CdDiaspora","https:\/\/www.linkedin.com\/company\/conselho-da-diaspora-portuguesa\/","https:\/\/www.youtube.com\/channel\/UCEI8qERhtqzV1UgdITBo6rw\/videos"]},{"@type":"Person","@id":"https:\/\/www.diasporaportuguesa.org\/#\/schema\/person\/74a10e192ff79e354ab7ae9b845bc19f","name":"Milene Lu\u00eds","url":"https:\/\/www.diasporaportuguesa.org\/en\/author\/mpldiasporaportuguesa-org\/"}]}},"_links":{"self":[{"href":"https:\/\/www.diasporaportuguesa.org\/en\/wp-json\/wp\/v2\/posts\/16325"}],"collection":[{"href":"https:\/\/www.diasporaportuguesa.org\/en\/wp-json\/wp\/v2\/posts"}],"about":[{"href":"https:\/\/www.diasporaportuguesa.org\/en\/wp-json\/wp\/v2\/types\/post"}],"author":[{"embeddable":true,"href":"https:\/\/www.diasporaportuguesa.org\/en\/wp-json\/wp\/v2\/users\/6"}],"replies":[{"embeddable":true,"href":"https:\/\/www.diasporaportuguesa.org\/en\/wp-json\/wp\/v2\/comments?post=16325"}],"version-history":[{"count":2,"href":"https:\/\/www.diasporaportuguesa.org\/en\/wp-json\/wp\/v2\/posts\/16325\/revisions"}],"predecessor-version":[{"id":16328,"href":"https:\/\/www.diasporaportuguesa.org\/en\/wp-json\/wp\/v2\/posts\/16325\/revisions\/16328"}],"wp:featuredmedia":[{"embeddable":true,"href":"https:\/\/www.diasporaportuguesa.org\/en\/wp-json\/wp\/v2\/media\/16319"}],"wp:attachment":[{"href":"https:\/\/www.diasporaportuguesa.org\/en\/wp-json\/wp\/v2\/media?parent=16325"}],"wp:term":[{"taxonomy":"category","embeddable":true,"href":"https:\/\/www.diasporaportuguesa.org\/en\/wp-json\/wp\/v2\/categories?post=16325"},{"taxonomy":"post_tag","embeddable":true,"href":"https:\/\/www.diasporaportuguesa.org\/en\/wp-json\/wp\/v2\/tags?post=16325"}],"curies":[{"name":"wp","href":"https:\/\/api.w.org\/{rel}","templated":true}]}}