{"id":18879,"date":"2024-01-29T11:13:03","date_gmt":"2024-01-29T11:13:03","guid":{"rendered":"https:\/\/www.diasporaportuguesa.org\/?p=18879"},"modified":"2024-01-29T11:15:54","modified_gmt":"2024-01-29T11:15:54","slug":"regional-hub-of-spain-seminar-on-taxation","status":"publish","type":"post","link":"https:\/\/www.diasporaportuguesa.org\/en\/events\/regional-hub-of-spain-seminar-on-taxation\/","title":{"rendered":"Regional Hub of Spain Hosts Seminar on Taxation"},"content":{"rendered":"\n<p>On January 25, the Spanish Regional Hub of the Portuguese Diaspora, in partnership with ECIJA, held a seminar entitled &#8220;The Impact of Tax Changes on Transfers of Residence between Spain and Portugal&#8221;.<\/p>\n\n\n\n<p>The event, moderated by Pedro Paulo Castro, Coordinator of the Spanish Regional Hub, brought together leading figures, including the Portuguese Ambassador to Spain, Jo\u00e3o Mira Gomes, the President of the Board of the Portuguese Diaspora Council, Ant\u00f3nio Cal\u00e7ada de S\u00e1, the President of CEOE Internacional, Marta Blanco Quesada and the member of the Board of the Diaspora Council and Co-founder of Bridgewhat and head of ECIJA&#8217;s Technology Transactions, Paulo Morgado.<\/p>\n\n\n\n<p>The participants shared their perspectives on bilateral relations between Portugal and Spain, highlighting strategic projects on the Iberian Peninsula, each country&#8217;s competitiveness factors, as well as their views on domestic politics and even artificial intelligence.<\/p>\n\n\n\n<p>During the event, specialist lawyers Joana Cunha d&#8217;Almeida and Patricia G\u00f3mez-Cambronero also presented the impact that the legislative changes taking place in Spain and Portugal may have on transfers of residence.<\/p>\n\n\n\n<div class=\"wp-block-group is-layout-constrained wp-block-group-is-layout-constrained\"><div class=\"wp-block-group__inner-container\">\n<div class=\"wp-block-columns is-layout-flex wp-container-5 wp-block-columns-is-layout-flex\">\n<div class=\"wp-block-column is-layout-flow wp-block-column-is-layout-flow\" style=\"flex-basis:100%\">\n<div class=\"wp-block-columns is-layout-flex wp-container-3 wp-block-columns-is-layout-flex\">\n<div class=\"wp-block-column is-layout-flow wp-block-column-is-layout-flow\">\n<figure class=\"wp-block-image size-full\"><img decoding=\"async\" loading=\"lazy\" width=\"1468\" height=\"826\" src=\"https:\/\/www.diasporaportuguesa.org\/wp-content\/uploads\/2024\/01\/IMG-20240125-WA0009-1.jpg\" alt=\"\" class=\"wp-image-18880\" srcset=\"https:\/\/www.diasporaportuguesa.org\/wp-content\/uploads\/2024\/01\/IMG-20240125-WA0009-1.jpg 1468w, https:\/\/www.diasporaportuguesa.org\/wp-content\/uploads\/2024\/01\/IMG-20240125-WA0009-1-1055x594.jpg 1055w, https:\/\/www.diasporaportuguesa.org\/wp-content\/uploads\/2024\/01\/IMG-20240125-WA0009-1-768x432.jpg 768w, https:\/\/www.diasporaportuguesa.org\/wp-content\/uploads\/2024\/01\/IMG-20240125-WA0009-1-760x428.jpg 760w, https:\/\/www.diasporaportuguesa.org\/wp-content\/uploads\/2024\/01\/IMG-20240125-WA0009-1-1460x821.jpg 1460w\" sizes=\"(max-width: 1468px) 100vw, 1468px\" \/><\/figure>\n<\/div>\n\n\n\n<div class=\"wp-block-column is-layout-flow wp-block-column-is-layout-flow\">\n<figure class=\"wp-block-image size-large\"><img decoding=\"async\" loading=\"lazy\" width=\"1920\" height=\"1081\" src=\"https:\/\/www.diasporaportuguesa.org\/wp-content\/uploads\/2024\/01\/20240125_102928-1-1920x1081.jpg\" alt=\"\" class=\"wp-image-18882\" srcset=\"https:\/\/www.diasporaportuguesa.org\/wp-content\/uploads\/2024\/01\/20240125_102928-1-1920x1081.jpg 1920w, https:\/\/www.diasporaportuguesa.org\/wp-content\/uploads\/2024\/01\/20240125_102928-1-1055x594.jpg 1055w, https:\/\/www.diasporaportuguesa.org\/wp-content\/uploads\/2024\/01\/20240125_102928-1-768x432.jpg 768w, https:\/\/www.diasporaportuguesa.org\/wp-content\/uploads\/2024\/01\/20240125_102928-1-1536x865.jpg 1536w, https:\/\/www.diasporaportuguesa.org\/wp-content\/uploads\/2024\/01\/20240125_102928-1-2048x1153.jpg 2048w, https:\/\/www.diasporaportuguesa.org\/wp-content\/uploads\/2024\/01\/20240125_102928-1-760x428.jpg 760w, https:\/\/www.diasporaportuguesa.org\/wp-content\/uploads\/2024\/01\/20240125_102928-1-1460x822.jpg 1460w\" sizes=\"(max-width: 1920px) 100vw, 1920px\" \/><\/figure>\n<\/div>\n<\/div>\n<\/div>\n<\/div>\n<\/div><\/div>\n","protected":false},"excerpt":{"rendered":"On January 25, the Spanish Regional Hub of the Portuguese Diaspora, in partnership with ECIJA, held a seminar entitled &#8220;The Impact of Tax Changes on Transfers of Residence between Spain and Portugal&#8221;.","protected":false},"author":10,"featured_media":18872,"comment_status":"closed","ping_status":"closed","sticky":false,"template":"","format":"standard","meta":{"footnotes":""},"categories":[11],"tags":[],"acf":[],"yoast_head":"<!-- This site is optimized with the Yoast SEO plugin v21.3 - https:\/\/yoast.com\/wordpress\/plugins\/seo\/ -->\n<title>Regional Hub of Spain Hosts Seminar on Taxation - Conselho da Di\u00e1spora Portuguesa<\/title>\n<meta name=\"robots\" content=\"index, follow, max-snippet:-1, max-image-preview:large, max-video-preview:-1\" \/>\n<link rel=\"canonical\" href=\"https:\/\/www.diasporaportuguesa.org\/en\/events\/regional-hub-of-spain-seminar-on-taxation\/\" \/>\n<meta property=\"og:locale\" content=\"en_US\" \/>\n<meta property=\"og:type\" content=\"article\" \/>\n<meta property=\"og:title\" content=\"Regional Hub of Spain Hosts Seminar on Taxation - Conselho da Di\u00e1spora Portuguesa\" \/>\n<meta property=\"og:description\" content=\"On January 25, the Spanish Regional Hub of the Portuguese Diaspora, in partnership with ECIJA, held a seminar entitled &quot;The Impact of Tax Changes on Transfers of Residence between Spain and Portugal&quot;.\" \/>\n<meta property=\"og:url\" content=\"https:\/\/www.diasporaportuguesa.org\/en\/events\/regional-hub-of-spain-seminar-on-taxation\/\" \/>\n<meta property=\"og:site_name\" content=\"Conselho da Di\u00e1spora Portuguesa\" \/>\n<meta property=\"article:published_time\" content=\"2024-01-29T11:13:03+00:00\" \/>\n<meta property=\"article:modified_time\" content=\"2024-01-29T11:15:54+00:00\" \/>\n<meta property=\"og:image\" content=\"https:\/\/www.diasporaportuguesa.org\/wp-content\/uploads\/2024\/01\/20240125_113013-scaled.jpg\" \/>\n\t<meta property=\"og:image:width\" content=\"2560\" \/>\n\t<meta property=\"og:image:height\" content=\"1442\" \/>\n\t<meta property=\"og:image:type\" content=\"image\/jpeg\" \/>\n<meta name=\"author\" content=\"Diogo Silva\" \/>\n<meta name=\"twitter:card\" content=\"summary_large_image\" \/>\n<meta name=\"twitter:creator\" content=\"@CdDiaspora\" \/>\n<meta name=\"twitter:site\" content=\"@CdDiaspora\" \/>\n<meta name=\"twitter:label1\" content=\"Written by\" \/>\n\t<meta name=\"twitter:data1\" content=\"Diogo Silva\" \/>\n\t<meta name=\"twitter:label2\" content=\"Est. reading time\" \/>\n\t<meta name=\"twitter:data2\" content=\"2 minutes\" \/>\n<script type=\"application\/ld+json\" class=\"yoast-schema-graph\">{\"@context\":\"https:\/\/schema.org\",\"@graph\":[{\"@type\":\"Article\",\"@id\":\"https:\/\/www.diasporaportuguesa.org\/en\/events\/regional-hub-of-spain-seminar-on-taxation\/#article\",\"isPartOf\":{\"@id\":\"https:\/\/www.diasporaportuguesa.org\/en\/events\/regional-hub-of-spain-seminar-on-taxation\/\"},\"author\":{\"name\":\"Diogo Silva\",\"@id\":\"https:\/\/www.diasporaportuguesa.org\/#\/schema\/person\/c818e514378e26900dc5ca4ea5b9da53\"},\"headline\":\"Regional Hub of Spain Hosts Seminar on Taxation\",\"datePublished\":\"2024-01-29T11:13:03+00:00\",\"dateModified\":\"2024-01-29T11:15:54+00:00\",\"mainEntityOfPage\":{\"@id\":\"https:\/\/www.diasporaportuguesa.org\/en\/events\/regional-hub-of-spain-seminar-on-taxation\/\"},\"wordCount\":179,\"publisher\":{\"@id\":\"https:\/\/www.diasporaportuguesa.org\/#organization\"},\"articleSection\":[\"Events\"],\"inLanguage\":\"en-US\"},{\"@type\":\"WebPage\",\"@id\":\"https:\/\/www.diasporaportuguesa.org\/en\/events\/regional-hub-of-spain-seminar-on-taxation\/\",\"url\":\"https:\/\/www.diasporaportuguesa.org\/en\/events\/regional-hub-of-spain-seminar-on-taxation\/\",\"name\":\"Regional Hub of Spain Hosts Seminar on Taxation - Conselho da Di\u00e1spora Portuguesa\",\"isPartOf\":{\"@id\":\"https:\/\/www.diasporaportuguesa.org\/#website\"},\"datePublished\":\"2024-01-29T11:13:03+00:00\",\"dateModified\":\"2024-01-29T11:15:54+00:00\",\"breadcrumb\":{\"@id\":\"https:\/\/www.diasporaportuguesa.org\/en\/events\/regional-hub-of-spain-seminar-on-taxation\/#breadcrumb\"},\"inLanguage\":\"en-US\",\"potentialAction\":[{\"@type\":\"ReadAction\",\"target\":[\"https:\/\/www.diasporaportuguesa.org\/en\/events\/regional-hub-of-spain-seminar-on-taxation\/\"]}]},{\"@type\":\"BreadcrumbList\",\"@id\":\"https:\/\/www.diasporaportuguesa.org\/en\/events\/regional-hub-of-spain-seminar-on-taxation\/#breadcrumb\",\"itemListElement\":[{\"@type\":\"ListItem\",\"position\":1,\"name\":\"In\u00edcio\",\"item\":\"https:\/\/www.diasporaportuguesa.org\/en\/\"},{\"@type\":\"ListItem\",\"position\":2,\"name\":\"Events\",\"item\":\"https:\/\/www.diasporaportuguesa.org\/en\/events\/\"},{\"@type\":\"ListItem\",\"position\":3,\"name\":\"Regional Hub of Spain Hosts Seminar on Taxation\"}]},{\"@type\":\"WebSite\",\"@id\":\"https:\/\/www.diasporaportuguesa.org\/#website\",\"url\":\"https:\/\/www.diasporaportuguesa.org\/\",\"name\":\"Conselho da Di\u00e1spora Portuguesa\",\"description\":\"Conselho da Di\u00e1spora Portuguesa\",\"publisher\":{\"@id\":\"https:\/\/www.diasporaportuguesa.org\/#organization\"},\"potentialAction\":[{\"@type\":\"SearchAction\",\"target\":{\"@type\":\"EntryPoint\",\"urlTemplate\":\"https:\/\/www.diasporaportuguesa.org\/?s={search_term_string}\"},\"query-input\":\"required name=search_term_string\"}],\"inLanguage\":\"en-US\"},{\"@type\":\"Organization\",\"@id\":\"https:\/\/www.diasporaportuguesa.org\/#organization\",\"name\":\"Conselho da Di\u00e1spora Portuguesa\",\"url\":\"https:\/\/www.diasporaportuguesa.org\/\",\"logo\":{\"@type\":\"ImageObject\",\"inLanguage\":\"en-US\",\"@id\":\"https:\/\/www.diasporaportuguesa.org\/#\/schema\/logo\/image\/\",\"url\":\"https:\/\/www.diasporaportuguesa.org\/wp-content\/uploads\/2022\/11\/conselho-diaspora-portuguesa.png\",\"contentUrl\":\"https:\/\/www.diasporaportuguesa.org\/wp-content\/uploads\/2022\/11\/conselho-diaspora-portuguesa.png\",\"width\":735,\"height\":216,\"caption\":\"Conselho da Di\u00e1spora Portuguesa\"},\"image\":{\"@id\":\"https:\/\/www.diasporaportuguesa.org\/#\/schema\/logo\/image\/\"},\"sameAs\":[\"https:\/\/twitter.com\/CdDiaspora\",\"https:\/\/www.linkedin.com\/company\/conselho-da-diaspora-portuguesa\/\",\"https:\/\/www.youtube.com\/channel\/UCEI8qERhtqzV1UgdITBo6rw\/videos\"]},{\"@type\":\"Person\",\"@id\":\"https:\/\/www.diasporaportuguesa.org\/#\/schema\/person\/c818e514378e26900dc5ca4ea5b9da53\",\"name\":\"Diogo Silva\",\"url\":\"https:\/\/www.diasporaportuguesa.org\/en\/author\/diogo-silva\/\"}]}<\/script>\n<!-- \/ Yoast SEO plugin. -->","yoast_head_json":{"title":"Regional Hub of Spain Hosts Seminar on Taxation - Conselho da Di\u00e1spora Portuguesa","robots":{"index":"index","follow":"follow","max-snippet":"max-snippet:-1","max-image-preview":"max-image-preview:large","max-video-preview":"max-video-preview:-1"},"canonical":"https:\/\/www.diasporaportuguesa.org\/en\/events\/regional-hub-of-spain-seminar-on-taxation\/","og_locale":"en_US","og_type":"article","og_title":"Regional Hub of Spain Hosts Seminar on Taxation - Conselho da Di\u00e1spora Portuguesa","og_description":"On January 25, the Spanish Regional Hub of the Portuguese Diaspora, in partnership with ECIJA, held a seminar entitled \"The Impact of Tax Changes on Transfers of Residence between Spain and Portugal\".","og_url":"https:\/\/www.diasporaportuguesa.org\/en\/events\/regional-hub-of-spain-seminar-on-taxation\/","og_site_name":"Conselho da Di\u00e1spora Portuguesa","article_published_time":"2024-01-29T11:13:03+00:00","article_modified_time":"2024-01-29T11:15:54+00:00","og_image":[{"width":2560,"height":1442,"url":"https:\/\/www.diasporaportuguesa.org\/wp-content\/uploads\/2024\/01\/20240125_113013-scaled.jpg","type":"image\/jpeg"}],"author":"Diogo Silva","twitter_card":"summary_large_image","twitter_creator":"@CdDiaspora","twitter_site":"@CdDiaspora","twitter_misc":{"Written by":"Diogo Silva","Est. reading time":"2 minutes"},"schema":{"@context":"https:\/\/schema.org","@graph":[{"@type":"Article","@id":"https:\/\/www.diasporaportuguesa.org\/en\/events\/regional-hub-of-spain-seminar-on-taxation\/#article","isPartOf":{"@id":"https:\/\/www.diasporaportuguesa.org\/en\/events\/regional-hub-of-spain-seminar-on-taxation\/"},"author":{"name":"Diogo Silva","@id":"https:\/\/www.diasporaportuguesa.org\/#\/schema\/person\/c818e514378e26900dc5ca4ea5b9da53"},"headline":"Regional Hub of Spain Hosts Seminar on Taxation","datePublished":"2024-01-29T11:13:03+00:00","dateModified":"2024-01-29T11:15:54+00:00","mainEntityOfPage":{"@id":"https:\/\/www.diasporaportuguesa.org\/en\/events\/regional-hub-of-spain-seminar-on-taxation\/"},"wordCount":179,"publisher":{"@id":"https:\/\/www.diasporaportuguesa.org\/#organization"},"articleSection":["Events"],"inLanguage":"en-US"},{"@type":"WebPage","@id":"https:\/\/www.diasporaportuguesa.org\/en\/events\/regional-hub-of-spain-seminar-on-taxation\/","url":"https:\/\/www.diasporaportuguesa.org\/en\/events\/regional-hub-of-spain-seminar-on-taxation\/","name":"Regional Hub of Spain Hosts Seminar on Taxation - Conselho da Di\u00e1spora Portuguesa","isPartOf":{"@id":"https:\/\/www.diasporaportuguesa.org\/#website"},"datePublished":"2024-01-29T11:13:03+00:00","dateModified":"2024-01-29T11:15:54+00:00","breadcrumb":{"@id":"https:\/\/www.diasporaportuguesa.org\/en\/events\/regional-hub-of-spain-seminar-on-taxation\/#breadcrumb"},"inLanguage":"en-US","potentialAction":[{"@type":"ReadAction","target":["https:\/\/www.diasporaportuguesa.org\/en\/events\/regional-hub-of-spain-seminar-on-taxation\/"]}]},{"@type":"BreadcrumbList","@id":"https:\/\/www.diasporaportuguesa.org\/en\/events\/regional-hub-of-spain-seminar-on-taxation\/#breadcrumb","itemListElement":[{"@type":"ListItem","position":1,"name":"In\u00edcio","item":"https:\/\/www.diasporaportuguesa.org\/en\/"},{"@type":"ListItem","position":2,"name":"Events","item":"https:\/\/www.diasporaportuguesa.org\/en\/events\/"},{"@type":"ListItem","position":3,"name":"Regional Hub of Spain Hosts Seminar on Taxation"}]},{"@type":"WebSite","@id":"https:\/\/www.diasporaportuguesa.org\/#website","url":"https:\/\/www.diasporaportuguesa.org\/","name":"Conselho da Di\u00e1spora Portuguesa","description":"Conselho da Di\u00e1spora Portuguesa","publisher":{"@id":"https:\/\/www.diasporaportuguesa.org\/#organization"},"potentialAction":[{"@type":"SearchAction","target":{"@type":"EntryPoint","urlTemplate":"https:\/\/www.diasporaportuguesa.org\/?s={search_term_string}"},"query-input":"required name=search_term_string"}],"inLanguage":"en-US"},{"@type":"Organization","@id":"https:\/\/www.diasporaportuguesa.org\/#organization","name":"Conselho da Di\u00e1spora Portuguesa","url":"https:\/\/www.diasporaportuguesa.org\/","logo":{"@type":"ImageObject","inLanguage":"en-US","@id":"https:\/\/www.diasporaportuguesa.org\/#\/schema\/logo\/image\/","url":"https:\/\/www.diasporaportuguesa.org\/wp-content\/uploads\/2022\/11\/conselho-diaspora-portuguesa.png","contentUrl":"https:\/\/www.diasporaportuguesa.org\/wp-content\/uploads\/2022\/11\/conselho-diaspora-portuguesa.png","width":735,"height":216,"caption":"Conselho da Di\u00e1spora Portuguesa"},"image":{"@id":"https:\/\/www.diasporaportuguesa.org\/#\/schema\/logo\/image\/"},"sameAs":["https:\/\/twitter.com\/CdDiaspora","https:\/\/www.linkedin.com\/company\/conselho-da-diaspora-portuguesa\/","https:\/\/www.youtube.com\/channel\/UCEI8qERhtqzV1UgdITBo6rw\/videos"]},{"@type":"Person","@id":"https:\/\/www.diasporaportuguesa.org\/#\/schema\/person\/c818e514378e26900dc5ca4ea5b9da53","name":"Diogo Silva","url":"https:\/\/www.diasporaportuguesa.org\/en\/author\/diogo-silva\/"}]}},"_links":{"self":[{"href":"https:\/\/www.diasporaportuguesa.org\/en\/wp-json\/wp\/v2\/posts\/18879"}],"collection":[{"href":"https:\/\/www.diasporaportuguesa.org\/en\/wp-json\/wp\/v2\/posts"}],"about":[{"href":"https:\/\/www.diasporaportuguesa.org\/en\/wp-json\/wp\/v2\/types\/post"}],"author":[{"embeddable":true,"href":"https:\/\/www.diasporaportuguesa.org\/en\/wp-json\/wp\/v2\/users\/10"}],"replies":[{"embeddable":true,"href":"https:\/\/www.diasporaportuguesa.org\/en\/wp-json\/wp\/v2\/comments?post=18879"}],"version-history":[{"count":3,"href":"https:\/\/www.diasporaportuguesa.org\/en\/wp-json\/wp\/v2\/posts\/18879\/revisions"}],"predecessor-version":[{"id":18887,"href":"https:\/\/www.diasporaportuguesa.org\/en\/wp-json\/wp\/v2\/posts\/18879\/revisions\/18887"}],"wp:featuredmedia":[{"embeddable":true,"href":"https:\/\/www.diasporaportuguesa.org\/en\/wp-json\/wp\/v2\/media\/18872"}],"wp:attachment":[{"href":"https:\/\/www.diasporaportuguesa.org\/en\/wp-json\/wp\/v2\/media?parent=18879"}],"wp:term":[{"taxonomy":"category","embeddable":true,"href":"https:\/\/www.diasporaportuguesa.org\/en\/wp-json\/wp\/v2\/categories?post=18879"},{"taxonomy":"post_tag","embeddable":true,"href":"https:\/\/www.diasporaportuguesa.org\/en\/wp-json\/wp\/v2\/tags?post=18879"}],"curies":[{"name":"wp","href":"https:\/\/api.w.org\/{rel}","templated":true}]}}