{"id":22577,"date":"2024-09-30T10:31:04","date_gmt":"2024-09-30T10:31:04","guid":{"rendered":"https:\/\/www.diasporaportuguesa.org\/?p=22577"},"modified":"2025-10-08T08:52:56","modified_gmt":"2025-10-08T08:52:56","slug":"uria-menendez-and-the-portuguese-diaspora-council-promote-event-at-the-portuguese-embassy-in-london","status":"publish","type":"post","link":"https:\/\/www.diasporaportuguesa.org\/en\/events\/uria-menendez-and-the-portuguese-diaspora-council-promote-event-at-the-portuguese-embassy-in-london\/","title":{"rendered":"Ur\u00eda Men\u00e9ndez and the Portuguese Diaspora Council promote event at the Portuguese Embassy in London"},"content":{"rendered":"\n<p>On September 25th, Ur\u00eda Men\u00e9ndez, in collaboration with the Portuguese Diaspora Council, held a significant event at the Portuguese Embassy in London, bringing together over 70 distinguished guests from the business and financial sectors.<\/p>\n\n\n\n<p>The opening session featured speeches from the Portuguese Ambassador to the United Kingdom, Nuno Brito; the President of the Board of the Portuguese Diaspora Council, Ant\u00f3nio Cal\u00e7ada de S\u00e1; the Chairman of the General Assembly of the Portuguese Diaspora Council, Jos\u00e9 Manuel Dur\u00e3o Barroso; and Ur\u00eda Men\u00e9ndez partner, Carlos Costa Andrade. During their speeches, they highlighted the importance of the historical cooperation between Portugal and Spain and emphasized the numerous opportunities this collaboration continues to provide, both in the business realm and for professionals from both countries.<\/p>\n\n\n\n<p>Characterized by an informal atmosphere, the event offered an excellent opportunity for strengthening networking among Portuguese and Spanish professionals operating in the United Kingdom. The President of the Board, Ant\u00f3nio Cal\u00e7ada de S\u00e1, also took the opportunity to reinforce the mission and objectives of the Portuguese Diaspora Council, highlighting the importance of the Council in promoting Portugal and its diaspora worldwide. The impact of this address was evident, with several participants expressing interest in joining the Council.<\/p>\n\n\n\n<p>Another highlight of the event was the presentation of the Young Counselor in the United Kingdom, who had the opportunity to interact with the other Counselors from the Regional Group.<\/p>\n\n\n\n<p>The event proved to be impactful, contributing to the strengthening of ties between the business communities of Portugal and Spain in the United Kingdom.<\/p>\n\n\n\n<figure class=\"wp-block-gallery has-nested-images columns-default is-cropped wp-block-gallery-1 is-layout-flex wp-block-gallery-is-layout-flex\">\n<figure class=\"wp-block-image size-large\"><img decoding=\"async\" loading=\"lazy\" width=\"1536\" height=\"864\" data-id=\"22572\" src=\"https:\/\/www.diasporaportuguesa.org\/wp-content\/uploads\/2024\/09\/WhatsApp-Image-2024-09-27-at-11.19.29-3-1536x864-1.jpeg\" alt=\"\" class=\"wp-image-22572\" srcset=\"https:\/\/www.diasporaportuguesa.org\/wp-content\/uploads\/2024\/09\/WhatsApp-Image-2024-09-27-at-11.19.29-3-1536x864-1.jpeg 1536w, https:\/\/www.diasporaportuguesa.org\/wp-content\/uploads\/2024\/09\/WhatsApp-Image-2024-09-27-at-11.19.29-3-1536x864-1-1055x593.jpeg 1055w, https:\/\/www.diasporaportuguesa.org\/wp-content\/uploads\/2024\/09\/WhatsApp-Image-2024-09-27-at-11.19.29-3-1536x864-1-768x432.jpeg 768w, https:\/\/www.diasporaportuguesa.org\/wp-content\/uploads\/2024\/09\/WhatsApp-Image-2024-09-27-at-11.19.29-3-1536x864-1-760x428.jpeg 760w, https:\/\/www.diasporaportuguesa.org\/wp-content\/uploads\/2024\/09\/WhatsApp-Image-2024-09-27-at-11.19.29-3-1536x864-1-1460x821.jpeg 1460w\" sizes=\"(max-width: 1536px) 100vw, 1536px\" \/><\/figure>\n\n\n\n<figure class=\"wp-block-image size-large\"><img decoding=\"async\" loading=\"lazy\" width=\"1536\" height=\"864\" data-id=\"22573\" src=\"https:\/\/www.diasporaportuguesa.org\/wp-content\/uploads\/2024\/09\/WhatsApp-Image-2024-09-27-at-11.19.29-1-1-1536x864-1.jpeg\" alt=\"\" class=\"wp-image-22573\" srcset=\"https:\/\/www.diasporaportuguesa.org\/wp-content\/uploads\/2024\/09\/WhatsApp-Image-2024-09-27-at-11.19.29-1-1-1536x864-1.jpeg 1536w, https:\/\/www.diasporaportuguesa.org\/wp-content\/uploads\/2024\/09\/WhatsApp-Image-2024-09-27-at-11.19.29-1-1-1536x864-1-1055x593.jpeg 1055w, https:\/\/www.diasporaportuguesa.org\/wp-content\/uploads\/2024\/09\/WhatsApp-Image-2024-09-27-at-11.19.29-1-1-1536x864-1-768x432.jpeg 768w, https:\/\/www.diasporaportuguesa.org\/wp-content\/uploads\/2024\/09\/WhatsApp-Image-2024-09-27-at-11.19.29-1-1-1536x864-1-760x428.jpeg 760w, https:\/\/www.diasporaportuguesa.org\/wp-content\/uploads\/2024\/09\/WhatsApp-Image-2024-09-27-at-11.19.29-1-1-1536x864-1-1460x821.jpeg 1460w\" sizes=\"(max-width: 1536px) 100vw, 1536px\" \/><\/figure>\n\n\n\n<figure class=\"wp-block-image size-large\"><img decoding=\"async\" loading=\"lazy\" width=\"1536\" height=\"864\" data-id=\"22575\" src=\"https:\/\/www.diasporaportuguesa.org\/wp-content\/uploads\/2024\/09\/WhatsApp-Image-2024-09-27-at-11.19.29-2-2-1536x864-1.jpeg\" alt=\"\" class=\"wp-image-22575\" srcset=\"https:\/\/www.diasporaportuguesa.org\/wp-content\/uploads\/2024\/09\/WhatsApp-Image-2024-09-27-at-11.19.29-2-2-1536x864-1.jpeg 1536w, https:\/\/www.diasporaportuguesa.org\/wp-content\/uploads\/2024\/09\/WhatsApp-Image-2024-09-27-at-11.19.29-2-2-1536x864-1-1055x593.jpeg 1055w, https:\/\/www.diasporaportuguesa.org\/wp-content\/uploads\/2024\/09\/WhatsApp-Image-2024-09-27-at-11.19.29-2-2-1536x864-1-768x432.jpeg 768w, https:\/\/www.diasporaportuguesa.org\/wp-content\/uploads\/2024\/09\/WhatsApp-Image-2024-09-27-at-11.19.29-2-2-1536x864-1-760x428.jpeg 760w, https:\/\/www.diasporaportuguesa.org\/wp-content\/uploads\/2024\/09\/WhatsApp-Image-2024-09-27-at-11.19.29-2-2-1536x864-1-1460x821.jpeg 1460w\" sizes=\"(max-width: 1536px) 100vw, 1536px\" \/><\/figure>\n<\/figure>\n","protected":false},"excerpt":{"rendered":"On September 25th, Ur\u00eda Men\u00e9ndez, in collaboration with the Portuguese Diaspora Council, held a significant event at the Portuguese Embassy in London, bringing together over 70 distinguished guests from the business and financial sectors.","protected":false},"author":10,"featured_media":22572,"comment_status":"closed","ping_status":"closed","sticky":false,"template":"","format":"standard","meta":{"footnotes":""},"categories":[11],"tags":[],"acf":[],"yoast_head":"<!-- This site is optimized with the Yoast SEO plugin v21.3 - https:\/\/yoast.com\/wordpress\/plugins\/seo\/ -->\n<title>Ur\u00eda Men\u00e9ndez and the Portuguese Diaspora Council promote event at the Portuguese Embassy in London - Conselho da Di\u00e1spora Portuguesa<\/title>\n<meta name=\"robots\" content=\"index, follow, max-snippet:-1, max-image-preview:large, max-video-preview:-1\" \/>\n<link rel=\"canonical\" href=\"https:\/\/www.diasporaportuguesa.org\/en\/events\/uria-menendez-and-the-portuguese-diaspora-council-promote-event-at-the-portuguese-embassy-in-london\/\" \/>\n<meta property=\"og:locale\" content=\"en_US\" \/>\n<meta property=\"og:type\" content=\"article\" \/>\n<meta property=\"og:title\" content=\"Ur\u00eda Men\u00e9ndez and the Portuguese Diaspora Council promote event at the Portuguese Embassy in London - Conselho da Di\u00e1spora Portuguesa\" \/>\n<meta property=\"og:description\" content=\"On September 25th, Ur\u00eda Men\u00e9ndez, in collaboration with the Portuguese Diaspora Council, held a significant event at the Portuguese Embassy in London, bringing together over 70 distinguished guests from the business and financial sectors.\" \/>\n<meta property=\"og:url\" content=\"https:\/\/www.diasporaportuguesa.org\/en\/events\/uria-menendez-and-the-portuguese-diaspora-council-promote-event-at-the-portuguese-embassy-in-london\/\" \/>\n<meta property=\"og:site_name\" content=\"Conselho da Di\u00e1spora Portuguesa\" \/>\n<meta property=\"article:published_time\" content=\"2024-09-30T10:31:04+00:00\" \/>\n<meta property=\"article:modified_time\" content=\"2025-10-08T08:52:56+00:00\" \/>\n<meta property=\"og:image\" content=\"https:\/\/www.diasporaportuguesa.org\/wp-content\/uploads\/2024\/09\/WhatsApp-Image-2024-09-27-at-11.19.29-3-1536x864-1.jpeg\" \/>\n\t<meta property=\"og:image:width\" content=\"1536\" \/>\n\t<meta property=\"og:image:height\" content=\"864\" \/>\n\t<meta property=\"og:image:type\" content=\"image\/jpeg\" \/>\n<meta name=\"author\" content=\"Diogo Silva\" \/>\n<meta name=\"twitter:card\" content=\"summary_large_image\" \/>\n<meta name=\"twitter:creator\" content=\"@CdDiaspora\" \/>\n<meta name=\"twitter:site\" content=\"@CdDiaspora\" \/>\n<meta name=\"twitter:label1\" content=\"Written by\" \/>\n\t<meta name=\"twitter:data1\" content=\"Diogo Silva\" \/>\n\t<meta name=\"twitter:label2\" content=\"Est. reading time\" \/>\n\t<meta name=\"twitter:data2\" content=\"2 minutes\" \/>\n<script type=\"application\/ld+json\" class=\"yoast-schema-graph\">{\"@context\":\"https:\/\/schema.org\",\"@graph\":[{\"@type\":\"Article\",\"@id\":\"https:\/\/www.diasporaportuguesa.org\/en\/events\/uria-menendez-and-the-portuguese-diaspora-council-promote-event-at-the-portuguese-embassy-in-london\/#article\",\"isPartOf\":{\"@id\":\"https:\/\/www.diasporaportuguesa.org\/en\/events\/uria-menendez-and-the-portuguese-diaspora-council-promote-event-at-the-portuguese-embassy-in-london\/\"},\"author\":{\"name\":\"Diogo Silva\",\"@id\":\"https:\/\/www.diasporaportuguesa.org\/#\/schema\/person\/c818e514378e26900dc5ca4ea5b9da53\"},\"headline\":\"Ur\u00eda Men\u00e9ndez and the Portuguese Diaspora Council promote event at the Portuguese Embassy in London\",\"datePublished\":\"2024-09-30T10:31:04+00:00\",\"dateModified\":\"2025-10-08T08:52:56+00:00\",\"mainEntityOfPage\":{\"@id\":\"https:\/\/www.diasporaportuguesa.org\/en\/events\/uria-menendez-and-the-portuguese-diaspora-council-promote-event-at-the-portuguese-embassy-in-london\/\"},\"wordCount\":277,\"publisher\":{\"@id\":\"https:\/\/www.diasporaportuguesa.org\/#organization\"},\"articleSection\":[\"Events\"],\"inLanguage\":\"en-US\"},{\"@type\":\"WebPage\",\"@id\":\"https:\/\/www.diasporaportuguesa.org\/en\/events\/uria-menendez-and-the-portuguese-diaspora-council-promote-event-at-the-portuguese-embassy-in-london\/\",\"url\":\"https:\/\/www.diasporaportuguesa.org\/en\/events\/uria-menendez-and-the-portuguese-diaspora-council-promote-event-at-the-portuguese-embassy-in-london\/\",\"name\":\"Ur\u00eda Men\u00e9ndez and the Portuguese Diaspora Council promote event at the Portuguese Embassy in London - Conselho da Di\u00e1spora Portuguesa\",\"isPartOf\":{\"@id\":\"https:\/\/www.diasporaportuguesa.org\/#website\"},\"datePublished\":\"2024-09-30T10:31:04+00:00\",\"dateModified\":\"2025-10-08T08:52:56+00:00\",\"breadcrumb\":{\"@id\":\"https:\/\/www.diasporaportuguesa.org\/en\/events\/uria-menendez-and-the-portuguese-diaspora-council-promote-event-at-the-portuguese-embassy-in-london\/#breadcrumb\"},\"inLanguage\":\"en-US\",\"potentialAction\":[{\"@type\":\"ReadAction\",\"target\":[\"https:\/\/www.diasporaportuguesa.org\/en\/events\/uria-menendez-and-the-portuguese-diaspora-council-promote-event-at-the-portuguese-embassy-in-london\/\"]}]},{\"@type\":\"BreadcrumbList\",\"@id\":\"https:\/\/www.diasporaportuguesa.org\/en\/events\/uria-menendez-and-the-portuguese-diaspora-council-promote-event-at-the-portuguese-embassy-in-london\/#breadcrumb\",\"itemListElement\":[{\"@type\":\"ListItem\",\"position\":1,\"name\":\"In\u00edcio\",\"item\":\"https:\/\/www.diasporaportuguesa.org\/en\/\"},{\"@type\":\"ListItem\",\"position\":2,\"name\":\"Events\",\"item\":\"https:\/\/www.diasporaportuguesa.org\/en\/events\/\"},{\"@type\":\"ListItem\",\"position\":3,\"name\":\"Ur\u00eda Men\u00e9ndez and the Portuguese Diaspora Council promote event at the Portuguese Embassy in London\"}]},{\"@type\":\"WebSite\",\"@id\":\"https:\/\/www.diasporaportuguesa.org\/#website\",\"url\":\"https:\/\/www.diasporaportuguesa.org\/\",\"name\":\"Conselho da Di\u00e1spora Portuguesa\",\"description\":\"Conselho da Di\u00e1spora Portuguesa\",\"publisher\":{\"@id\":\"https:\/\/www.diasporaportuguesa.org\/#organization\"},\"potentialAction\":[{\"@type\":\"SearchAction\",\"target\":{\"@type\":\"EntryPoint\",\"urlTemplate\":\"https:\/\/www.diasporaportuguesa.org\/?s={search_term_string}\"},\"query-input\":\"required name=search_term_string\"}],\"inLanguage\":\"en-US\"},{\"@type\":\"Organization\",\"@id\":\"https:\/\/www.diasporaportuguesa.org\/#organization\",\"name\":\"Conselho da Di\u00e1spora Portuguesa\",\"url\":\"https:\/\/www.diasporaportuguesa.org\/\",\"logo\":{\"@type\":\"ImageObject\",\"inLanguage\":\"en-US\",\"@id\":\"https:\/\/www.diasporaportuguesa.org\/#\/schema\/logo\/image\/\",\"url\":\"https:\/\/www.diasporaportuguesa.org\/wp-content\/uploads\/2022\/11\/conselho-diaspora-portuguesa.png\",\"contentUrl\":\"https:\/\/www.diasporaportuguesa.org\/wp-content\/uploads\/2022\/11\/conselho-diaspora-portuguesa.png\",\"width\":735,\"height\":216,\"caption\":\"Conselho da Di\u00e1spora Portuguesa\"},\"image\":{\"@id\":\"https:\/\/www.diasporaportuguesa.org\/#\/schema\/logo\/image\/\"},\"sameAs\":[\"https:\/\/twitter.com\/CdDiaspora\",\"https:\/\/www.linkedin.com\/company\/conselho-da-diaspora-portuguesa\/\",\"https:\/\/www.youtube.com\/channel\/UCEI8qERhtqzV1UgdITBo6rw\/videos\"]},{\"@type\":\"Person\",\"@id\":\"https:\/\/www.diasporaportuguesa.org\/#\/schema\/person\/c818e514378e26900dc5ca4ea5b9da53\",\"name\":\"Diogo Silva\",\"url\":\"https:\/\/www.diasporaportuguesa.org\/en\/author\/diogo-silva\/\"}]}<\/script>\n<!-- \/ Yoast SEO plugin. -->","yoast_head_json":{"title":"Ur\u00eda Men\u00e9ndez and the Portuguese Diaspora Council promote event at the Portuguese Embassy in London - Conselho da Di\u00e1spora Portuguesa","robots":{"index":"index","follow":"follow","max-snippet":"max-snippet:-1","max-image-preview":"max-image-preview:large","max-video-preview":"max-video-preview:-1"},"canonical":"https:\/\/www.diasporaportuguesa.org\/en\/events\/uria-menendez-and-the-portuguese-diaspora-council-promote-event-at-the-portuguese-embassy-in-london\/","og_locale":"en_US","og_type":"article","og_title":"Ur\u00eda Men\u00e9ndez and the Portuguese Diaspora Council promote event at the Portuguese Embassy in London - Conselho da Di\u00e1spora Portuguesa","og_description":"On September 25th, Ur\u00eda Men\u00e9ndez, in collaboration with the Portuguese Diaspora Council, held a significant event at the Portuguese Embassy in London, bringing together over 70 distinguished guests from the business and financial sectors.","og_url":"https:\/\/www.diasporaportuguesa.org\/en\/events\/uria-menendez-and-the-portuguese-diaspora-council-promote-event-at-the-portuguese-embassy-in-london\/","og_site_name":"Conselho da Di\u00e1spora Portuguesa","article_published_time":"2024-09-30T10:31:04+00:00","article_modified_time":"2025-10-08T08:52:56+00:00","og_image":[{"width":1536,"height":864,"url":"https:\/\/www.diasporaportuguesa.org\/wp-content\/uploads\/2024\/09\/WhatsApp-Image-2024-09-27-at-11.19.29-3-1536x864-1.jpeg","type":"image\/jpeg"}],"author":"Diogo Silva","twitter_card":"summary_large_image","twitter_creator":"@CdDiaspora","twitter_site":"@CdDiaspora","twitter_misc":{"Written by":"Diogo Silva","Est. reading time":"2 minutes"},"schema":{"@context":"https:\/\/schema.org","@graph":[{"@type":"Article","@id":"https:\/\/www.diasporaportuguesa.org\/en\/events\/uria-menendez-and-the-portuguese-diaspora-council-promote-event-at-the-portuguese-embassy-in-london\/#article","isPartOf":{"@id":"https:\/\/www.diasporaportuguesa.org\/en\/events\/uria-menendez-and-the-portuguese-diaspora-council-promote-event-at-the-portuguese-embassy-in-london\/"},"author":{"name":"Diogo Silva","@id":"https:\/\/www.diasporaportuguesa.org\/#\/schema\/person\/c818e514378e26900dc5ca4ea5b9da53"},"headline":"Ur\u00eda Men\u00e9ndez and the Portuguese Diaspora Council promote event at the Portuguese Embassy in London","datePublished":"2024-09-30T10:31:04+00:00","dateModified":"2025-10-08T08:52:56+00:00","mainEntityOfPage":{"@id":"https:\/\/www.diasporaportuguesa.org\/en\/events\/uria-menendez-and-the-portuguese-diaspora-council-promote-event-at-the-portuguese-embassy-in-london\/"},"wordCount":277,"publisher":{"@id":"https:\/\/www.diasporaportuguesa.org\/#organization"},"articleSection":["Events"],"inLanguage":"en-US"},{"@type":"WebPage","@id":"https:\/\/www.diasporaportuguesa.org\/en\/events\/uria-menendez-and-the-portuguese-diaspora-council-promote-event-at-the-portuguese-embassy-in-london\/","url":"https:\/\/www.diasporaportuguesa.org\/en\/events\/uria-menendez-and-the-portuguese-diaspora-council-promote-event-at-the-portuguese-embassy-in-london\/","name":"Ur\u00eda Men\u00e9ndez and the Portuguese Diaspora Council promote event at the Portuguese Embassy in London - Conselho da Di\u00e1spora Portuguesa","isPartOf":{"@id":"https:\/\/www.diasporaportuguesa.org\/#website"},"datePublished":"2024-09-30T10:31:04+00:00","dateModified":"2025-10-08T08:52:56+00:00","breadcrumb":{"@id":"https:\/\/www.diasporaportuguesa.org\/en\/events\/uria-menendez-and-the-portuguese-diaspora-council-promote-event-at-the-portuguese-embassy-in-london\/#breadcrumb"},"inLanguage":"en-US","potentialAction":[{"@type":"ReadAction","target":["https:\/\/www.diasporaportuguesa.org\/en\/events\/uria-menendez-and-the-portuguese-diaspora-council-promote-event-at-the-portuguese-embassy-in-london\/"]}]},{"@type":"BreadcrumbList","@id":"https:\/\/www.diasporaportuguesa.org\/en\/events\/uria-menendez-and-the-portuguese-diaspora-council-promote-event-at-the-portuguese-embassy-in-london\/#breadcrumb","itemListElement":[{"@type":"ListItem","position":1,"name":"In\u00edcio","item":"https:\/\/www.diasporaportuguesa.org\/en\/"},{"@type":"ListItem","position":2,"name":"Events","item":"https:\/\/www.diasporaportuguesa.org\/en\/events\/"},{"@type":"ListItem","position":3,"name":"Ur\u00eda Men\u00e9ndez and the Portuguese Diaspora Council promote event at the Portuguese Embassy in London"}]},{"@type":"WebSite","@id":"https:\/\/www.diasporaportuguesa.org\/#website","url":"https:\/\/www.diasporaportuguesa.org\/","name":"Conselho da Di\u00e1spora Portuguesa","description":"Conselho da Di\u00e1spora Portuguesa","publisher":{"@id":"https:\/\/www.diasporaportuguesa.org\/#organization"},"potentialAction":[{"@type":"SearchAction","target":{"@type":"EntryPoint","urlTemplate":"https:\/\/www.diasporaportuguesa.org\/?s={search_term_string}"},"query-input":"required name=search_term_string"}],"inLanguage":"en-US"},{"@type":"Organization","@id":"https:\/\/www.diasporaportuguesa.org\/#organization","name":"Conselho da Di\u00e1spora Portuguesa","url":"https:\/\/www.diasporaportuguesa.org\/","logo":{"@type":"ImageObject","inLanguage":"en-US","@id":"https:\/\/www.diasporaportuguesa.org\/#\/schema\/logo\/image\/","url":"https:\/\/www.diasporaportuguesa.org\/wp-content\/uploads\/2022\/11\/conselho-diaspora-portuguesa.png","contentUrl":"https:\/\/www.diasporaportuguesa.org\/wp-content\/uploads\/2022\/11\/conselho-diaspora-portuguesa.png","width":735,"height":216,"caption":"Conselho da Di\u00e1spora Portuguesa"},"image":{"@id":"https:\/\/www.diasporaportuguesa.org\/#\/schema\/logo\/image\/"},"sameAs":["https:\/\/twitter.com\/CdDiaspora","https:\/\/www.linkedin.com\/company\/conselho-da-diaspora-portuguesa\/","https:\/\/www.youtube.com\/channel\/UCEI8qERhtqzV1UgdITBo6rw\/videos"]},{"@type":"Person","@id":"https:\/\/www.diasporaportuguesa.org\/#\/schema\/person\/c818e514378e26900dc5ca4ea5b9da53","name":"Diogo Silva","url":"https:\/\/www.diasporaportuguesa.org\/en\/author\/diogo-silva\/"}]}},"_links":{"self":[{"href":"https:\/\/www.diasporaportuguesa.org\/en\/wp-json\/wp\/v2\/posts\/22577"}],"collection":[{"href":"https:\/\/www.diasporaportuguesa.org\/en\/wp-json\/wp\/v2\/posts"}],"about":[{"href":"https:\/\/www.diasporaportuguesa.org\/en\/wp-json\/wp\/v2\/types\/post"}],"author":[{"embeddable":true,"href":"https:\/\/www.diasporaportuguesa.org\/en\/wp-json\/wp\/v2\/users\/10"}],"replies":[{"embeddable":true,"href":"https:\/\/www.diasporaportuguesa.org\/en\/wp-json\/wp\/v2\/comments?post=22577"}],"version-history":[{"count":1,"href":"https:\/\/www.diasporaportuguesa.org\/en\/wp-json\/wp\/v2\/posts\/22577\/revisions"}],"predecessor-version":[{"id":22578,"href":"https:\/\/www.diasporaportuguesa.org\/en\/wp-json\/wp\/v2\/posts\/22577\/revisions\/22578"}],"wp:featuredmedia":[{"embeddable":true,"href":"https:\/\/www.diasporaportuguesa.org\/en\/wp-json\/wp\/v2\/media\/22572"}],"wp:attachment":[{"href":"https:\/\/www.diasporaportuguesa.org\/en\/wp-json\/wp\/v2\/media?parent=22577"}],"wp:term":[{"taxonomy":"category","embeddable":true,"href":"https:\/\/www.diasporaportuguesa.org\/en\/wp-json\/wp\/v2\/categories?post=22577"},{"taxonomy":"post_tag","embeddable":true,"href":"https:\/\/www.diasporaportuguesa.org\/en\/wp-json\/wp\/v2\/tags?post=22577"}],"curies":[{"name":"wp","href":"https:\/\/api.w.org\/{rel}","templated":true}]}}