{"id":23890,"date":"2025-01-24T11:00:17","date_gmt":"2025-01-24T11:00:17","guid":{"rendered":"https:\/\/www.diasporaportuguesa.org\/?p=23890"},"modified":"2025-01-28T15:33:57","modified_gmt":"2025-01-28T15:33:57","slug":"luso-lab-jose-manuel-durao-barroso","status":"publish","type":"post","link":"https:\/\/www.diasporaportuguesa.org\/en\/news\/luso-lab-jose-manuel-durao-barroso\/","title":{"rendered":"Launch of the LUSO LAB Podcast | S01 E01 &#8211; Jos\u00e9 Manuel Dur\u00e3o Barroso"},"content":{"rendered":"\n<p>Conceived as a laboratory of ideas and experiences, <strong>LUSO LAB is the new project of the Young Diaspora of the Portuguese Diaspora Council in podcast format<\/strong>, where the successes of Portuguese individuals abroad are analyzed, and ways to bring these achievements back to Portugal are explored.<\/p>\n\n\n\n<p>LUSO LAB aims to highlight Portuguese talent beyond borders, promote intergenerational dialogue, inspire new generations, and simultaneously showcase the best of what Portugal has to offer, which can be exported to the world. This project seeks to inspire and educate Generations Y and Z by demonstrating that Portuguese success abroad can also drive progress in Portugal. It promotes the visibility of the Diaspora Youth as a connection between Portuguese talents, establishes a space for dialogue between experienced leaders and young professionals at the start of their careers, and bridges different generations through accessible conversations. It explores relevant and diverse topics such as innovation, sustainability, entrepreneurship, and leadership, with contributions from experts. Each episode features informal conversations with prominent figures in fields such as health, innovation, sustainability, education, leadership, and geopolitics.<\/p>\n\n\n\n<p><strong>The inaugural episode, available on <a href=\"https:\/\/www.youtube.com\/watch?v=ICjgwxudbP8\" target=\"_blank\" rel=\"noreferrer noopener\">YouTube<\/a>, <a href=\"https:\/\/open.spotify.com\/show\/1OUpfPZUBSd9yXfd5UOXQf?si=49dacc00677d416f&amp;nd=1&amp;dlsi=3df519875e494a05\" target=\"_blank\" rel=\"noreferrer noopener\">Spotify<\/a>, and <a href=\"https:\/\/podcasts.apple.com\/us\/podcast\/luso-lab\/id1792231771\" target=\"_blank\" rel=\"noreferrer noopener\">Apple Podcasts<\/a>, features Jos\u00e9 Manuel Dur\u00e3o Barroso<\/strong>, Chairman of the General Meeting of the Portuguese Diaspora Council and CEO of GAVI (the Vaccine Alliance). Jos\u00e9 Manuel Dur\u00e3o Barroso shares insights on Portuguese talent and discusses Portugal&#8217;s role in global politics, the impact of the European Union on national economies, and how young people can engage with geopolitical and financial issues.<\/p>\n\n\n\n<p><strong>Seven interviews are planned, conducted by Young Counsellors of the Young Diaspora<\/strong>, representing the new wave of highly skilled Portuguese emigrants. Among them are aerospace engineers, scientists, researchers, and managers working across different continents, symbolizing the excellence and diversity of Portuguese talent. The team of Young Advisors leading the LUSO LAB project includes Maria Monteiro (UBS, Switzerland), Sara Aguiar (Procter &amp; Gamble, Switzerland), and Francisco Carneiro (Agicap, France).<\/p>\n\n\n\n<p><strong>The episodes of the first season will air between late January and April 202<\/strong>5 and will be available on the Portuguese Diaspora Council&#8217;s streaming platforms.<\/p>\n","protected":false},"excerpt":{"rendered":"Conceived as a laboratory of ideas and experiences, LUSO LAB is the new project of the Young Diaspora of the Portuguese Diaspora Council in podcast format, where the successes of Portuguese individuals abroad are analyzed, and ways to bring these achievements back to Portugal are explored.","protected":false},"author":10,"featured_media":23891,"comment_status":"closed","ping_status":"closed","sticky":false,"template":"","format":"standard","meta":{"footnotes":""},"categories":[12],"tags":[],"acf":[],"yoast_head":"<!-- This site is optimized with the Yoast SEO plugin v21.3 - https:\/\/yoast.com\/wordpress\/plugins\/seo\/ -->\n<title>Launch of the LUSO LAB Podcast | S01 E01 - Jos\u00e9 Manuel Dur\u00e3o Barroso - Conselho da Di\u00e1spora Portuguesa<\/title>\n<meta name=\"robots\" content=\"index, follow, max-snippet:-1, max-image-preview:large, max-video-preview:-1\" \/>\n<link rel=\"canonical\" href=\"https:\/\/www.diasporaportuguesa.org\/en\/news\/luso-lab-jose-manuel-durao-barroso\/\" \/>\n<meta property=\"og:locale\" content=\"en_US\" \/>\n<meta property=\"og:type\" content=\"article\" \/>\n<meta property=\"og:title\" content=\"Launch of the LUSO LAB Podcast | S01 E01 - Jos\u00e9 Manuel Dur\u00e3o Barroso - Conselho da Di\u00e1spora Portuguesa\" \/>\n<meta property=\"og:description\" content=\"Conceived as a laboratory of ideas and experiences, LUSO LAB is the new project of the Young Diaspora of the Portuguese Diaspora Council in podcast format, where the successes of Portuguese individuals abroad are analyzed, and ways to bring these achievements back to Portugal are explored.\" \/>\n<meta property=\"og:url\" content=\"https:\/\/www.diasporaportuguesa.org\/en\/news\/luso-lab-jose-manuel-durao-barroso\/\" \/>\n<meta property=\"og:site_name\" content=\"Conselho da Di\u00e1spora Portuguesa\" \/>\n<meta property=\"article:published_time\" content=\"2025-01-24T11:00:17+00:00\" \/>\n<meta property=\"article:modified_time\" content=\"2025-01-28T15:33:57+00:00\" \/>\n<meta property=\"og:image\" content=\"https:\/\/www.diasporaportuguesa.org\/wp-content\/uploads\/2025\/01\/4.jpg\" \/>\n\t<meta property=\"og:image:width\" content=\"1080\" \/>\n\t<meta property=\"og:image:height\" content=\"1080\" \/>\n\t<meta property=\"og:image:type\" content=\"image\/jpeg\" \/>\n<meta name=\"author\" content=\"Diogo Silva\" \/>\n<meta name=\"twitter:card\" content=\"summary_large_image\" \/>\n<meta name=\"twitter:creator\" content=\"@CdDiaspora\" \/>\n<meta name=\"twitter:site\" content=\"@CdDiaspora\" \/>\n<meta name=\"twitter:label1\" content=\"Written by\" \/>\n\t<meta name=\"twitter:data1\" content=\"Diogo Silva\" \/>\n\t<meta name=\"twitter:label2\" content=\"Est. reading time\" \/>\n\t<meta name=\"twitter:data2\" content=\"2 minutes\" \/>\n<script type=\"application\/ld+json\" class=\"yoast-schema-graph\">{\"@context\":\"https:\/\/schema.org\",\"@graph\":[{\"@type\":\"Article\",\"@id\":\"https:\/\/www.diasporaportuguesa.org\/en\/news\/luso-lab-jose-manuel-durao-barroso\/#article\",\"isPartOf\":{\"@id\":\"https:\/\/www.diasporaportuguesa.org\/en\/news\/luso-lab-jose-manuel-durao-barroso\/\"},\"author\":{\"name\":\"Diogo Silva\",\"@id\":\"https:\/\/www.diasporaportuguesa.org\/#\/schema\/person\/c818e514378e26900dc5ca4ea5b9da53\"},\"headline\":\"Launch of the LUSO LAB Podcast | S01 E01 &#8211; Jos\u00e9 Manuel Dur\u00e3o Barroso\",\"datePublished\":\"2025-01-24T11:00:17+00:00\",\"dateModified\":\"2025-01-28T15:33:57+00:00\",\"mainEntityOfPage\":{\"@id\":\"https:\/\/www.diasporaportuguesa.org\/en\/news\/luso-lab-jose-manuel-durao-barroso\/\"},\"wordCount\":352,\"publisher\":{\"@id\":\"https:\/\/www.diasporaportuguesa.org\/#organization\"},\"articleSection\":[\"News\"],\"inLanguage\":\"en-US\"},{\"@type\":\"WebPage\",\"@id\":\"https:\/\/www.diasporaportuguesa.org\/en\/news\/luso-lab-jose-manuel-durao-barroso\/\",\"url\":\"https:\/\/www.diasporaportuguesa.org\/en\/news\/luso-lab-jose-manuel-durao-barroso\/\",\"name\":\"Launch of the LUSO LAB Podcast | S01 E01 - Jos\u00e9 Manuel Dur\u00e3o Barroso - Conselho da Di\u00e1spora Portuguesa\",\"isPartOf\":{\"@id\":\"https:\/\/www.diasporaportuguesa.org\/#website\"},\"datePublished\":\"2025-01-24T11:00:17+00:00\",\"dateModified\":\"2025-01-28T15:33:57+00:00\",\"breadcrumb\":{\"@id\":\"https:\/\/www.diasporaportuguesa.org\/en\/news\/luso-lab-jose-manuel-durao-barroso\/#breadcrumb\"},\"inLanguage\":\"en-US\",\"potentialAction\":[{\"@type\":\"ReadAction\",\"target\":[\"https:\/\/www.diasporaportuguesa.org\/en\/news\/luso-lab-jose-manuel-durao-barroso\/\"]}]},{\"@type\":\"BreadcrumbList\",\"@id\":\"https:\/\/www.diasporaportuguesa.org\/en\/news\/luso-lab-jose-manuel-durao-barroso\/#breadcrumb\",\"itemListElement\":[{\"@type\":\"ListItem\",\"position\":1,\"name\":\"In\u00edcio\",\"item\":\"https:\/\/www.diasporaportuguesa.org\/en\/\"},{\"@type\":\"ListItem\",\"position\":2,\"name\":\"News\",\"item\":\"https:\/\/www.diasporaportuguesa.org\/en\/news\/\"},{\"@type\":\"ListItem\",\"position\":3,\"name\":\"Launch of the LUSO LAB Podcast | S01 E01 &#8211; Jos\u00e9 Manuel Dur\u00e3o Barroso\"}]},{\"@type\":\"WebSite\",\"@id\":\"https:\/\/www.diasporaportuguesa.org\/#website\",\"url\":\"https:\/\/www.diasporaportuguesa.org\/\",\"name\":\"Conselho da Di\u00e1spora Portuguesa\",\"description\":\"Conselho da Di\u00e1spora Portuguesa\",\"publisher\":{\"@id\":\"https:\/\/www.diasporaportuguesa.org\/#organization\"},\"potentialAction\":[{\"@type\":\"SearchAction\",\"target\":{\"@type\":\"EntryPoint\",\"urlTemplate\":\"https:\/\/www.diasporaportuguesa.org\/?s={search_term_string}\"},\"query-input\":\"required name=search_term_string\"}],\"inLanguage\":\"en-US\"},{\"@type\":\"Organization\",\"@id\":\"https:\/\/www.diasporaportuguesa.org\/#organization\",\"name\":\"Conselho da Di\u00e1spora Portuguesa\",\"url\":\"https:\/\/www.diasporaportuguesa.org\/\",\"logo\":{\"@type\":\"ImageObject\",\"inLanguage\":\"en-US\",\"@id\":\"https:\/\/www.diasporaportuguesa.org\/#\/schema\/logo\/image\/\",\"url\":\"https:\/\/www.diasporaportuguesa.org\/wp-content\/uploads\/2022\/11\/conselho-diaspora-portuguesa.png\",\"contentUrl\":\"https:\/\/www.diasporaportuguesa.org\/wp-content\/uploads\/2022\/11\/conselho-diaspora-portuguesa.png\",\"width\":735,\"height\":216,\"caption\":\"Conselho da Di\u00e1spora Portuguesa\"},\"image\":{\"@id\":\"https:\/\/www.diasporaportuguesa.org\/#\/schema\/logo\/image\/\"},\"sameAs\":[\"https:\/\/twitter.com\/CdDiaspora\",\"https:\/\/www.linkedin.com\/company\/conselho-da-diaspora-portuguesa\/\",\"https:\/\/www.youtube.com\/channel\/UCEI8qERhtqzV1UgdITBo6rw\/videos\"]},{\"@type\":\"Person\",\"@id\":\"https:\/\/www.diasporaportuguesa.org\/#\/schema\/person\/c818e514378e26900dc5ca4ea5b9da53\",\"name\":\"Diogo Silva\",\"url\":\"https:\/\/www.diasporaportuguesa.org\/en\/author\/diogo-silva\/\"}]}<\/script>\n<!-- \/ Yoast SEO plugin. -->","yoast_head_json":{"title":"Launch of the LUSO LAB Podcast | S01 E01 - Jos\u00e9 Manuel Dur\u00e3o Barroso - Conselho da Di\u00e1spora Portuguesa","robots":{"index":"index","follow":"follow","max-snippet":"max-snippet:-1","max-image-preview":"max-image-preview:large","max-video-preview":"max-video-preview:-1"},"canonical":"https:\/\/www.diasporaportuguesa.org\/en\/news\/luso-lab-jose-manuel-durao-barroso\/","og_locale":"en_US","og_type":"article","og_title":"Launch of the LUSO LAB Podcast | S01 E01 - Jos\u00e9 Manuel Dur\u00e3o Barroso - Conselho da Di\u00e1spora Portuguesa","og_description":"Conceived as a laboratory of ideas and experiences, LUSO LAB is the new project of the Young Diaspora of the Portuguese Diaspora Council in podcast format, where the successes of Portuguese individuals abroad are analyzed, and ways to bring these achievements back to Portugal are explored.","og_url":"https:\/\/www.diasporaportuguesa.org\/en\/news\/luso-lab-jose-manuel-durao-barroso\/","og_site_name":"Conselho da Di\u00e1spora Portuguesa","article_published_time":"2025-01-24T11:00:17+00:00","article_modified_time":"2025-01-28T15:33:57+00:00","og_image":[{"width":1080,"height":1080,"url":"https:\/\/www.diasporaportuguesa.org\/wp-content\/uploads\/2025\/01\/4.jpg","type":"image\/jpeg"}],"author":"Diogo Silva","twitter_card":"summary_large_image","twitter_creator":"@CdDiaspora","twitter_site":"@CdDiaspora","twitter_misc":{"Written by":"Diogo Silva","Est. reading time":"2 minutes"},"schema":{"@context":"https:\/\/schema.org","@graph":[{"@type":"Article","@id":"https:\/\/www.diasporaportuguesa.org\/en\/news\/luso-lab-jose-manuel-durao-barroso\/#article","isPartOf":{"@id":"https:\/\/www.diasporaportuguesa.org\/en\/news\/luso-lab-jose-manuel-durao-barroso\/"},"author":{"name":"Diogo Silva","@id":"https:\/\/www.diasporaportuguesa.org\/#\/schema\/person\/c818e514378e26900dc5ca4ea5b9da53"},"headline":"Launch of the LUSO LAB Podcast | S01 E01 &#8211; Jos\u00e9 Manuel Dur\u00e3o Barroso","datePublished":"2025-01-24T11:00:17+00:00","dateModified":"2025-01-28T15:33:57+00:00","mainEntityOfPage":{"@id":"https:\/\/www.diasporaportuguesa.org\/en\/news\/luso-lab-jose-manuel-durao-barroso\/"},"wordCount":352,"publisher":{"@id":"https:\/\/www.diasporaportuguesa.org\/#organization"},"articleSection":["News"],"inLanguage":"en-US"},{"@type":"WebPage","@id":"https:\/\/www.diasporaportuguesa.org\/en\/news\/luso-lab-jose-manuel-durao-barroso\/","url":"https:\/\/www.diasporaportuguesa.org\/en\/news\/luso-lab-jose-manuel-durao-barroso\/","name":"Launch of the LUSO LAB Podcast | S01 E01 - Jos\u00e9 Manuel Dur\u00e3o Barroso - Conselho da Di\u00e1spora Portuguesa","isPartOf":{"@id":"https:\/\/www.diasporaportuguesa.org\/#website"},"datePublished":"2025-01-24T11:00:17+00:00","dateModified":"2025-01-28T15:33:57+00:00","breadcrumb":{"@id":"https:\/\/www.diasporaportuguesa.org\/en\/news\/luso-lab-jose-manuel-durao-barroso\/#breadcrumb"},"inLanguage":"en-US","potentialAction":[{"@type":"ReadAction","target":["https:\/\/www.diasporaportuguesa.org\/en\/news\/luso-lab-jose-manuel-durao-barroso\/"]}]},{"@type":"BreadcrumbList","@id":"https:\/\/www.diasporaportuguesa.org\/en\/news\/luso-lab-jose-manuel-durao-barroso\/#breadcrumb","itemListElement":[{"@type":"ListItem","position":1,"name":"In\u00edcio","item":"https:\/\/www.diasporaportuguesa.org\/en\/"},{"@type":"ListItem","position":2,"name":"News","item":"https:\/\/www.diasporaportuguesa.org\/en\/news\/"},{"@type":"ListItem","position":3,"name":"Launch of the LUSO LAB Podcast | S01 E01 &#8211; Jos\u00e9 Manuel Dur\u00e3o Barroso"}]},{"@type":"WebSite","@id":"https:\/\/www.diasporaportuguesa.org\/#website","url":"https:\/\/www.diasporaportuguesa.org\/","name":"Conselho da Di\u00e1spora Portuguesa","description":"Conselho da Di\u00e1spora Portuguesa","publisher":{"@id":"https:\/\/www.diasporaportuguesa.org\/#organization"},"potentialAction":[{"@type":"SearchAction","target":{"@type":"EntryPoint","urlTemplate":"https:\/\/www.diasporaportuguesa.org\/?s={search_term_string}"},"query-input":"required name=search_term_string"}],"inLanguage":"en-US"},{"@type":"Organization","@id":"https:\/\/www.diasporaportuguesa.org\/#organization","name":"Conselho da Di\u00e1spora Portuguesa","url":"https:\/\/www.diasporaportuguesa.org\/","logo":{"@type":"ImageObject","inLanguage":"en-US","@id":"https:\/\/www.diasporaportuguesa.org\/#\/schema\/logo\/image\/","url":"https:\/\/www.diasporaportuguesa.org\/wp-content\/uploads\/2022\/11\/conselho-diaspora-portuguesa.png","contentUrl":"https:\/\/www.diasporaportuguesa.org\/wp-content\/uploads\/2022\/11\/conselho-diaspora-portuguesa.png","width":735,"height":216,"caption":"Conselho da Di\u00e1spora Portuguesa"},"image":{"@id":"https:\/\/www.diasporaportuguesa.org\/#\/schema\/logo\/image\/"},"sameAs":["https:\/\/twitter.com\/CdDiaspora","https:\/\/www.linkedin.com\/company\/conselho-da-diaspora-portuguesa\/","https:\/\/www.youtube.com\/channel\/UCEI8qERhtqzV1UgdITBo6rw\/videos"]},{"@type":"Person","@id":"https:\/\/www.diasporaportuguesa.org\/#\/schema\/person\/c818e514378e26900dc5ca4ea5b9da53","name":"Diogo Silva","url":"https:\/\/www.diasporaportuguesa.org\/en\/author\/diogo-silva\/"}]}},"_links":{"self":[{"href":"https:\/\/www.diasporaportuguesa.org\/en\/wp-json\/wp\/v2\/posts\/23890"}],"collection":[{"href":"https:\/\/www.diasporaportuguesa.org\/en\/wp-json\/wp\/v2\/posts"}],"about":[{"href":"https:\/\/www.diasporaportuguesa.org\/en\/wp-json\/wp\/v2\/types\/post"}],"author":[{"embeddable":true,"href":"https:\/\/www.diasporaportuguesa.org\/en\/wp-json\/wp\/v2\/users\/10"}],"replies":[{"embeddable":true,"href":"https:\/\/www.diasporaportuguesa.org\/en\/wp-json\/wp\/v2\/comments?post=23890"}],"version-history":[{"count":4,"href":"https:\/\/www.diasporaportuguesa.org\/en\/wp-json\/wp\/v2\/posts\/23890\/revisions"}],"predecessor-version":[{"id":23913,"href":"https:\/\/www.diasporaportuguesa.org\/en\/wp-json\/wp\/v2\/posts\/23890\/revisions\/23913"}],"wp:featuredmedia":[{"embeddable":true,"href":"https:\/\/www.diasporaportuguesa.org\/en\/wp-json\/wp\/v2\/media\/23891"}],"wp:attachment":[{"href":"https:\/\/www.diasporaportuguesa.org\/en\/wp-json\/wp\/v2\/media?parent=23890"}],"wp:term":[{"taxonomy":"category","embeddable":true,"href":"https:\/\/www.diasporaportuguesa.org\/en\/wp-json\/wp\/v2\/categories?post=23890"},{"taxonomy":"post_tag","embeddable":true,"href":"https:\/\/www.diasporaportuguesa.org\/en\/wp-json\/wp\/v2\/tags?post=23890"}],"curies":[{"name":"wp","href":"https:\/\/api.w.org\/{rel}","templated":true}]}}