{"id":24133,"date":"2025-04-11T16:23:20","date_gmt":"2025-04-11T16:23:20","guid":{"rendered":"https:\/\/www.diasporaportuguesa.org\/?p=24133"},"modified":"2025-04-11T16:54:10","modified_gmt":"2025-04-11T16:54:10","slug":"entrevista-nancy-goncalves-jn","status":"publish","type":"post","link":"https:\/\/www.diasporaportuguesa.org\/en\/news\/entrevista-nancy-goncalves-jn\/","title":{"rendered":"Entrevista a Nancy Gon\u00e7alves: &#8220;\u00c9 necess\u00e1rio valorizar o capital humano&#8221; | Jornal de Neg\u00f3cios"},"content":{"rendered":"\n<p>No \u00e2mbito da parceria entre o Conselho da Di\u00e1spora Portuguesa e o Neg\u00f3cios,\u00a0Nancy Gon\u00e7alves advogada e not\u00e1ria p\u00fablica, diretora-fundadora da C\u00e2mara de Com\u00e9rcio e Ind\u00fastria Portugal-Canad\u00e1, e Conselheira do N\u00facleo Regional do Canad\u00e1 foi entrevistada para o Jornal de Neg\u00f3cios, onde abordou o seu percurso profissional e identificou oportunidades competitivas para Portugal, a sua economia, empresas e empres\u00e1rios em geral.<\/p>\n\n\n\n<p><strong>1- O QUE A LEVOU A SAIR DE PORTUGAL?<\/strong><\/p>\n\n\n\n<p>A vontade dos portugueses levou-os, desde longa data, aos quatro cantos do mundo. Tal como muitos concidad\u00e3os, os meus pais decidiram emigrar antes da Revolu\u00e7\u00e3o de Abril, \u00e0 procura de construir um futuro melhor \u2013 algo que, outrora, Portugal n\u00e3o lhes podia proporcionar. A vontade de mudan\u00e7a e o esp\u00edrito de aventura trouxe-os at\u00e9 ao centro do Canad\u00e1 e, foi aqui, na Cidade de Winnipeg, Manitoba, que nasci. No entanto, j\u00e1 estou bastante acostumada a perguntarem-me h\u00e1 quanto tempo \u00e9 que emigrei. Gostaria de acrescentar que sou orgulhosamente portuguesa, por la\u00e7os biol\u00f3gicos, hist\u00f3ricos, culturais e profissionais.<\/p>\n\n\n\n<p><strong>2- QUE VANTAGENS OU DESVANTAGENS LHE TROUXE O FACTO DE SER PORTUGUESA?<\/strong><\/p>\n\n\n\n<p>Tenho fam\u00edlia e amigos espalhados pelo mundo e, por essa raz\u00e3o, tenho tido oportunidade de conhecer outras culturas e testemunhar que ser portugu\u00eas \u00e9 um verdadeiro privil\u00e9gio. A di\u00e1spora portuguesa \u00e9 a maior prova de equil\u00edbrio entre a integra\u00e7\u00e3o na sociedade que nos acolhe, com a preserva\u00e7\u00e3o da l\u00edngua e cultura portuguesa fora do pa\u00eds que nos viu nascer. Por essa raz\u00e3o, n\u00e3o sinto qualquer tipo de desvantagem pelo facto de ser luso-descendente: muito pelo contr\u00e1rio. Acredito que isso se deva \u00e0 presen\u00e7a portuguesa datada da Era dos Descobrimentos, mesmo antes da funda\u00e7\u00e3o do Canad\u00e1. A forte rela\u00e7\u00e3o hist\u00f3rica entre os dois pa\u00edses \u00e9 marcada por profundos la\u00e7os de amizade e de coopera\u00e7\u00e3o e est\u00e1 evidenciada nos nomes de origem portuguesa em v\u00e1rios locais da costa atl\u00e2ntica, concretamente na Terra Nova, onde os portugueses pescaram durante cerca de 5 s\u00e9culos. Para al\u00e9m disso, Portugal e o Canad\u00e1 s\u00e3o membros fundadores da NATO, em 1952 estabeleceram Rela\u00e7\u00f5es Diplom\u00e1ticas e no ano seguinte, a 13 de maio, chegaram ao porto de Halifax os pioneiros portugueses, aqueles que constitu\u00edram a imigra\u00e7\u00e3o oficial para o Canad\u00e1. Vieram para trabalhar na constru\u00e7\u00e3o civil, limpeza, agricultura, pecu\u00e1ria, pesca, ind\u00fastria e caminho-de-ferro, atrav\u00e9s do qual se dispersaram. Os portugueses destacam-se pelo seu dinamismo, esp\u00edrito de sacrif\u00edcio, ou dedica\u00e7\u00e3o ao trabalho e, por essa raz\u00e3o, s\u00e3o um exemplo de sucesso. Eu costumo dizer que ser portugu\u00eas \u00e9 ser dono da vontade de vencer.<\/p>\n\n\n\n<p><strong>3- QUE OBST\u00c1CULOS TEVE DE SUPERAR E COMO O FEZ?<\/strong><\/p>\n\n\n\n<p>Nasci, vivo e trabalho num pa\u00eds multiculturalista, que mesmo antes da data da sua funda\u00e7\u00e3o recebeu outros povos. Na Prov\u00edncia onde nasci e vivo s\u00e3o falados diariamente mais de cem idiomas e por essa raz\u00e3o cultiva-se o respeito pela diversidade, igualdade de direitos e inclus\u00e3o social. Por isso, \u00e9 not\u00e1vel o compromisso das autoridades governamentais e das entidades patronais em integrarem os rec\u00e9m-chegados. Saliento que os governos t\u00eam dado, ao longo das v\u00e1rias ondas de imigra\u00e7\u00e3o, particular aten\u00e7\u00e3o a estes assuntos, bem como a temas laborais, promovendo, em v\u00e1rios idiomas, vastas campanhas informativas e de consciencializa\u00e7\u00e3o nas \u00e1reas da sa\u00fade, educa\u00e7\u00e3o, higiene e seguran\u00e7a no trabalho. Por exemplo, destaco a possibilidade de realiza\u00e7\u00e3o do Exame de C\u00f3digo da Estrada nesta Prov\u00edncia num dos trinta idiomas dispon\u00edveis, entre os quais a l\u00edngua portuguesa. Neste contexto, h\u00e1 uma maior facilidade em enfrentar qualquer obst\u00e1culo.<\/p>\n\n\n\n<p><strong>4- O QUE MAIS ADMIRA NO PA\u00cdS EM QUE EST\u00c1?<\/strong><\/p>\n\n\n\n<p>O Canad\u00e1 geograficamente \u00e9 o segundo maior pa\u00eds do mundo, com vastos recursos naturais, paisagens deslumbrantes, uma economia diversificada e um povo acolhedor e af\u00e1vel. \u00c9 um pa\u00eds seguro, onde as pessoas gozam de uma grande qualidade de vida, sendo o seu custo bastante sustent\u00e1vel, particularmente nesta Prov\u00edncia. Ao longo dos tempos, houve v\u00e1rias ondas de imigra\u00e7\u00e3o, nomeadamente europeia, que vieram ajudar a preencher a falta de m\u00e3o-de-obra qualificada, aproveitando as oportunidades que lhe apareciam. Dito isto, devo dizer que uma das coisas que mais admiro no Canad\u00e1 \u00e9 o incentivo \u00e0 forma\u00e7\u00e3o superior, algo que conduz a uma ampla oferta de servi\u00e7os de profissionais altamente preparados para enfrentar qualquer necessidade. Admiro tamb\u00e9m as pol\u00edticas e pr\u00e1ticas de conserva\u00e7\u00e3o ambiental, a agricultura sustent\u00e1vel, a investiga\u00e7\u00e3o nas \u00e1reas da sa\u00fade e nuclear, o investimento na inova\u00e7\u00e3o, bem como a celeridade e efic\u00e1cia do sistema de justi\u00e7a. Nos \u00faltimos anos, tem havido um expressivo aumento da participa\u00e7\u00e3o do g\u00e9nero feminino nos sectores sociopol\u00edtico, educativo, jur\u00eddico e em cargos de gest\u00e3o, o que \u00e9 visto como um avan\u00e7o significativo. Destaca-se tamb\u00e9m a particular aten\u00e7\u00e3o que os governos t\u00eam dado aos assuntos relacionados com os povos ind\u00edgenas, num esp\u00edrito de verdade e reconcilia\u00e7\u00e3o. Todos estes fatores demonstram, inequivocamente, o empenho na promo\u00e7\u00e3o da integra\u00e7\u00e3o social, a sustenta\u00e7\u00e3o de uma estrutura organizada, est\u00e1vel e uma economia promissora, apesar das grandes incertezas que se vivem atualmente, nomeadamente a amea\u00e7a da revoga\u00e7\u00e3o do acordo de com\u00e9rcio USMCA (antigo NAFTA).<\/p>\n\n\n\n<p><strong>5- O QUE MAIS ADMIRA NA EMPRESA \/ ORGANIZA\u00c7\u00c3O EM QUE EST\u00c1?<\/strong><\/p>\n\n\n\n<p>Sou advogada e not\u00e1ria p\u00fablica por voca\u00e7\u00e3o e, por amor a Portugal, tenho exercido v\u00e1rios cargos de natureza volunt\u00e1ria. Como luso-descendente, digo que nos devemos manter fi\u00e9is \u00e0s nossas ra\u00edzes e sermos impulsionadores de solu\u00e7\u00f5es. O nosso exemplo e contributo devem estar sempre imbu\u00eddos de um esp\u00edrito participativo, de total coopera\u00e7\u00e3o e confian\u00e7a com quem nos relacionamos. Por isso, acredito que a valoriza\u00e7\u00e3o do capital humano \u00e9 essencial para o funcionamento e desenvolvimento de qualquer organiza\u00e7\u00e3o.<\/p>\n\n\n\n<p><strong>6- QUE RECOMENDA\u00c7\u00d5ES DARIA A PORTUGAL E AOS SEUS EMPRES\u00c1RIOS E GESTORES?<\/strong><\/p>\n\n\n\n<p>A Portugal, uma maior celeridade e efic\u00e1cia no sistema de justi\u00e7a e a redu\u00e7\u00e3o burocr\u00e1tica e entraves inerentes. A cria\u00e7\u00e3o de redes estrat\u00e9gicas, sendo o investimento na tecnologia e inova\u00e7\u00e3o indispens\u00e1veis para manter a competitividade a longo prazo. Para as empresas se posicionarem eficazmente, devem ser sustent\u00e1veis e ter como prioridade a valoriza\u00e7\u00e3o do capital humano. Aos trabalhadores, devem ser criadas condi\u00e7\u00f5es favor\u00e1veis para uma vida profissional e pessoal equilibrada. Devem dedicar particular aten\u00e7\u00e3o ao seu bem-estar f\u00edsico e mental, algo que considero indispens\u00e1vel para o aumento da sua capacidade produtiva.<\/p>\n\n\n\n<p><strong>7- EM QUE SETORES DO PA\u00cdS ONDE VIVE PODER\u00c3O AS EMPRESAS PORTUGUESAS ENCONTRAR CLIENTES?<\/strong><\/p>\n\n\n\n<p>Portugal une-se atrav\u00e9s do Atl\u00e2ntico a v\u00e1rias na\u00e7\u00f5es, inclusive ao Canad\u00e1, pa\u00eds que na outra costa se une a uma outra parte do mundo atrav\u00e9s do Pac\u00edfico. Acredito, portanto, que poder\u00e3o encontrar n\u00e3o s\u00f3 clientes, mas tamb\u00e9m investir nos sectores log\u00edstico, agr\u00edcola, pesca, aquacultura, energ\u00e9tico, explora\u00e7\u00e3o de recursos minerais, ind\u00fastria e servi\u00e7os. Estas \u00e1reas poder\u00e3o ser muito atrativas, tendo em considera\u00e7\u00e3o as v\u00e1rias op\u00e7\u00f5es dispon\u00edveis, a vasta dimens\u00e3o geogr\u00e1fica do pa\u00eds, bem como a possibilidade de expans\u00e3o para outros mercados. Gostaria ainda de salientar que o Canad\u00e1 \u00e9 um pa\u00eds com bastante m\u00e3o-de-obra qualificada, com elevados incentivos e muito recetivo ao investimento estrangeiro.<\/p>\n\n\n\n<p>Caso sejam aplicadas as tarifas por parte dos EUA, vejo um enorme potencial de investimento no porto de Churchill, cidade localizada a cerca de 1000 quil\u00f3metros de Winnipeg, na Ba\u00eda de Hudson, conectada ao Oceano Atl\u00e2ntico.<\/p>\n\n\n\n<p>Relativamente \u00e0 minha \u00e1rea de forma\u00e7\u00e3o, gostaria de acrescentar que \u00e9 um pa\u00eds com um n\u00edvel burocr\u00e1tico bastante acess\u00edvel e possui um sistema de justi\u00e7a eficiente.<\/p>\n\n\n\n<p><strong>8- EM QUE SETORES DE PORTUGAL PODERIAM AS EMPRESAS DO PA\u00cdS ONDE EST\u00c1 QUERER INVESTIR?<\/strong><\/p>\n\n\n\n<p>Portugal \u00e9 um pa\u00eds altamente competitivo, no qual se destaca a m\u00e3o-de-obra qualificada, a capacidade de inova\u00e7\u00e3o, a competitividade de custos e a fi\u00e1vel infraestrutura. Como resultado da combina\u00e7\u00e3o destes fatores, obt\u00e9m-se um produto de elevada qualidade para mercados internacionais, cada vez mais exigentes. No entanto, a credibiliza\u00e7\u00e3o de um produto produzido em Portugal, e a qualidade associada ao mesmo, \u00e9 sem d\u00favida um dos fatores mais apelativos para qualquer investidor. Nos \u00faltimos anos, tenho visto empresas canadianas investirem nos sectores do retalho, com\u00e9rcio, t\u00eaxtil, minas, imobili\u00e1rio, hotelaria, turismo, tecnol\u00f3gico (nomeadamente, na ciberseguran\u00e7a e intelig\u00eancia artificial). Contudo, acredito que ainda h\u00e1 espa\u00e7o para alargar tais investimentos aos sectores da agricultura, energias renov\u00e1veis, aeron\u00e1utico (civil e defesa) e sa\u00fade. Vivemos num mundo globalizado e por isso urge criar sinergias, explorar novas oportunidades, exportar para outros mercados, beneficiando dos ambiciosos acordos de com\u00e9rcio livre existentes, nomeadamente entre o Canad\u00e1 e a Europa.<\/p>\n\n\n\n<p><strong>9- QUAL A VANTAGEM COMPETITIVA DO PA\u00cdS EM QUE EST\u00c1 QUE PODERIA SER REPLICADA EM PORTUGAL?<\/strong><\/p>\n\n\n\n<p>Sem d\u00favida os n\u00edveis de produtividade e as alian\u00e7as estrat\u00e9gicas existentes entre empresas, que s\u00e3o indispens\u00e1veis para a sua afirma\u00e7\u00e3o e sustentabilidade. Gostaria de destacar que no ano passado foi lan\u00e7ada em Portugal a C\u00e2mara de Com\u00e9rcio Canad\u00e1-Portugal, no dia 1 de julho, dia do Canad\u00e1. Este ano est\u00e1 previsto o lan\u00e7amento da C\u00e2mara de Com\u00e9rcio e Ind\u00fastria Portugal-Canad\u00e1. Acredito que estas organiza\u00e7\u00f5es t\u00eam um papel fundamental na cria\u00e7\u00e3o de eventos, no fortalecimento de rela\u00e7\u00f5es e na promo\u00e7\u00e3o das atividades dos seus associados.<\/p>\n\n\n\n<p><strong>10- PENSA VOLTAR PARA PORTUGAL? PORQU\u00ca?<\/strong><\/p>\n\n\n\n<p>Sempre que me perguntam se penso voltar para Portugal, respondo, sem qualquer hesita\u00e7\u00e3o, que gostaria muito de regressar \u00e0s minhas origens. \u00c9 l\u00e1 que vive grande parte dos meus familiares e onde tamb\u00e9m tenho casa. Al\u00e9m disso, nos \u00faltimos anos, tenho l\u00e1 investido e empreendido neg\u00f3cios, pelo que gostaria de os acompanhar de perto. No entanto, estou de igual modo comprometida com a voca\u00e7\u00e3o que escolhi para profiss\u00e3o e espero continuar a contribuir para as atividades da di\u00e1spora em que estou inserida.<\/p>\n","protected":false},"excerpt":{"rendered":"No \u00e2mbito da parceria entre o Conselho da Di\u00e1spora Portuguesa e o Neg\u00f3cios,\u00a0Nancy Gon\u00e7alves advogada e not\u00e1ria p\u00fablica, diretora-fundadora da C\u00e2mara de Com\u00e9rcio e Ind\u00fastria Portugal-Canad\u00e1, e Conselheira do N\u00facleo Regional do Canad\u00e1 foi entrevistada para o Jornal de Neg\u00f3cios.","protected":false},"author":10,"featured_media":24134,"comment_status":"closed","ping_status":"closed","sticky":false,"template":"","format":"standard","meta":{"footnotes":""},"categories":[12],"tags":[],"acf":[],"yoast_head":"<!-- This site is optimized with the Yoast SEO plugin v21.3 - https:\/\/yoast.com\/wordpress\/plugins\/seo\/ -->\n<title>Entrevista a Nancy Gon\u00e7alves: &quot;\u00c9 necess\u00e1rio valorizar o capital humano&quot; | Jornal de Neg\u00f3cios - Conselho da Di\u00e1spora Portuguesa<\/title>\n<meta name=\"robots\" content=\"index, follow, max-snippet:-1, max-image-preview:large, max-video-preview:-1\" \/>\n<link rel=\"canonical\" href=\"https:\/\/www.diasporaportuguesa.org\/en\/news\/entrevista-nancy-goncalves-jn\/\" \/>\n<meta property=\"og:locale\" content=\"en_US\" \/>\n<meta property=\"og:type\" content=\"article\" \/>\n<meta property=\"og:title\" content=\"Entrevista a Nancy Gon\u00e7alves: &quot;\u00c9 necess\u00e1rio valorizar o capital humano&quot; | Jornal de Neg\u00f3cios - Conselho da Di\u00e1spora Portuguesa\" \/>\n<meta property=\"og:description\" content=\"No \u00e2mbito da parceria entre o Conselho da Di\u00e1spora Portuguesa e o Neg\u00f3cios,\u00a0Nancy Gon\u00e7alves advogada e not\u00e1ria p\u00fablica, diretora-fundadora da C\u00e2mara de Com\u00e9rcio e Ind\u00fastria Portugal-Canad\u00e1, e Conselheira do N\u00facleo Regional do Canad\u00e1 foi entrevistada para o Jornal de Neg\u00f3cios.\" \/>\n<meta property=\"og:url\" content=\"https:\/\/www.diasporaportuguesa.org\/en\/news\/entrevista-nancy-goncalves-jn\/\" \/>\n<meta property=\"og:site_name\" content=\"Conselho da Di\u00e1spora Portuguesa\" \/>\n<meta property=\"article:published_time\" content=\"2025-04-11T16:23:20+00:00\" \/>\n<meta property=\"article:modified_time\" content=\"2025-04-11T16:54:10+00:00\" \/>\n<meta property=\"og:image\" content=\"https:\/\/www.diasporaportuguesa.org\/wp-content\/uploads\/2025\/04\/Foto_Nancy_Goncalves-scaled.jpg\" \/>\n\t<meta property=\"og:image:width\" content=\"2016\" \/>\n\t<meta property=\"og:image:height\" content=\"2560\" \/>\n\t<meta property=\"og:image:type\" content=\"image\/jpeg\" \/>\n<meta name=\"author\" content=\"Diogo Silva\" \/>\n<meta name=\"twitter:card\" content=\"summary_large_image\" \/>\n<meta name=\"twitter:creator\" content=\"@CdDiaspora\" \/>\n<meta name=\"twitter:site\" content=\"@CdDiaspora\" \/>\n<meta name=\"twitter:label1\" content=\"Written by\" \/>\n\t<meta name=\"twitter:data1\" content=\"Diogo Silva\" \/>\n\t<meta name=\"twitter:label2\" content=\"Est. reading time\" \/>\n\t<meta name=\"twitter:data2\" content=\"9 minutes\" \/>\n<script type=\"application\/ld+json\" class=\"yoast-schema-graph\">{\"@context\":\"https:\/\/schema.org\",\"@graph\":[{\"@type\":\"Article\",\"@id\":\"https:\/\/www.diasporaportuguesa.org\/en\/news\/entrevista-nancy-goncalves-jn\/#article\",\"isPartOf\":{\"@id\":\"https:\/\/www.diasporaportuguesa.org\/en\/news\/entrevista-nancy-goncalves-jn\/\"},\"author\":{\"name\":\"Diogo Silva\",\"@id\":\"https:\/\/www.diasporaportuguesa.org\/#\/schema\/person\/c818e514378e26900dc5ca4ea5b9da53\"},\"headline\":\"Entrevista a Nancy Gon\u00e7alves: &#8220;\u00c9 necess\u00e1rio valorizar o capital humano&#8221; | Jornal de Neg\u00f3cios\",\"datePublished\":\"2025-04-11T16:23:20+00:00\",\"dateModified\":\"2025-04-11T16:54:10+00:00\",\"mainEntityOfPage\":{\"@id\":\"https:\/\/www.diasporaportuguesa.org\/en\/news\/entrevista-nancy-goncalves-jn\/\"},\"wordCount\":1767,\"publisher\":{\"@id\":\"https:\/\/www.diasporaportuguesa.org\/#organization\"},\"articleSection\":[\"News\"],\"inLanguage\":\"en-US\"},{\"@type\":\"WebPage\",\"@id\":\"https:\/\/www.diasporaportuguesa.org\/en\/news\/entrevista-nancy-goncalves-jn\/\",\"url\":\"https:\/\/www.diasporaportuguesa.org\/en\/news\/entrevista-nancy-goncalves-jn\/\",\"name\":\"Entrevista a Nancy Gon\u00e7alves: \\\"\u00c9 necess\u00e1rio valorizar o capital humano\\\" | Jornal de Neg\u00f3cios - Conselho da Di\u00e1spora Portuguesa\",\"isPartOf\":{\"@id\":\"https:\/\/www.diasporaportuguesa.org\/#website\"},\"datePublished\":\"2025-04-11T16:23:20+00:00\",\"dateModified\":\"2025-04-11T16:54:10+00:00\",\"breadcrumb\":{\"@id\":\"https:\/\/www.diasporaportuguesa.org\/en\/news\/entrevista-nancy-goncalves-jn\/#breadcrumb\"},\"inLanguage\":\"en-US\",\"potentialAction\":[{\"@type\":\"ReadAction\",\"target\":[\"https:\/\/www.diasporaportuguesa.org\/en\/news\/entrevista-nancy-goncalves-jn\/\"]}]},{\"@type\":\"BreadcrumbList\",\"@id\":\"https:\/\/www.diasporaportuguesa.org\/en\/news\/entrevista-nancy-goncalves-jn\/#breadcrumb\",\"itemListElement\":[{\"@type\":\"ListItem\",\"position\":1,\"name\":\"In\u00edcio\",\"item\":\"https:\/\/www.diasporaportuguesa.org\/en\/\"},{\"@type\":\"ListItem\",\"position\":2,\"name\":\"News\",\"item\":\"https:\/\/www.diasporaportuguesa.org\/en\/news\/\"},{\"@type\":\"ListItem\",\"position\":3,\"name\":\"Entrevista a Nancy Gon\u00e7alves: &#8220;\u00c9 necess\u00e1rio valorizar o capital humano&#8221; | Jornal de Neg\u00f3cios\"}]},{\"@type\":\"WebSite\",\"@id\":\"https:\/\/www.diasporaportuguesa.org\/#website\",\"url\":\"https:\/\/www.diasporaportuguesa.org\/\",\"name\":\"Conselho da Di\u00e1spora Portuguesa\",\"description\":\"Conselho da Di\u00e1spora Portuguesa\",\"publisher\":{\"@id\":\"https:\/\/www.diasporaportuguesa.org\/#organization\"},\"potentialAction\":[{\"@type\":\"SearchAction\",\"target\":{\"@type\":\"EntryPoint\",\"urlTemplate\":\"https:\/\/www.diasporaportuguesa.org\/?s={search_term_string}\"},\"query-input\":\"required name=search_term_string\"}],\"inLanguage\":\"en-US\"},{\"@type\":\"Organization\",\"@id\":\"https:\/\/www.diasporaportuguesa.org\/#organization\",\"name\":\"Conselho da Di\u00e1spora Portuguesa\",\"url\":\"https:\/\/www.diasporaportuguesa.org\/\",\"logo\":{\"@type\":\"ImageObject\",\"inLanguage\":\"en-US\",\"@id\":\"https:\/\/www.diasporaportuguesa.org\/#\/schema\/logo\/image\/\",\"url\":\"https:\/\/www.diasporaportuguesa.org\/wp-content\/uploads\/2022\/11\/conselho-diaspora-portuguesa.png\",\"contentUrl\":\"https:\/\/www.diasporaportuguesa.org\/wp-content\/uploads\/2022\/11\/conselho-diaspora-portuguesa.png\",\"width\":735,\"height\":216,\"caption\":\"Conselho da Di\u00e1spora Portuguesa\"},\"image\":{\"@id\":\"https:\/\/www.diasporaportuguesa.org\/#\/schema\/logo\/image\/\"},\"sameAs\":[\"https:\/\/twitter.com\/CdDiaspora\",\"https:\/\/www.linkedin.com\/company\/conselho-da-diaspora-portuguesa\/\",\"https:\/\/www.youtube.com\/channel\/UCEI8qERhtqzV1UgdITBo6rw\/videos\"]},{\"@type\":\"Person\",\"@id\":\"https:\/\/www.diasporaportuguesa.org\/#\/schema\/person\/c818e514378e26900dc5ca4ea5b9da53\",\"name\":\"Diogo Silva\",\"url\":\"https:\/\/www.diasporaportuguesa.org\/en\/author\/diogo-silva\/\"}]}<\/script>\n<!-- \/ Yoast SEO plugin. -->","yoast_head_json":{"title":"Entrevista a Nancy Gon\u00e7alves: \"\u00c9 necess\u00e1rio valorizar o capital humano\" | Jornal de Neg\u00f3cios - Conselho da Di\u00e1spora Portuguesa","robots":{"index":"index","follow":"follow","max-snippet":"max-snippet:-1","max-image-preview":"max-image-preview:large","max-video-preview":"max-video-preview:-1"},"canonical":"https:\/\/www.diasporaportuguesa.org\/en\/news\/entrevista-nancy-goncalves-jn\/","og_locale":"en_US","og_type":"article","og_title":"Entrevista a Nancy Gon\u00e7alves: \"\u00c9 necess\u00e1rio valorizar o capital humano\" | Jornal de Neg\u00f3cios - Conselho da Di\u00e1spora Portuguesa","og_description":"No \u00e2mbito da parceria entre o Conselho da Di\u00e1spora Portuguesa e o Neg\u00f3cios,\u00a0Nancy Gon\u00e7alves advogada e not\u00e1ria p\u00fablica, diretora-fundadora da C\u00e2mara de Com\u00e9rcio e Ind\u00fastria Portugal-Canad\u00e1, e Conselheira do N\u00facleo Regional do Canad\u00e1 foi entrevistada para o Jornal de Neg\u00f3cios.","og_url":"https:\/\/www.diasporaportuguesa.org\/en\/news\/entrevista-nancy-goncalves-jn\/","og_site_name":"Conselho da Di\u00e1spora Portuguesa","article_published_time":"2025-04-11T16:23:20+00:00","article_modified_time":"2025-04-11T16:54:10+00:00","og_image":[{"width":2016,"height":2560,"url":"https:\/\/www.diasporaportuguesa.org\/wp-content\/uploads\/2025\/04\/Foto_Nancy_Goncalves-scaled.jpg","type":"image\/jpeg"}],"author":"Diogo Silva","twitter_card":"summary_large_image","twitter_creator":"@CdDiaspora","twitter_site":"@CdDiaspora","twitter_misc":{"Written by":"Diogo Silva","Est. reading time":"9 minutes"},"schema":{"@context":"https:\/\/schema.org","@graph":[{"@type":"Article","@id":"https:\/\/www.diasporaportuguesa.org\/en\/news\/entrevista-nancy-goncalves-jn\/#article","isPartOf":{"@id":"https:\/\/www.diasporaportuguesa.org\/en\/news\/entrevista-nancy-goncalves-jn\/"},"author":{"name":"Diogo Silva","@id":"https:\/\/www.diasporaportuguesa.org\/#\/schema\/person\/c818e514378e26900dc5ca4ea5b9da53"},"headline":"Entrevista a Nancy Gon\u00e7alves: &#8220;\u00c9 necess\u00e1rio valorizar o capital humano&#8221; | Jornal de Neg\u00f3cios","datePublished":"2025-04-11T16:23:20+00:00","dateModified":"2025-04-11T16:54:10+00:00","mainEntityOfPage":{"@id":"https:\/\/www.diasporaportuguesa.org\/en\/news\/entrevista-nancy-goncalves-jn\/"},"wordCount":1767,"publisher":{"@id":"https:\/\/www.diasporaportuguesa.org\/#organization"},"articleSection":["News"],"inLanguage":"en-US"},{"@type":"WebPage","@id":"https:\/\/www.diasporaportuguesa.org\/en\/news\/entrevista-nancy-goncalves-jn\/","url":"https:\/\/www.diasporaportuguesa.org\/en\/news\/entrevista-nancy-goncalves-jn\/","name":"Entrevista a Nancy Gon\u00e7alves: \"\u00c9 necess\u00e1rio valorizar o capital humano\" | Jornal de Neg\u00f3cios - Conselho da Di\u00e1spora Portuguesa","isPartOf":{"@id":"https:\/\/www.diasporaportuguesa.org\/#website"},"datePublished":"2025-04-11T16:23:20+00:00","dateModified":"2025-04-11T16:54:10+00:00","breadcrumb":{"@id":"https:\/\/www.diasporaportuguesa.org\/en\/news\/entrevista-nancy-goncalves-jn\/#breadcrumb"},"inLanguage":"en-US","potentialAction":[{"@type":"ReadAction","target":["https:\/\/www.diasporaportuguesa.org\/en\/news\/entrevista-nancy-goncalves-jn\/"]}]},{"@type":"BreadcrumbList","@id":"https:\/\/www.diasporaportuguesa.org\/en\/news\/entrevista-nancy-goncalves-jn\/#breadcrumb","itemListElement":[{"@type":"ListItem","position":1,"name":"In\u00edcio","item":"https:\/\/www.diasporaportuguesa.org\/en\/"},{"@type":"ListItem","position":2,"name":"News","item":"https:\/\/www.diasporaportuguesa.org\/en\/news\/"},{"@type":"ListItem","position":3,"name":"Entrevista a Nancy Gon\u00e7alves: &#8220;\u00c9 necess\u00e1rio valorizar o capital humano&#8221; | Jornal de Neg\u00f3cios"}]},{"@type":"WebSite","@id":"https:\/\/www.diasporaportuguesa.org\/#website","url":"https:\/\/www.diasporaportuguesa.org\/","name":"Conselho da Di\u00e1spora Portuguesa","description":"Conselho da Di\u00e1spora Portuguesa","publisher":{"@id":"https:\/\/www.diasporaportuguesa.org\/#organization"},"potentialAction":[{"@type":"SearchAction","target":{"@type":"EntryPoint","urlTemplate":"https:\/\/www.diasporaportuguesa.org\/?s={search_term_string}"},"query-input":"required name=search_term_string"}],"inLanguage":"en-US"},{"@type":"Organization","@id":"https:\/\/www.diasporaportuguesa.org\/#organization","name":"Conselho da Di\u00e1spora Portuguesa","url":"https:\/\/www.diasporaportuguesa.org\/","logo":{"@type":"ImageObject","inLanguage":"en-US","@id":"https:\/\/www.diasporaportuguesa.org\/#\/schema\/logo\/image\/","url":"https:\/\/www.diasporaportuguesa.org\/wp-content\/uploads\/2022\/11\/conselho-diaspora-portuguesa.png","contentUrl":"https:\/\/www.diasporaportuguesa.org\/wp-content\/uploads\/2022\/11\/conselho-diaspora-portuguesa.png","width":735,"height":216,"caption":"Conselho da Di\u00e1spora Portuguesa"},"image":{"@id":"https:\/\/www.diasporaportuguesa.org\/#\/schema\/logo\/image\/"},"sameAs":["https:\/\/twitter.com\/CdDiaspora","https:\/\/www.linkedin.com\/company\/conselho-da-diaspora-portuguesa\/","https:\/\/www.youtube.com\/channel\/UCEI8qERhtqzV1UgdITBo6rw\/videos"]},{"@type":"Person","@id":"https:\/\/www.diasporaportuguesa.org\/#\/schema\/person\/c818e514378e26900dc5ca4ea5b9da53","name":"Diogo Silva","url":"https:\/\/www.diasporaportuguesa.org\/en\/author\/diogo-silva\/"}]}},"_links":{"self":[{"href":"https:\/\/www.diasporaportuguesa.org\/en\/wp-json\/wp\/v2\/posts\/24133"}],"collection":[{"href":"https:\/\/www.diasporaportuguesa.org\/en\/wp-json\/wp\/v2\/posts"}],"about":[{"href":"https:\/\/www.diasporaportuguesa.org\/en\/wp-json\/wp\/v2\/types\/post"}],"author":[{"embeddable":true,"href":"https:\/\/www.diasporaportuguesa.org\/en\/wp-json\/wp\/v2\/users\/10"}],"replies":[{"embeddable":true,"href":"https:\/\/www.diasporaportuguesa.org\/en\/wp-json\/wp\/v2\/comments?post=24133"}],"version-history":[{"count":1,"href":"https:\/\/www.diasporaportuguesa.org\/en\/wp-json\/wp\/v2\/posts\/24133\/revisions"}],"predecessor-version":[{"id":24136,"href":"https:\/\/www.diasporaportuguesa.org\/en\/wp-json\/wp\/v2\/posts\/24133\/revisions\/24136"}],"wp:featuredmedia":[{"embeddable":true,"href":"https:\/\/www.diasporaportuguesa.org\/en\/wp-json\/wp\/v2\/media\/24134"}],"wp:attachment":[{"href":"https:\/\/www.diasporaportuguesa.org\/en\/wp-json\/wp\/v2\/media?parent=24133"}],"wp:term":[{"taxonomy":"category","embeddable":true,"href":"https:\/\/www.diasporaportuguesa.org\/en\/wp-json\/wp\/v2\/categories?post=24133"},{"taxonomy":"post_tag","embeddable":true,"href":"https:\/\/www.diasporaportuguesa.org\/en\/wp-json\/wp\/v2\/tags?post=24133"}],"curies":[{"name":"wp","href":"https:\/\/api.w.org\/{rel}","templated":true}]}}