{"id":24742,"date":"2025-04-29T17:06:07","date_gmt":"2025-04-29T17:06:07","guid":{"rendered":"https:\/\/www.diasporaportuguesa.org\/?p=24742"},"modified":"2025-04-29T17:07:44","modified_gmt":"2025-04-29T17:07:44","slug":"general-meeting-2025","status":"publish","type":"post","link":"https:\/\/www.diasporaportuguesa.org\/en\/events\/general-meeting-2025\/","title":{"rendered":"General Meeting 2025"},"content":{"rendered":"\n<p>On April 24th, the 2025 General Meeting of the Portuguese Diaspora Council took place in the Sala do Futuro at the Cascais Town Hall.<\/p>\n\n\n\n<p>The session was led by Jo\u00e3o Pedro Taborda, a member of the Board, representing Jos\u00e9 Manuel Dur\u00e3o Barroso, President of the General Meeting. The proceedings began with a presentation of the 2024 activity report by the President of the Board, Ant\u00f3nio Cal\u00e7ada de S\u00e1. With the favorable opinion of the Sole Auditor and the support of the Councilors and Young Councilors, in person and remotely, the 2024 financial report, as well as the 2025 activity plan and budget, were unanimously approved.<\/p>\n\n\n\n<p>At the end of the meeting, a cocktail reception was held in the Sal\u00e3o Nobre of the Town Hall, attended by the Honorable Mayor of Cascais, Carlos Carreiras, and representatives of The Lakhani Group, sponsor of the Portuguese Diaspora Council.<\/p>\n\n\n\n<p>View the full gallery of the 2025 General Assembly <a href=\"https:\/\/www.diasporaportuguesa.org\/en\/media\/general-meeting-2025\/\" target=\"_blank\" rel=\"noreferrer noopener\">here<\/a>.<\/p>\n\n\n\n<figure class=\"wp-block-gallery has-nested-images columns-default is-cropped wp-block-gallery-1 is-layout-flex wp-block-gallery-is-layout-flex\">\n<figure class=\"wp-block-image size-large\"><img decoding=\"async\" loading=\"lazy\" width=\"1920\" height=\"1279\" data-id=\"24586\" src=\"https:\/\/www.diasporaportuguesa.org\/wp-content\/uploads\/2025\/04\/050-1920x1279.jpg\" alt=\"\" class=\"wp-image-24586\" srcset=\"https:\/\/www.diasporaportuguesa.org\/wp-content\/uploads\/2025\/04\/050-1920x1279.jpg 1920w, https:\/\/www.diasporaportuguesa.org\/wp-content\/uploads\/2025\/04\/050-1055x703.jpg 1055w, https:\/\/www.diasporaportuguesa.org\/wp-content\/uploads\/2025\/04\/050-768x512.jpg 768w, https:\/\/www.diasporaportuguesa.org\/wp-content\/uploads\/2025\/04\/050-1536x1023.jpg 1536w, https:\/\/www.diasporaportuguesa.org\/wp-content\/uploads\/2025\/04\/050-2048x1364.jpg 2048w, https:\/\/www.diasporaportuguesa.org\/wp-content\/uploads\/2025\/04\/050-760x506.jpg 760w, https:\/\/www.diasporaportuguesa.org\/wp-content\/uploads\/2025\/04\/050-1460x973.jpg 1460w\" sizes=\"(max-width: 1920px) 100vw, 1920px\" \/><\/figure>\n\n\n\n<figure class=\"wp-block-image size-large\"><img decoding=\"async\" loading=\"lazy\" width=\"1920\" height=\"1278\" data-id=\"24638\" src=\"https:\/\/www.diasporaportuguesa.org\/wp-content\/uploads\/2025\/04\/099-1920x1278.jpg\" alt=\"\" class=\"wp-image-24638\" srcset=\"https:\/\/www.diasporaportuguesa.org\/wp-content\/uploads\/2025\/04\/099-1920x1278.jpg 1920w, https:\/\/www.diasporaportuguesa.org\/wp-content\/uploads\/2025\/04\/099-1055x702.jpg 1055w, https:\/\/www.diasporaportuguesa.org\/wp-content\/uploads\/2025\/04\/099-768x511.jpg 768w, https:\/\/www.diasporaportuguesa.org\/wp-content\/uploads\/2025\/04\/099-1536x1022.jpg 1536w, https:\/\/www.diasporaportuguesa.org\/wp-content\/uploads\/2025\/04\/099-2048x1363.jpg 2048w, https:\/\/www.diasporaportuguesa.org\/wp-content\/uploads\/2025\/04\/099-760x506.jpg 760w, https:\/\/www.diasporaportuguesa.org\/wp-content\/uploads\/2025\/04\/099-1460x972.jpg 1460w\" sizes=\"(max-width: 1920px) 100vw, 1920px\" \/><\/figure>\n\n\n\n<figure class=\"wp-block-image size-large\"><img decoding=\"async\" loading=\"lazy\" width=\"1920\" height=\"1279\" data-id=\"24622\" src=\"https:\/\/www.diasporaportuguesa.org\/wp-content\/uploads\/2025\/04\/088-1920x1279.jpg\" alt=\"\" class=\"wp-image-24622\" srcset=\"https:\/\/www.diasporaportuguesa.org\/wp-content\/uploads\/2025\/04\/088-1920x1279.jpg 1920w, https:\/\/www.diasporaportuguesa.org\/wp-content\/uploads\/2025\/04\/088-1055x703.jpg 1055w, https:\/\/www.diasporaportuguesa.org\/wp-content\/uploads\/2025\/04\/088-768x512.jpg 768w, https:\/\/www.diasporaportuguesa.org\/wp-content\/uploads\/2025\/04\/088-1536x1024.jpg 1536w, https:\/\/www.diasporaportuguesa.org\/wp-content\/uploads\/2025\/04\/088-2048x1365.jpg 2048w, https:\/\/www.diasporaportuguesa.org\/wp-content\/uploads\/2025\/04\/088-760x506.jpg 760w, https:\/\/www.diasporaportuguesa.org\/wp-content\/uploads\/2025\/04\/088-1460x973.jpg 1460w\" sizes=\"(max-width: 1920px) 100vw, 1920px\" \/><\/figure>\n<\/figure>\n\n\n\n<figure class=\"wp-block-gallery has-nested-images columns-default is-cropped wp-block-gallery-3 is-layout-flex wp-block-gallery-is-layout-flex\">\n<figure class=\"wp-block-image size-large\"><img decoding=\"async\" loading=\"lazy\" width=\"1920\" height=\"1280\" data-id=\"24708\" src=\"https:\/\/www.diasporaportuguesa.org\/wp-content\/uploads\/2025\/04\/186-1920x1280.jpg\" alt=\"\" class=\"wp-image-24708\" srcset=\"https:\/\/www.diasporaportuguesa.org\/wp-content\/uploads\/2025\/04\/186-1920x1280.jpg 1920w, https:\/\/www.diasporaportuguesa.org\/wp-content\/uploads\/2025\/04\/186-1055x704.jpg 1055w, https:\/\/www.diasporaportuguesa.org\/wp-content\/uploads\/2025\/04\/186-768x512.jpg 768w, https:\/\/www.diasporaportuguesa.org\/wp-content\/uploads\/2025\/04\/186-1536x1024.jpg 1536w, https:\/\/www.diasporaportuguesa.org\/wp-content\/uploads\/2025\/04\/186-2048x1366.jpg 2048w, https:\/\/www.diasporaportuguesa.org\/wp-content\/uploads\/2025\/04\/186-760x507.jpg 760w, https:\/\/www.diasporaportuguesa.org\/wp-content\/uploads\/2025\/04\/186-1460x974.jpg 1460w\" sizes=\"(max-width: 1920px) 100vw, 1920px\" \/><\/figure>\n\n\n\n<figure class=\"wp-block-image size-large\"><img decoding=\"async\" loading=\"lazy\" width=\"1920\" height=\"1280\" data-id=\"24722\" src=\"https:\/\/www.diasporaportuguesa.org\/wp-content\/uploads\/2025\/04\/197-1920x1280.jpg\" alt=\"\" class=\"wp-image-24722\" srcset=\"https:\/\/www.diasporaportuguesa.org\/wp-content\/uploads\/2025\/04\/197-1920x1280.jpg 1920w, https:\/\/www.diasporaportuguesa.org\/wp-content\/uploads\/2025\/04\/197-1055x704.jpg 1055w, https:\/\/www.diasporaportuguesa.org\/wp-content\/uploads\/2025\/04\/197-768x512.jpg 768w, https:\/\/www.diasporaportuguesa.org\/wp-content\/uploads\/2025\/04\/197-1536x1024.jpg 1536w, https:\/\/www.diasporaportuguesa.org\/wp-content\/uploads\/2025\/04\/197-2048x1366.jpg 2048w, https:\/\/www.diasporaportuguesa.org\/wp-content\/uploads\/2025\/04\/197-760x507.jpg 760w, https:\/\/www.diasporaportuguesa.org\/wp-content\/uploads\/2025\/04\/197-1460x974.jpg 1460w\" sizes=\"(max-width: 1920px) 100vw, 1920px\" \/><\/figure>\n<\/figure>\n","protected":false},"excerpt":{"rendered":"The 2025 General Meeting of the Portuguese Diaspora Council took place on April 24th in the Sala do Futuro at the Town Hall of the Municipality of Cascais. Following the meeting, a cocktail reception was held in the Sal\u00e3o Nobre.","protected":false},"author":10,"featured_media":24699,"comment_status":"closed","ping_status":"closed","sticky":false,"template":"","format":"standard","meta":{"footnotes":""},"categories":[11],"tags":[],"acf":[],"yoast_head":"<!-- This site is optimized with the Yoast SEO plugin v21.3 - https:\/\/yoast.com\/wordpress\/plugins\/seo\/ -->\n<title>General Meeting 2025 - Conselho da Di\u00e1spora Portuguesa<\/title>\n<meta name=\"robots\" content=\"index, follow, max-snippet:-1, max-image-preview:large, max-video-preview:-1\" \/>\n<link rel=\"canonical\" href=\"https:\/\/www.diasporaportuguesa.org\/en\/events\/general-meeting-2025\/\" \/>\n<meta property=\"og:locale\" content=\"en_US\" \/>\n<meta property=\"og:type\" content=\"article\" \/>\n<meta property=\"og:title\" content=\"General Meeting 2025 - Conselho da Di\u00e1spora Portuguesa\" \/>\n<meta property=\"og:description\" content=\"The 2025 General Meeting of the Portuguese Diaspora Council took place on April 24th in the Sala do Futuro at the Town Hall of the Municipality of Cascais. Following the meeting, a cocktail reception was held in the Sal\u00e3o Nobre.\" \/>\n<meta property=\"og:url\" content=\"https:\/\/www.diasporaportuguesa.org\/en\/events\/general-meeting-2025\/\" \/>\n<meta property=\"og:site_name\" content=\"Conselho da Di\u00e1spora Portuguesa\" \/>\n<meta property=\"article:published_time\" content=\"2025-04-29T17:06:07+00:00\" \/>\n<meta property=\"article:modified_time\" content=\"2025-04-29T17:07:44+00:00\" \/>\n<meta property=\"og:image\" content=\"https:\/\/www.diasporaportuguesa.org\/wp-content\/uploads\/2025\/04\/175-scaled.jpg\" \/>\n\t<meta property=\"og:image:width\" content=\"2560\" \/>\n\t<meta property=\"og:image:height\" content=\"1707\" \/>\n\t<meta property=\"og:image:type\" content=\"image\/jpeg\" \/>\n<meta name=\"author\" content=\"Diogo Silva\" \/>\n<meta name=\"twitter:card\" content=\"summary_large_image\" \/>\n<meta name=\"twitter:creator\" content=\"@CdDiaspora\" \/>\n<meta name=\"twitter:site\" content=\"@CdDiaspora\" \/>\n<meta name=\"twitter:label1\" content=\"Written by\" \/>\n\t<meta name=\"twitter:data1\" content=\"Diogo Silva\" \/>\n\t<meta name=\"twitter:label2\" content=\"Est. reading time\" \/>\n\t<meta name=\"twitter:data2\" content=\"2 minutes\" \/>\n<script type=\"application\/ld+json\" class=\"yoast-schema-graph\">{\"@context\":\"https:\/\/schema.org\",\"@graph\":[{\"@type\":\"Article\",\"@id\":\"https:\/\/www.diasporaportuguesa.org\/en\/events\/general-meeting-2025\/#article\",\"isPartOf\":{\"@id\":\"https:\/\/www.diasporaportuguesa.org\/en\/events\/general-meeting-2025\/\"},\"author\":{\"name\":\"Diogo Silva\",\"@id\":\"https:\/\/www.diasporaportuguesa.org\/#\/schema\/person\/c818e514378e26900dc5ca4ea5b9da53\"},\"headline\":\"General Meeting 2025\",\"datePublished\":\"2025-04-29T17:06:07+00:00\",\"dateModified\":\"2025-04-29T17:07:44+00:00\",\"mainEntityOfPage\":{\"@id\":\"https:\/\/www.diasporaportuguesa.org\/en\/events\/general-meeting-2025\/\"},\"wordCount\":157,\"publisher\":{\"@id\":\"https:\/\/www.diasporaportuguesa.org\/#organization\"},\"articleSection\":[\"Events\"],\"inLanguage\":\"en-US\"},{\"@type\":\"WebPage\",\"@id\":\"https:\/\/www.diasporaportuguesa.org\/en\/events\/general-meeting-2025\/\",\"url\":\"https:\/\/www.diasporaportuguesa.org\/en\/events\/general-meeting-2025\/\",\"name\":\"General Meeting 2025 - Conselho da Di\u00e1spora Portuguesa\",\"isPartOf\":{\"@id\":\"https:\/\/www.diasporaportuguesa.org\/#website\"},\"datePublished\":\"2025-04-29T17:06:07+00:00\",\"dateModified\":\"2025-04-29T17:07:44+00:00\",\"breadcrumb\":{\"@id\":\"https:\/\/www.diasporaportuguesa.org\/en\/events\/general-meeting-2025\/#breadcrumb\"},\"inLanguage\":\"en-US\",\"potentialAction\":[{\"@type\":\"ReadAction\",\"target\":[\"https:\/\/www.diasporaportuguesa.org\/en\/events\/general-meeting-2025\/\"]}]},{\"@type\":\"BreadcrumbList\",\"@id\":\"https:\/\/www.diasporaportuguesa.org\/en\/events\/general-meeting-2025\/#breadcrumb\",\"itemListElement\":[{\"@type\":\"ListItem\",\"position\":1,\"name\":\"In\u00edcio\",\"item\":\"https:\/\/www.diasporaportuguesa.org\/en\/\"},{\"@type\":\"ListItem\",\"position\":2,\"name\":\"Events\",\"item\":\"https:\/\/www.diasporaportuguesa.org\/en\/events\/\"},{\"@type\":\"ListItem\",\"position\":3,\"name\":\"General Meeting 2025\"}]},{\"@type\":\"WebSite\",\"@id\":\"https:\/\/www.diasporaportuguesa.org\/#website\",\"url\":\"https:\/\/www.diasporaportuguesa.org\/\",\"name\":\"Conselho da Di\u00e1spora Portuguesa\",\"description\":\"Conselho da Di\u00e1spora Portuguesa\",\"publisher\":{\"@id\":\"https:\/\/www.diasporaportuguesa.org\/#organization\"},\"potentialAction\":[{\"@type\":\"SearchAction\",\"target\":{\"@type\":\"EntryPoint\",\"urlTemplate\":\"https:\/\/www.diasporaportuguesa.org\/?s={search_term_string}\"},\"query-input\":\"required name=search_term_string\"}],\"inLanguage\":\"en-US\"},{\"@type\":\"Organization\",\"@id\":\"https:\/\/www.diasporaportuguesa.org\/#organization\",\"name\":\"Conselho da Di\u00e1spora Portuguesa\",\"url\":\"https:\/\/www.diasporaportuguesa.org\/\",\"logo\":{\"@type\":\"ImageObject\",\"inLanguage\":\"en-US\",\"@id\":\"https:\/\/www.diasporaportuguesa.org\/#\/schema\/logo\/image\/\",\"url\":\"https:\/\/www.diasporaportuguesa.org\/wp-content\/uploads\/2022\/11\/conselho-diaspora-portuguesa.png\",\"contentUrl\":\"https:\/\/www.diasporaportuguesa.org\/wp-content\/uploads\/2022\/11\/conselho-diaspora-portuguesa.png\",\"width\":735,\"height\":216,\"caption\":\"Conselho da Di\u00e1spora Portuguesa\"},\"image\":{\"@id\":\"https:\/\/www.diasporaportuguesa.org\/#\/schema\/logo\/image\/\"},\"sameAs\":[\"https:\/\/twitter.com\/CdDiaspora\",\"https:\/\/www.linkedin.com\/company\/conselho-da-diaspora-portuguesa\/\",\"https:\/\/www.youtube.com\/channel\/UCEI8qERhtqzV1UgdITBo6rw\/videos\"]},{\"@type\":\"Person\",\"@id\":\"https:\/\/www.diasporaportuguesa.org\/#\/schema\/person\/c818e514378e26900dc5ca4ea5b9da53\",\"name\":\"Diogo Silva\",\"url\":\"https:\/\/www.diasporaportuguesa.org\/en\/author\/diogo-silva\/\"}]}<\/script>\n<!-- \/ Yoast SEO plugin. -->","yoast_head_json":{"title":"General Meeting 2025 - Conselho da Di\u00e1spora Portuguesa","robots":{"index":"index","follow":"follow","max-snippet":"max-snippet:-1","max-image-preview":"max-image-preview:large","max-video-preview":"max-video-preview:-1"},"canonical":"https:\/\/www.diasporaportuguesa.org\/en\/events\/general-meeting-2025\/","og_locale":"en_US","og_type":"article","og_title":"General Meeting 2025 - Conselho da Di\u00e1spora Portuguesa","og_description":"The 2025 General Meeting of the Portuguese Diaspora Council took place on April 24th in the Sala do Futuro at the Town Hall of the Municipality of Cascais. Following the meeting, a cocktail reception was held in the Sal\u00e3o Nobre.","og_url":"https:\/\/www.diasporaportuguesa.org\/en\/events\/general-meeting-2025\/","og_site_name":"Conselho da Di\u00e1spora Portuguesa","article_published_time":"2025-04-29T17:06:07+00:00","article_modified_time":"2025-04-29T17:07:44+00:00","og_image":[{"width":2560,"height":1707,"url":"https:\/\/www.diasporaportuguesa.org\/wp-content\/uploads\/2025\/04\/175-scaled.jpg","type":"image\/jpeg"}],"author":"Diogo Silva","twitter_card":"summary_large_image","twitter_creator":"@CdDiaspora","twitter_site":"@CdDiaspora","twitter_misc":{"Written by":"Diogo Silva","Est. reading time":"2 minutes"},"schema":{"@context":"https:\/\/schema.org","@graph":[{"@type":"Article","@id":"https:\/\/www.diasporaportuguesa.org\/en\/events\/general-meeting-2025\/#article","isPartOf":{"@id":"https:\/\/www.diasporaportuguesa.org\/en\/events\/general-meeting-2025\/"},"author":{"name":"Diogo Silva","@id":"https:\/\/www.diasporaportuguesa.org\/#\/schema\/person\/c818e514378e26900dc5ca4ea5b9da53"},"headline":"General Meeting 2025","datePublished":"2025-04-29T17:06:07+00:00","dateModified":"2025-04-29T17:07:44+00:00","mainEntityOfPage":{"@id":"https:\/\/www.diasporaportuguesa.org\/en\/events\/general-meeting-2025\/"},"wordCount":157,"publisher":{"@id":"https:\/\/www.diasporaportuguesa.org\/#organization"},"articleSection":["Events"],"inLanguage":"en-US"},{"@type":"WebPage","@id":"https:\/\/www.diasporaportuguesa.org\/en\/events\/general-meeting-2025\/","url":"https:\/\/www.diasporaportuguesa.org\/en\/events\/general-meeting-2025\/","name":"General Meeting 2025 - Conselho da Di\u00e1spora Portuguesa","isPartOf":{"@id":"https:\/\/www.diasporaportuguesa.org\/#website"},"datePublished":"2025-04-29T17:06:07+00:00","dateModified":"2025-04-29T17:07:44+00:00","breadcrumb":{"@id":"https:\/\/www.diasporaportuguesa.org\/en\/events\/general-meeting-2025\/#breadcrumb"},"inLanguage":"en-US","potentialAction":[{"@type":"ReadAction","target":["https:\/\/www.diasporaportuguesa.org\/en\/events\/general-meeting-2025\/"]}]},{"@type":"BreadcrumbList","@id":"https:\/\/www.diasporaportuguesa.org\/en\/events\/general-meeting-2025\/#breadcrumb","itemListElement":[{"@type":"ListItem","position":1,"name":"In\u00edcio","item":"https:\/\/www.diasporaportuguesa.org\/en\/"},{"@type":"ListItem","position":2,"name":"Events","item":"https:\/\/www.diasporaportuguesa.org\/en\/events\/"},{"@type":"ListItem","position":3,"name":"General Meeting 2025"}]},{"@type":"WebSite","@id":"https:\/\/www.diasporaportuguesa.org\/#website","url":"https:\/\/www.diasporaportuguesa.org\/","name":"Conselho da Di\u00e1spora Portuguesa","description":"Conselho da Di\u00e1spora Portuguesa","publisher":{"@id":"https:\/\/www.diasporaportuguesa.org\/#organization"},"potentialAction":[{"@type":"SearchAction","target":{"@type":"EntryPoint","urlTemplate":"https:\/\/www.diasporaportuguesa.org\/?s={search_term_string}"},"query-input":"required name=search_term_string"}],"inLanguage":"en-US"},{"@type":"Organization","@id":"https:\/\/www.diasporaportuguesa.org\/#organization","name":"Conselho da Di\u00e1spora Portuguesa","url":"https:\/\/www.diasporaportuguesa.org\/","logo":{"@type":"ImageObject","inLanguage":"en-US","@id":"https:\/\/www.diasporaportuguesa.org\/#\/schema\/logo\/image\/","url":"https:\/\/www.diasporaportuguesa.org\/wp-content\/uploads\/2022\/11\/conselho-diaspora-portuguesa.png","contentUrl":"https:\/\/www.diasporaportuguesa.org\/wp-content\/uploads\/2022\/11\/conselho-diaspora-portuguesa.png","width":735,"height":216,"caption":"Conselho da Di\u00e1spora Portuguesa"},"image":{"@id":"https:\/\/www.diasporaportuguesa.org\/#\/schema\/logo\/image\/"},"sameAs":["https:\/\/twitter.com\/CdDiaspora","https:\/\/www.linkedin.com\/company\/conselho-da-diaspora-portuguesa\/","https:\/\/www.youtube.com\/channel\/UCEI8qERhtqzV1UgdITBo6rw\/videos"]},{"@type":"Person","@id":"https:\/\/www.diasporaportuguesa.org\/#\/schema\/person\/c818e514378e26900dc5ca4ea5b9da53","name":"Diogo Silva","url":"https:\/\/www.diasporaportuguesa.org\/en\/author\/diogo-silva\/"}]}},"_links":{"self":[{"href":"https:\/\/www.diasporaportuguesa.org\/en\/wp-json\/wp\/v2\/posts\/24742"}],"collection":[{"href":"https:\/\/www.diasporaportuguesa.org\/en\/wp-json\/wp\/v2\/posts"}],"about":[{"href":"https:\/\/www.diasporaportuguesa.org\/en\/wp-json\/wp\/v2\/types\/post"}],"author":[{"embeddable":true,"href":"https:\/\/www.diasporaportuguesa.org\/en\/wp-json\/wp\/v2\/users\/10"}],"replies":[{"embeddable":true,"href":"https:\/\/www.diasporaportuguesa.org\/en\/wp-json\/wp\/v2\/comments?post=24742"}],"version-history":[{"count":4,"href":"https:\/\/www.diasporaportuguesa.org\/en\/wp-json\/wp\/v2\/posts\/24742\/revisions"}],"predecessor-version":[{"id":24748,"href":"https:\/\/www.diasporaportuguesa.org\/en\/wp-json\/wp\/v2\/posts\/24742\/revisions\/24748"}],"wp:featuredmedia":[{"embeddable":true,"href":"https:\/\/www.diasporaportuguesa.org\/en\/wp-json\/wp\/v2\/media\/24699"}],"wp:attachment":[{"href":"https:\/\/www.diasporaportuguesa.org\/en\/wp-json\/wp\/v2\/media?parent=24742"}],"wp:term":[{"taxonomy":"category","embeddable":true,"href":"https:\/\/www.diasporaportuguesa.org\/en\/wp-json\/wp\/v2\/categories?post=24742"},{"taxonomy":"post_tag","embeddable":true,"href":"https:\/\/www.diasporaportuguesa.org\/en\/wp-json\/wp\/v2\/tags?post=24742"}],"curies":[{"name":"wp","href":"https:\/\/api.w.org\/{rel}","templated":true}]}}