{"id":24800,"date":"2025-05-20T09:34:40","date_gmt":"2025-05-20T09:34:40","guid":{"rendered":"https:\/\/www.diasporaportuguesa.org\/?p=24800"},"modified":"2025-05-20T12:18:16","modified_gmt":"2025-05-20T12:18:16","slug":"interview-daniel-guedelha-jn","status":"publish","type":"post","link":"https:\/\/www.diasporaportuguesa.org\/en\/news\/interview-daniel-guedelha-jn\/","title":{"rendered":"Interview with Daniel Guedelha: &#8220;Success should be seen as a way to pave the way&#8221; | Jornal de Neg\u00f3cios"},"content":{"rendered":"\n<p>As part of the partnership between the Portuguese Diaspora Council and Jornal de Neg\u00f3cios, Daniel Guedelha, Founder and CEO of GenH and Board Member of the Portuguese Diaspora Council was interviewed by Jornal de Neg\u00f3cios. In the interview, Daniel Guedelha discussed his professional journey and identified competitive opportunities for Portugal, its economy, companies, and entrepreneurs in general.<\/p>\n\n\n\n<p><strong>1 \u2013 WHAT LED YOU TO LEAVE PORTUGAL?<\/strong><\/p>\n\n\n\n<p>I\u2019d like to start by saying that I love Portugal and have always been deeply curious about the world. I left Portugal by choice \u2014 because I wanted to. I had several job opportunities in my home country, but I felt the need to explore new societies, new cultures, and to understand how a large pharmaceutical company operates on a global scale. It was this restlessness and desire to learn that led me to leave Portugal and take on the challenge of working at one of the world\u2019s leading pharmaceutical companies, Novartis.<\/p>\n\n\n\n<p><strong>2 \u2013 WHAT ADVANTAGES OR DISADVANTAGES HAS THE FACT THAT YOU ARE PORTUGUESE BROUGHT YOU?<\/strong><\/p>\n\n\n\n<p>Many people talk about our ability to <em>\u201cdesenrascar\u201d<\/em> \u2014 to find a way, to do a lot with very little. I see that as a true sign of innovation. Whenever I compare Portuguese culture with others I\u2019ve come to know over the years, I realize that this ability to think creatively and approach challenges from a different angle is one of our greatest strengths.<\/p>\n\n\n\n<p>That said, living abroad isn\u2019t easy. The longing for family, friends, our culture, the familiar smells and food \u2014 it hits harder and more often than one might expect. And yes, we are immigrants. Over the past 16 years, I\u2019ve had to work about 1.5 times harder than my Swiss, German, or French colleagues. That\u2019s simply the reality I encountered. Nothing was handed to me.<\/p>\n\n\n\n<p>But I never allowed that to hold me back. If there\u2019s one thing that defines me \u2014 and which I believe is essential for anyone who chooses this path \u2014 it\u2019s focus, determination, and the will to keep moving forward.<\/p>\n\n\n\n<p><strong>3 \u2013 WHAT OBSTACLES DID YOU HAVE TO OVERCOME AND HOW DID YOU DO IT?<\/strong><\/p>\n\n\n\n<p>In the beginning, the challenges are mostly logistical \u2014 and they can take up a lot of energy and time. I\u2019m talking about simple but essential things, like finding a place to live, sorting out health insurance, and, when you have a family, making sure your children have access to a good school and helping your partner feel comfortable in the new country. I\u2019ve been through all of that.<\/p>\n\n\n\n<p>But for me, beyond the language barrier, the biggest challenge is always cultural adaptation. Although I identify strongly with Swiss organization, professionalism, dedication, and punctuality, there\u2019s always a need to adjust. These are often small differences, but they require openness, patience, and, above all, a willingness to learn and grow.<\/p>\n\n\n\n<p><strong>4 \u2013 WHAT DO YOU MOST ADMIRE ABOUT THE COUNTRY YOU ARE CURRENTLY IN?<\/strong><\/p>\n\n\n\n<p>I\u2019ve been living in Switzerland for over 16 years, and I have great respect and admiration for this country. My career has developed mainly in the healthcare sector and pharmaceutical industry, and Switzerland strikes a unique balance between a strong industrial backbone and breathtaking natural landscapes.<\/p>\n\n\n\n<p>I deeply admire the precision and focus on quality \u2014 traits that are deeply rooted in Swiss culture. But what impresses me most is the ability to build bridges. We often see Switzerland as a neutral country, but the Swiss are, above all, exceptional negotiators. They have a very clear strategic vision, they make things happen, and they know how to select top talent from around the world to work in their companies.<\/p>\n\n\n\n<p>In fact, much of the intellectual power and workforce in Swiss companies comes from immigrants. And that\u2019s no coincidence \u2014 they actively choose who they want by their side. This ability to attract and integrate talent is something I truly admire.<\/p>\n\n\n\n<p><strong>5 \u2013 WHAT DO YOU ADMIRE MOST ABOUT THE COMPANY \/ ORGANIZATION YOU ARE IN?<\/strong><\/p>\n\n\n\n<p>I spent nearly 16 years of my career at Novartis, one of the largest pharmaceutical companies in the world. It was an extraordinary experience, where I had the privilege of working with some of the brightest minds across a variety of fields. I was always impressed by Novartis\u2019s ability to attract and develop such exceptional talent. It\u2019s a highly competitive company, with a performance- and results-driven culture, very much in line with large Anglo-Saxon organizations.<\/p>\n\n\n\n<p>Today, I\u2019m the CEO of GenH (Generation Health), also based in Switzerland, and I carry with me many of the lessons from that journey \u2014 applying them now as we build something new, with the same passion and ambition. Our goal is to look at healthcare, and the pharmaceutical industry in particular, through a fresh and different lens \u2014 combining the energy of start-ups with the discipline and rigor of large pharmaceutical companies.<\/p>\n\n\n\n<p><strong>6 \u2013 WHAT RECOMMENDATIONS DO YOU HAVE FOR PORTUGAL, ITS ENTREPRENEURS AND MANAGERS?<\/strong><\/p>\n\n\n\n<p>Before offering recommendations, I want to take responsibility. Because more than saying what should be done, what truly matters is showing what I\u2019m already doing to contribute to Portugal. And yes, it\u2019s absolutely possible to make a difference even while living abroad.<\/p>\n\n\n\n<p>I\u2019ve been leading several executive training programs in Portugal in the healthcare and pharmaceutical sectors, helping prepare leaders for the challenges of the industry. I\u2019ve been building bridges between Portuguese talent in Switzerland and in Portugal \u2014 in both directions \u2014 creating value, jobs, and opportunities. I\u2019ve also been connecting Swiss and Portuguese institutions to strengthen the economies of both countries. I raise my hand, I take that responsibility, and I want to keep doing it.<\/p>\n\n\n\n<p>As for recommendations, I believe we need to collaborate more. In Portugal, there\u2019s still a tendency to build silos \u2014 what we often call \u201cquintinhas.\u201d We need to build together. If someone is doing something well, we should support them rather than criticize. And there\u2019s one point I want to make very clear: success is a good thing. We need to celebrate the achievements of Portuguese people \u2014 both at home and abroad. We have to change our mindset around this. Success is inspiring, and it should be seen as a way to open doors for others to succeed too.<\/p>\n\n\n\n<p><strong>7 \u2013 IN WHICH SECTORS OF THE COUNTRY WHERE YOU LIVE CAN PORTUGUESE COMPANIES FIND CUSTOMERS?<\/strong><\/p>\n\n\n\n<p>Healthcare \u2014 and the pharmaceutical industry in particular \u2014 is one of those sectors. It\u2019s an area I know in depth, and I see enormous potential for Portuguese companies. We already have several excellent companies operating in this space, and many with Portuguese DNA are now exploring opportunities in Switzerland.<\/p>\n\n\n\n<p>But beyond just acquiring clients, there\u2019s a unique opportunity to add value through talent. We have absolutely phenomenal Portuguese professionals working in this industry \u2014 in Switzerland alone, there are easily over a thousand highly qualified experts in this field. Portuguese companies can not only offer services and products, but also tap into this talent network to grow. And as they grow, their client base naturally expands with them.<\/p>\n\n\n\n<p><strong>8 \u2013 IN WHICH SECTORS IN PORTUGAL COULD COMPANIES IN THE COUNTRY WHERE YOU ARE WANT TO INVEST?<\/strong><\/p>\n\n\n\n<p>I\u2019ll continue to focus on the healthcare space and the pharmaceutical cluster \u2014 because that movement is already underway. Two of the world\u2019s largest pharmaceutical companies, Novartis and Roche, both of which are headquartered in Switzerland, also have operations in Portugal.<\/p>\n\n\n\n<p>However, there\u2019s still room to move further up the value chain. We\u2019re already seeing some pharmaceutical companies investing in Centers of Excellence in Portugal, but there\u2019s significant untapped potential to expand this effort \u2014 particularly through the creation of R&amp;D centers and the production of advanced technologies, such as monoclonal antibodies. We&#8217;re beginning to see steps in that direction, and for me, this is an absolutely essential area.<\/p>\n\n\n\n<p>Continuing to invest in Research &amp; Development \u2014 both in the preclinical and clinical phases (for example, through more clinical trials conducted in Portugal) \u2014 is a highly strategic move. We have the talent, the expertise, and the right conditions to attract greater investment and establish Portugal as a key player in this field. In fact, we\u2019re already seeing signs of this, with many start-ups choosing Portugal as a base for their activities.<\/p>\n\n\n\n<p><strong>9 \u2013 WHAT IS THE COMPETITIVE ADVANTAGE OF THE COUNTRY YOU ARE IN THAT COULD BE REPLICATED IN PORTUGAL?<\/strong><\/p>\n\n\n\n<p>I could list many advantages \u2014 a solid financial system, a highly efficient and punctual transport network (especially the trains), a peaceful environment, or an impressive capacity for innovation and technological infrastructure that surpasses that of several European countries.<\/p>\n\n\n\n<p>But there\u2019s one aspect I want to highlight above all: the people. Switzerland has an extraordinary ability to attract the best talent from around the world and integrate them into its workforce, with meritocracy playing a key role in that process. This openness to dialogue and ability to attract talent is, in my opinion, what makes Switzerland the economic powerhouse it is today.<\/p>\n\n\n\n<p>If there\u2019s one thing Portugal can \u2014 and should \u2014 replicate, it\u2019s this mindset. Creating an environment where the best people want to be, work, and grow with us makes all the difference.<\/p>\n\n\n\n<p><strong>10 \u2013 ARE YOU THINKING OF RETURNING TO PORTUGAL? WHY?<\/strong><\/p>\n\n\n\n<p>This entire international journey \u2014 which has involved many sacrifices \u2014 has always had a very clear goal: to contribute to Portugal. I use the word \u201ccontribute\u201d because I truly believe we can have a huge impact on our country even while living abroad. In many cases, that impact can be even greater.<\/p>\n\n\n\n<p>That said, in a few years, I hope to return to Portugal permanently. I will continue to take responsibility and contribute intensively, and I hope increasingly so. And one day I will come back, because I want to continue this journey up close, here in our country.<\/p>\n","protected":false},"excerpt":{"rendered":"As part of the partnership between the Portuguese Diaspora Council and Jornal de Neg\u00f3cios, Daniel Guedelha, Founder and CEO of GenH and Board Member of the Portuguese Diaspora Council was interviewed by Jornal de Neg\u00f3cios.","protected":false},"author":10,"featured_media":24798,"comment_status":"closed","ping_status":"closed","sticky":false,"template":"","format":"standard","meta":{"footnotes":""},"categories":[12],"tags":[],"acf":[],"yoast_head":"<!-- This site is optimized with the Yoast SEO plugin v21.3 - https:\/\/yoast.com\/wordpress\/plugins\/seo\/ -->\n<title>Interview with Daniel Guedelha: &quot;Success should be seen as a way to pave the way&quot; | Jornal de Neg\u00f3cios - Conselho da Di\u00e1spora Portuguesa<\/title>\n<meta name=\"robots\" content=\"index, follow, max-snippet:-1, max-image-preview:large, max-video-preview:-1\" \/>\n<link rel=\"canonical\" href=\"https:\/\/www.diasporaportuguesa.org\/en\/news\/interview-daniel-guedelha-jn\/\" \/>\n<meta property=\"og:locale\" content=\"en_US\" \/>\n<meta property=\"og:type\" content=\"article\" \/>\n<meta property=\"og:title\" content=\"Interview with Daniel Guedelha: &quot;Success should be seen as a way to pave the way&quot; | Jornal de Neg\u00f3cios - Conselho da Di\u00e1spora Portuguesa\" \/>\n<meta property=\"og:description\" content=\"As part of the partnership between the Portuguese Diaspora Council and Jornal de Neg\u00f3cios, Daniel Guedelha, Founder and CEO of GenH and Board Member of the Portuguese Diaspora Council was interviewed by Jornal de Neg\u00f3cios.\" \/>\n<meta property=\"og:url\" content=\"https:\/\/www.diasporaportuguesa.org\/en\/news\/interview-daniel-guedelha-jn\/\" \/>\n<meta property=\"og:site_name\" content=\"Conselho da Di\u00e1spora Portuguesa\" \/>\n<meta property=\"article:published_time\" content=\"2025-05-20T09:34:40+00:00\" \/>\n<meta property=\"article:modified_time\" content=\"2025-05-20T12:18:16+00:00\" \/>\n<meta property=\"og:image\" content=\"https:\/\/www.diasporaportuguesa.org\/wp-content\/uploads\/2025\/05\/Foto-Daniel-Guedelha-1.jpg\" \/>\n\t<meta property=\"og:image:width\" content=\"550\" \/>\n\t<meta property=\"og:image:height\" content=\"624\" \/>\n\t<meta property=\"og:image:type\" content=\"image\/jpeg\" \/>\n<meta name=\"author\" content=\"Diogo Silva\" \/>\n<meta name=\"twitter:card\" content=\"summary_large_image\" \/>\n<meta name=\"twitter:creator\" content=\"@CdDiaspora\" \/>\n<meta name=\"twitter:site\" content=\"@CdDiaspora\" \/>\n<meta name=\"twitter:label1\" content=\"Written by\" \/>\n\t<meta name=\"twitter:data1\" content=\"Diogo Silva\" \/>\n\t<meta name=\"twitter:label2\" content=\"Est. reading time\" \/>\n\t<meta name=\"twitter:data2\" content=\"9 minutes\" \/>\n<script type=\"application\/ld+json\" class=\"yoast-schema-graph\">{\"@context\":\"https:\/\/schema.org\",\"@graph\":[{\"@type\":\"Article\",\"@id\":\"https:\/\/www.diasporaportuguesa.org\/en\/news\/interview-daniel-guedelha-jn\/#article\",\"isPartOf\":{\"@id\":\"https:\/\/www.diasporaportuguesa.org\/en\/news\/interview-daniel-guedelha-jn\/\"},\"author\":{\"name\":\"Diogo Silva\",\"@id\":\"https:\/\/www.diasporaportuguesa.org\/#\/schema\/person\/c818e514378e26900dc5ca4ea5b9da53\"},\"headline\":\"Interview with Daniel Guedelha: &#8220;Success should be seen as a way to pave the way&#8221; | Jornal de Neg\u00f3cios\",\"datePublished\":\"2025-05-20T09:34:40+00:00\",\"dateModified\":\"2025-05-20T12:18:16+00:00\",\"mainEntityOfPage\":{\"@id\":\"https:\/\/www.diasporaportuguesa.org\/en\/news\/interview-daniel-guedelha-jn\/\"},\"wordCount\":1648,\"publisher\":{\"@id\":\"https:\/\/www.diasporaportuguesa.org\/#organization\"},\"articleSection\":[\"News\"],\"inLanguage\":\"en-US\"},{\"@type\":\"WebPage\",\"@id\":\"https:\/\/www.diasporaportuguesa.org\/en\/news\/interview-daniel-guedelha-jn\/\",\"url\":\"https:\/\/www.diasporaportuguesa.org\/en\/news\/interview-daniel-guedelha-jn\/\",\"name\":\"Interview with Daniel Guedelha: \\\"Success should be seen as a way to pave the way\\\" | Jornal de Neg\u00f3cios - Conselho da Di\u00e1spora Portuguesa\",\"isPartOf\":{\"@id\":\"https:\/\/www.diasporaportuguesa.org\/#website\"},\"datePublished\":\"2025-05-20T09:34:40+00:00\",\"dateModified\":\"2025-05-20T12:18:16+00:00\",\"breadcrumb\":{\"@id\":\"https:\/\/www.diasporaportuguesa.org\/en\/news\/interview-daniel-guedelha-jn\/#breadcrumb\"},\"inLanguage\":\"en-US\",\"potentialAction\":[{\"@type\":\"ReadAction\",\"target\":[\"https:\/\/www.diasporaportuguesa.org\/en\/news\/interview-daniel-guedelha-jn\/\"]}]},{\"@type\":\"BreadcrumbList\",\"@id\":\"https:\/\/www.diasporaportuguesa.org\/en\/news\/interview-daniel-guedelha-jn\/#breadcrumb\",\"itemListElement\":[{\"@type\":\"ListItem\",\"position\":1,\"name\":\"In\u00edcio\",\"item\":\"https:\/\/www.diasporaportuguesa.org\/en\/\"},{\"@type\":\"ListItem\",\"position\":2,\"name\":\"Not\u00edcias\",\"item\":\"https:\/\/www.diasporaportuguesa.org\/noticias\/\"},{\"@type\":\"ListItem\",\"position\":3,\"name\":\"Interview with Daniel Guedelha: &#8220;Success should be seen as a way to pave the way&#8221; | Jornal de Neg\u00f3cios\"}]},{\"@type\":\"WebSite\",\"@id\":\"https:\/\/www.diasporaportuguesa.org\/#website\",\"url\":\"https:\/\/www.diasporaportuguesa.org\/\",\"name\":\"Conselho da Di\u00e1spora Portuguesa\",\"description\":\"Conselho da Di\u00e1spora Portuguesa\",\"publisher\":{\"@id\":\"https:\/\/www.diasporaportuguesa.org\/#organization\"},\"potentialAction\":[{\"@type\":\"SearchAction\",\"target\":{\"@type\":\"EntryPoint\",\"urlTemplate\":\"https:\/\/www.diasporaportuguesa.org\/?s={search_term_string}\"},\"query-input\":\"required name=search_term_string\"}],\"inLanguage\":\"en-US\"},{\"@type\":\"Organization\",\"@id\":\"https:\/\/www.diasporaportuguesa.org\/#organization\",\"name\":\"Conselho da Di\u00e1spora Portuguesa\",\"url\":\"https:\/\/www.diasporaportuguesa.org\/\",\"logo\":{\"@type\":\"ImageObject\",\"inLanguage\":\"en-US\",\"@id\":\"https:\/\/www.diasporaportuguesa.org\/#\/schema\/logo\/image\/\",\"url\":\"https:\/\/www.diasporaportuguesa.org\/wp-content\/uploads\/2022\/11\/conselho-diaspora-portuguesa.png\",\"contentUrl\":\"https:\/\/www.diasporaportuguesa.org\/wp-content\/uploads\/2022\/11\/conselho-diaspora-portuguesa.png\",\"width\":735,\"height\":216,\"caption\":\"Conselho da Di\u00e1spora Portuguesa\"},\"image\":{\"@id\":\"https:\/\/www.diasporaportuguesa.org\/#\/schema\/logo\/image\/\"},\"sameAs\":[\"https:\/\/twitter.com\/CdDiaspora\",\"https:\/\/www.linkedin.com\/company\/conselho-da-diaspora-portuguesa\/\",\"https:\/\/www.youtube.com\/channel\/UCEI8qERhtqzV1UgdITBo6rw\/videos\"]},{\"@type\":\"Person\",\"@id\":\"https:\/\/www.diasporaportuguesa.org\/#\/schema\/person\/c818e514378e26900dc5ca4ea5b9da53\",\"name\":\"Diogo Silva\",\"url\":\"https:\/\/www.diasporaportuguesa.org\/en\/author\/diogo-silva\/\"}]}<\/script>\n<!-- \/ Yoast SEO plugin. -->","yoast_head_json":{"title":"Interview with Daniel Guedelha: \"Success should be seen as a way to pave the way\" | Jornal de Neg\u00f3cios - Conselho da Di\u00e1spora Portuguesa","robots":{"index":"index","follow":"follow","max-snippet":"max-snippet:-1","max-image-preview":"max-image-preview:large","max-video-preview":"max-video-preview:-1"},"canonical":"https:\/\/www.diasporaportuguesa.org\/en\/news\/interview-daniel-guedelha-jn\/","og_locale":"en_US","og_type":"article","og_title":"Interview with Daniel Guedelha: \"Success should be seen as a way to pave the way\" | Jornal de Neg\u00f3cios - Conselho da Di\u00e1spora Portuguesa","og_description":"As part of the partnership between the Portuguese Diaspora Council and Jornal de Neg\u00f3cios, Daniel Guedelha, Founder and CEO of GenH and Board Member of the Portuguese Diaspora Council was interviewed by Jornal de Neg\u00f3cios.","og_url":"https:\/\/www.diasporaportuguesa.org\/en\/news\/interview-daniel-guedelha-jn\/","og_site_name":"Conselho da Di\u00e1spora Portuguesa","article_published_time":"2025-05-20T09:34:40+00:00","article_modified_time":"2025-05-20T12:18:16+00:00","og_image":[{"width":550,"height":624,"url":"https:\/\/www.diasporaportuguesa.org\/wp-content\/uploads\/2025\/05\/Foto-Daniel-Guedelha-1.jpg","type":"image\/jpeg"}],"author":"Diogo Silva","twitter_card":"summary_large_image","twitter_creator":"@CdDiaspora","twitter_site":"@CdDiaspora","twitter_misc":{"Written by":"Diogo Silva","Est. reading time":"9 minutes"},"schema":{"@context":"https:\/\/schema.org","@graph":[{"@type":"Article","@id":"https:\/\/www.diasporaportuguesa.org\/en\/news\/interview-daniel-guedelha-jn\/#article","isPartOf":{"@id":"https:\/\/www.diasporaportuguesa.org\/en\/news\/interview-daniel-guedelha-jn\/"},"author":{"name":"Diogo Silva","@id":"https:\/\/www.diasporaportuguesa.org\/#\/schema\/person\/c818e514378e26900dc5ca4ea5b9da53"},"headline":"Interview with Daniel Guedelha: &#8220;Success should be seen as a way to pave the way&#8221; | Jornal de Neg\u00f3cios","datePublished":"2025-05-20T09:34:40+00:00","dateModified":"2025-05-20T12:18:16+00:00","mainEntityOfPage":{"@id":"https:\/\/www.diasporaportuguesa.org\/en\/news\/interview-daniel-guedelha-jn\/"},"wordCount":1648,"publisher":{"@id":"https:\/\/www.diasporaportuguesa.org\/#organization"},"articleSection":["News"],"inLanguage":"en-US"},{"@type":"WebPage","@id":"https:\/\/www.diasporaportuguesa.org\/en\/news\/interview-daniel-guedelha-jn\/","url":"https:\/\/www.diasporaportuguesa.org\/en\/news\/interview-daniel-guedelha-jn\/","name":"Interview with Daniel Guedelha: \"Success should be seen as a way to pave the way\" | Jornal de Neg\u00f3cios - Conselho da Di\u00e1spora Portuguesa","isPartOf":{"@id":"https:\/\/www.diasporaportuguesa.org\/#website"},"datePublished":"2025-05-20T09:34:40+00:00","dateModified":"2025-05-20T12:18:16+00:00","breadcrumb":{"@id":"https:\/\/www.diasporaportuguesa.org\/en\/news\/interview-daniel-guedelha-jn\/#breadcrumb"},"inLanguage":"en-US","potentialAction":[{"@type":"ReadAction","target":["https:\/\/www.diasporaportuguesa.org\/en\/news\/interview-daniel-guedelha-jn\/"]}]},{"@type":"BreadcrumbList","@id":"https:\/\/www.diasporaportuguesa.org\/en\/news\/interview-daniel-guedelha-jn\/#breadcrumb","itemListElement":[{"@type":"ListItem","position":1,"name":"In\u00edcio","item":"https:\/\/www.diasporaportuguesa.org\/en\/"},{"@type":"ListItem","position":2,"name":"Not\u00edcias","item":"https:\/\/www.diasporaportuguesa.org\/noticias\/"},{"@type":"ListItem","position":3,"name":"Interview with Daniel Guedelha: &#8220;Success should be seen as a way to pave the way&#8221; | Jornal de Neg\u00f3cios"}]},{"@type":"WebSite","@id":"https:\/\/www.diasporaportuguesa.org\/#website","url":"https:\/\/www.diasporaportuguesa.org\/","name":"Conselho da Di\u00e1spora Portuguesa","description":"Conselho da Di\u00e1spora Portuguesa","publisher":{"@id":"https:\/\/www.diasporaportuguesa.org\/#organization"},"potentialAction":[{"@type":"SearchAction","target":{"@type":"EntryPoint","urlTemplate":"https:\/\/www.diasporaportuguesa.org\/?s={search_term_string}"},"query-input":"required name=search_term_string"}],"inLanguage":"en-US"},{"@type":"Organization","@id":"https:\/\/www.diasporaportuguesa.org\/#organization","name":"Conselho da Di\u00e1spora Portuguesa","url":"https:\/\/www.diasporaportuguesa.org\/","logo":{"@type":"ImageObject","inLanguage":"en-US","@id":"https:\/\/www.diasporaportuguesa.org\/#\/schema\/logo\/image\/","url":"https:\/\/www.diasporaportuguesa.org\/wp-content\/uploads\/2022\/11\/conselho-diaspora-portuguesa.png","contentUrl":"https:\/\/www.diasporaportuguesa.org\/wp-content\/uploads\/2022\/11\/conselho-diaspora-portuguesa.png","width":735,"height":216,"caption":"Conselho da Di\u00e1spora Portuguesa"},"image":{"@id":"https:\/\/www.diasporaportuguesa.org\/#\/schema\/logo\/image\/"},"sameAs":["https:\/\/twitter.com\/CdDiaspora","https:\/\/www.linkedin.com\/company\/conselho-da-diaspora-portuguesa\/","https:\/\/www.youtube.com\/channel\/UCEI8qERhtqzV1UgdITBo6rw\/videos"]},{"@type":"Person","@id":"https:\/\/www.diasporaportuguesa.org\/#\/schema\/person\/c818e514378e26900dc5ca4ea5b9da53","name":"Diogo Silva","url":"https:\/\/www.diasporaportuguesa.org\/en\/author\/diogo-silva\/"}]}},"_links":{"self":[{"href":"https:\/\/www.diasporaportuguesa.org\/en\/wp-json\/wp\/v2\/posts\/24800"}],"collection":[{"href":"https:\/\/www.diasporaportuguesa.org\/en\/wp-json\/wp\/v2\/posts"}],"about":[{"href":"https:\/\/www.diasporaportuguesa.org\/en\/wp-json\/wp\/v2\/types\/post"}],"author":[{"embeddable":true,"href":"https:\/\/www.diasporaportuguesa.org\/en\/wp-json\/wp\/v2\/users\/10"}],"replies":[{"embeddable":true,"href":"https:\/\/www.diasporaportuguesa.org\/en\/wp-json\/wp\/v2\/comments?post=24800"}],"version-history":[{"count":2,"href":"https:\/\/www.diasporaportuguesa.org\/en\/wp-json\/wp\/v2\/posts\/24800\/revisions"}],"predecessor-version":[{"id":24805,"href":"https:\/\/www.diasporaportuguesa.org\/en\/wp-json\/wp\/v2\/posts\/24800\/revisions\/24805"}],"wp:featuredmedia":[{"embeddable":true,"href":"https:\/\/www.diasporaportuguesa.org\/en\/wp-json\/wp\/v2\/media\/24798"}],"wp:attachment":[{"href":"https:\/\/www.diasporaportuguesa.org\/en\/wp-json\/wp\/v2\/media?parent=24800"}],"wp:term":[{"taxonomy":"category","embeddable":true,"href":"https:\/\/www.diasporaportuguesa.org\/en\/wp-json\/wp\/v2\/categories?post=24800"},{"taxonomy":"post_tag","embeddable":true,"href":"https:\/\/www.diasporaportuguesa.org\/en\/wp-json\/wp\/v2\/tags?post=24800"}],"curies":[{"name":"wp","href":"https:\/\/api.w.org\/{rel}","templated":true}]}}