{"id":25008,"date":"2025-06-18T17:13:43","date_gmt":"2025-06-18T17:13:43","guid":{"rendered":"https:\/\/www.diasporaportuguesa.org\/?p=25008"},"modified":"2025-06-18T17:13:49","modified_gmt":"2025-06-18T17:13:49","slug":"portuguese-diaspora-council-meets-with-his-excellency-the-president-of-the-portuguese-republic","status":"publish","type":"post","link":"https:\/\/www.diasporaportuguesa.org\/en\/events\/portuguese-diaspora-council-meets-with-his-excellency-the-president-of-the-portuguese-republic\/","title":{"rendered":"Portuguese Diaspora Council Meets with His Excellency the President of the Portuguese Republic"},"content":{"rendered":"\n<p>The Portuguese Diaspora Council had the honor of organizing a special edition of the <em>Diaspora Conversations<\/em> with His Excellency the President of the Republic, Marcelo Rebelo de Sousa, from the iconic Pal\u00e1cio de Bel\u00e9m.<\/p>\n\n\n\n<p>The session was moderated by Ant\u00f3nio Cal\u00e7ada de S\u00e1, President of the Council&#8217;s Board, who was present alongside the Head of State, reinforcing the Council&#8217;s active role in the debate about Portugal&#8217;s future.<\/p>\n\n\n\n<p>Over 100 counselors participated virtually, representing 27 countries across 5 continents, in a frank and in-depth dialogue on the major challenges of our time \u2014 from global geopolitics to digital transition and economic competitiveness \u2014 while also addressing Portugal&#8217;s strategic positioning in a rapidly changing world.<\/p>\n\n\n\n<p>Throughout the conversation, the need for a more structured logistical connection between the Council and the Government was emphasized, strengthening coordination with key areas such as Foreign Affairs, Economy, Education, Innovation, and Culture \u2014 all crucial for the country\u2019s internationalization and modernization.<\/p>\n\n\n\n<p>In his closing remarks, the President of the Republic reaffirmed the essential role of the Portuguese Diaspora as a national strategic asset, highlighting that Portugal relies on the talent, knowledge, and influence of its representatives around the world.<\/p>\n\n\n\n<p>The Portuguese Diaspora Council renews its commitment: with more than 320 active counselors in 44 countries and across 5 continents, it will continue to take Portugal further.<\/p>\n","protected":false},"excerpt":{"rendered":"The Portuguese Diaspora Council had the honor of organizing a special edition of the Diaspora Conversations with His Excellency the President of the Republic, Marcelo Rebelo de Sousa, from the iconic Pal\u00e1cio de Bel\u00e9m.","protected":false},"author":10,"featured_media":25006,"comment_status":"closed","ping_status":"closed","sticky":false,"template":"","format":"standard","meta":{"footnotes":""},"categories":[11],"tags":[],"acf":[],"yoast_head":"<!-- This site is optimized with the Yoast SEO plugin v21.3 - https:\/\/yoast.com\/wordpress\/plugins\/seo\/ -->\n<title>Portuguese Diaspora Council Meets with His Excellency the President of the Portuguese Republic - Conselho da Di\u00e1spora Portuguesa<\/title>\n<meta name=\"robots\" content=\"index, follow, max-snippet:-1, max-image-preview:large, max-video-preview:-1\" \/>\n<link rel=\"canonical\" href=\"https:\/\/www.diasporaportuguesa.org\/en\/events\/portuguese-diaspora-council-meets-with-his-excellency-the-president-of-the-portuguese-republic\/\" \/>\n<meta property=\"og:locale\" content=\"en_US\" \/>\n<meta property=\"og:type\" content=\"article\" \/>\n<meta property=\"og:title\" content=\"Portuguese Diaspora Council Meets with His Excellency the President of the Portuguese Republic - Conselho da Di\u00e1spora Portuguesa\" \/>\n<meta property=\"og:description\" content=\"The Portuguese Diaspora Council had the honor of organizing a special edition of the Diaspora Conversations with His Excellency the President of the Republic, Marcelo Rebelo de Sousa, from the iconic Pal\u00e1cio de Bel\u00e9m.\" \/>\n<meta property=\"og:url\" content=\"https:\/\/www.diasporaportuguesa.org\/en\/events\/portuguese-diaspora-council-meets-with-his-excellency-the-president-of-the-portuguese-republic\/\" \/>\n<meta property=\"og:site_name\" content=\"Conselho da Di\u00e1spora Portuguesa\" \/>\n<meta property=\"article:published_time\" content=\"2025-06-18T17:13:43+00:00\" \/>\n<meta property=\"article:modified_time\" content=\"2025-06-18T17:13:49+00:00\" \/>\n<meta property=\"og:image\" content=\"https:\/\/www.diasporaportuguesa.org\/wp-content\/uploads\/2025\/06\/Conferencia-NR-Portugal-2.jpg\" \/>\n\t<meta property=\"og:image:width\" content=\"1280\" \/>\n\t<meta property=\"og:image:height\" content=\"720\" \/>\n\t<meta property=\"og:image:type\" content=\"image\/jpeg\" \/>\n<meta name=\"author\" content=\"Diogo Silva\" \/>\n<meta name=\"twitter:card\" content=\"summary_large_image\" \/>\n<meta name=\"twitter:creator\" content=\"@CdDiaspora\" \/>\n<meta name=\"twitter:site\" content=\"@CdDiaspora\" \/>\n<meta name=\"twitter:label1\" content=\"Written by\" \/>\n\t<meta name=\"twitter:data1\" content=\"Diogo Silva\" \/>\n\t<meta name=\"twitter:label2\" content=\"Est. reading time\" \/>\n\t<meta name=\"twitter:data2\" content=\"2 minutes\" \/>\n<script type=\"application\/ld+json\" class=\"yoast-schema-graph\">{\"@context\":\"https:\/\/schema.org\",\"@graph\":[{\"@type\":\"Article\",\"@id\":\"https:\/\/www.diasporaportuguesa.org\/en\/events\/portuguese-diaspora-council-meets-with-his-excellency-the-president-of-the-portuguese-republic\/#article\",\"isPartOf\":{\"@id\":\"https:\/\/www.diasporaportuguesa.org\/en\/events\/portuguese-diaspora-council-meets-with-his-excellency-the-president-of-the-portuguese-republic\/\"},\"author\":{\"name\":\"Diogo Silva\",\"@id\":\"https:\/\/www.diasporaportuguesa.org\/#\/schema\/person\/c818e514378e26900dc5ca4ea5b9da53\"},\"headline\":\"Portuguese Diaspora Council Meets with His Excellency the President of the Portuguese Republic\",\"datePublished\":\"2025-06-18T17:13:43+00:00\",\"dateModified\":\"2025-06-18T17:13:49+00:00\",\"mainEntityOfPage\":{\"@id\":\"https:\/\/www.diasporaportuguesa.org\/en\/events\/portuguese-diaspora-council-meets-with-his-excellency-the-president-of-the-portuguese-republic\/\"},\"wordCount\":229,\"publisher\":{\"@id\":\"https:\/\/www.diasporaportuguesa.org\/#organization\"},\"articleSection\":[\"Events\"],\"inLanguage\":\"en-US\"},{\"@type\":\"WebPage\",\"@id\":\"https:\/\/www.diasporaportuguesa.org\/en\/events\/portuguese-diaspora-council-meets-with-his-excellency-the-president-of-the-portuguese-republic\/\",\"url\":\"https:\/\/www.diasporaportuguesa.org\/en\/events\/portuguese-diaspora-council-meets-with-his-excellency-the-president-of-the-portuguese-republic\/\",\"name\":\"Portuguese Diaspora Council Meets with His Excellency the President of the Portuguese Republic - Conselho da Di\u00e1spora Portuguesa\",\"isPartOf\":{\"@id\":\"https:\/\/www.diasporaportuguesa.org\/#website\"},\"datePublished\":\"2025-06-18T17:13:43+00:00\",\"dateModified\":\"2025-06-18T17:13:49+00:00\",\"breadcrumb\":{\"@id\":\"https:\/\/www.diasporaportuguesa.org\/en\/events\/portuguese-diaspora-council-meets-with-his-excellency-the-president-of-the-portuguese-republic\/#breadcrumb\"},\"inLanguage\":\"en-US\",\"potentialAction\":[{\"@type\":\"ReadAction\",\"target\":[\"https:\/\/www.diasporaportuguesa.org\/en\/events\/portuguese-diaspora-council-meets-with-his-excellency-the-president-of-the-portuguese-republic\/\"]}]},{\"@type\":\"BreadcrumbList\",\"@id\":\"https:\/\/www.diasporaportuguesa.org\/en\/events\/portuguese-diaspora-council-meets-with-his-excellency-the-president-of-the-portuguese-republic\/#breadcrumb\",\"itemListElement\":[{\"@type\":\"ListItem\",\"position\":1,\"name\":\"In\u00edcio\",\"item\":\"https:\/\/www.diasporaportuguesa.org\/en\/\"},{\"@type\":\"ListItem\",\"position\":2,\"name\":\"Events\",\"item\":\"https:\/\/www.diasporaportuguesa.org\/en\/events\/\"},{\"@type\":\"ListItem\",\"position\":3,\"name\":\"Portuguese Diaspora Council Meets with His Excellency the President of the Portuguese Republic\"}]},{\"@type\":\"WebSite\",\"@id\":\"https:\/\/www.diasporaportuguesa.org\/#website\",\"url\":\"https:\/\/www.diasporaportuguesa.org\/\",\"name\":\"Conselho da Di\u00e1spora Portuguesa\",\"description\":\"Conselho da Di\u00e1spora Portuguesa\",\"publisher\":{\"@id\":\"https:\/\/www.diasporaportuguesa.org\/#organization\"},\"potentialAction\":[{\"@type\":\"SearchAction\",\"target\":{\"@type\":\"EntryPoint\",\"urlTemplate\":\"https:\/\/www.diasporaportuguesa.org\/?s={search_term_string}\"},\"query-input\":\"required name=search_term_string\"}],\"inLanguage\":\"en-US\"},{\"@type\":\"Organization\",\"@id\":\"https:\/\/www.diasporaportuguesa.org\/#organization\",\"name\":\"Conselho da Di\u00e1spora Portuguesa\",\"url\":\"https:\/\/www.diasporaportuguesa.org\/\",\"logo\":{\"@type\":\"ImageObject\",\"inLanguage\":\"en-US\",\"@id\":\"https:\/\/www.diasporaportuguesa.org\/#\/schema\/logo\/image\/\",\"url\":\"https:\/\/www.diasporaportuguesa.org\/wp-content\/uploads\/2022\/11\/conselho-diaspora-portuguesa.png\",\"contentUrl\":\"https:\/\/www.diasporaportuguesa.org\/wp-content\/uploads\/2022\/11\/conselho-diaspora-portuguesa.png\",\"width\":735,\"height\":216,\"caption\":\"Conselho da Di\u00e1spora Portuguesa\"},\"image\":{\"@id\":\"https:\/\/www.diasporaportuguesa.org\/#\/schema\/logo\/image\/\"},\"sameAs\":[\"https:\/\/twitter.com\/CdDiaspora\",\"https:\/\/www.linkedin.com\/company\/conselho-da-diaspora-portuguesa\/\",\"https:\/\/www.youtube.com\/channel\/UCEI8qERhtqzV1UgdITBo6rw\/videos\"]},{\"@type\":\"Person\",\"@id\":\"https:\/\/www.diasporaportuguesa.org\/#\/schema\/person\/c818e514378e26900dc5ca4ea5b9da53\",\"name\":\"Diogo Silva\",\"url\":\"https:\/\/www.diasporaportuguesa.org\/en\/author\/diogo-silva\/\"}]}<\/script>\n<!-- \/ Yoast SEO plugin. -->","yoast_head_json":{"title":"Portuguese Diaspora Council Meets with His Excellency the President of the Portuguese Republic - Conselho da Di\u00e1spora Portuguesa","robots":{"index":"index","follow":"follow","max-snippet":"max-snippet:-1","max-image-preview":"max-image-preview:large","max-video-preview":"max-video-preview:-1"},"canonical":"https:\/\/www.diasporaportuguesa.org\/en\/events\/portuguese-diaspora-council-meets-with-his-excellency-the-president-of-the-portuguese-republic\/","og_locale":"en_US","og_type":"article","og_title":"Portuguese Diaspora Council Meets with His Excellency the President of the Portuguese Republic - Conselho da Di\u00e1spora Portuguesa","og_description":"The Portuguese Diaspora Council had the honor of organizing a special edition of the Diaspora Conversations with His Excellency the President of the Republic, Marcelo Rebelo de Sousa, from the iconic Pal\u00e1cio de Bel\u00e9m.","og_url":"https:\/\/www.diasporaportuguesa.org\/en\/events\/portuguese-diaspora-council-meets-with-his-excellency-the-president-of-the-portuguese-republic\/","og_site_name":"Conselho da Di\u00e1spora Portuguesa","article_published_time":"2025-06-18T17:13:43+00:00","article_modified_time":"2025-06-18T17:13:49+00:00","og_image":[{"width":1280,"height":720,"url":"https:\/\/www.diasporaportuguesa.org\/wp-content\/uploads\/2025\/06\/Conferencia-NR-Portugal-2.jpg","type":"image\/jpeg"}],"author":"Diogo Silva","twitter_card":"summary_large_image","twitter_creator":"@CdDiaspora","twitter_site":"@CdDiaspora","twitter_misc":{"Written by":"Diogo Silva","Est. reading time":"2 minutes"},"schema":{"@context":"https:\/\/schema.org","@graph":[{"@type":"Article","@id":"https:\/\/www.diasporaportuguesa.org\/en\/events\/portuguese-diaspora-council-meets-with-his-excellency-the-president-of-the-portuguese-republic\/#article","isPartOf":{"@id":"https:\/\/www.diasporaportuguesa.org\/en\/events\/portuguese-diaspora-council-meets-with-his-excellency-the-president-of-the-portuguese-republic\/"},"author":{"name":"Diogo Silva","@id":"https:\/\/www.diasporaportuguesa.org\/#\/schema\/person\/c818e514378e26900dc5ca4ea5b9da53"},"headline":"Portuguese Diaspora Council Meets with His Excellency the President of the Portuguese Republic","datePublished":"2025-06-18T17:13:43+00:00","dateModified":"2025-06-18T17:13:49+00:00","mainEntityOfPage":{"@id":"https:\/\/www.diasporaportuguesa.org\/en\/events\/portuguese-diaspora-council-meets-with-his-excellency-the-president-of-the-portuguese-republic\/"},"wordCount":229,"publisher":{"@id":"https:\/\/www.diasporaportuguesa.org\/#organization"},"articleSection":["Events"],"inLanguage":"en-US"},{"@type":"WebPage","@id":"https:\/\/www.diasporaportuguesa.org\/en\/events\/portuguese-diaspora-council-meets-with-his-excellency-the-president-of-the-portuguese-republic\/","url":"https:\/\/www.diasporaportuguesa.org\/en\/events\/portuguese-diaspora-council-meets-with-his-excellency-the-president-of-the-portuguese-republic\/","name":"Portuguese Diaspora Council Meets with His Excellency the President of the Portuguese Republic - Conselho da Di\u00e1spora Portuguesa","isPartOf":{"@id":"https:\/\/www.diasporaportuguesa.org\/#website"},"datePublished":"2025-06-18T17:13:43+00:00","dateModified":"2025-06-18T17:13:49+00:00","breadcrumb":{"@id":"https:\/\/www.diasporaportuguesa.org\/en\/events\/portuguese-diaspora-council-meets-with-his-excellency-the-president-of-the-portuguese-republic\/#breadcrumb"},"inLanguage":"en-US","potentialAction":[{"@type":"ReadAction","target":["https:\/\/www.diasporaportuguesa.org\/en\/events\/portuguese-diaspora-council-meets-with-his-excellency-the-president-of-the-portuguese-republic\/"]}]},{"@type":"BreadcrumbList","@id":"https:\/\/www.diasporaportuguesa.org\/en\/events\/portuguese-diaspora-council-meets-with-his-excellency-the-president-of-the-portuguese-republic\/#breadcrumb","itemListElement":[{"@type":"ListItem","position":1,"name":"In\u00edcio","item":"https:\/\/www.diasporaportuguesa.org\/en\/"},{"@type":"ListItem","position":2,"name":"Events","item":"https:\/\/www.diasporaportuguesa.org\/en\/events\/"},{"@type":"ListItem","position":3,"name":"Portuguese Diaspora Council Meets with His Excellency the President of the Portuguese Republic"}]},{"@type":"WebSite","@id":"https:\/\/www.diasporaportuguesa.org\/#website","url":"https:\/\/www.diasporaportuguesa.org\/","name":"Conselho da Di\u00e1spora Portuguesa","description":"Conselho da Di\u00e1spora Portuguesa","publisher":{"@id":"https:\/\/www.diasporaportuguesa.org\/#organization"},"potentialAction":[{"@type":"SearchAction","target":{"@type":"EntryPoint","urlTemplate":"https:\/\/www.diasporaportuguesa.org\/?s={search_term_string}"},"query-input":"required name=search_term_string"}],"inLanguage":"en-US"},{"@type":"Organization","@id":"https:\/\/www.diasporaportuguesa.org\/#organization","name":"Conselho da Di\u00e1spora Portuguesa","url":"https:\/\/www.diasporaportuguesa.org\/","logo":{"@type":"ImageObject","inLanguage":"en-US","@id":"https:\/\/www.diasporaportuguesa.org\/#\/schema\/logo\/image\/","url":"https:\/\/www.diasporaportuguesa.org\/wp-content\/uploads\/2022\/11\/conselho-diaspora-portuguesa.png","contentUrl":"https:\/\/www.diasporaportuguesa.org\/wp-content\/uploads\/2022\/11\/conselho-diaspora-portuguesa.png","width":735,"height":216,"caption":"Conselho da Di\u00e1spora Portuguesa"},"image":{"@id":"https:\/\/www.diasporaportuguesa.org\/#\/schema\/logo\/image\/"},"sameAs":["https:\/\/twitter.com\/CdDiaspora","https:\/\/www.linkedin.com\/company\/conselho-da-diaspora-portuguesa\/","https:\/\/www.youtube.com\/channel\/UCEI8qERhtqzV1UgdITBo6rw\/videos"]},{"@type":"Person","@id":"https:\/\/www.diasporaportuguesa.org\/#\/schema\/person\/c818e514378e26900dc5ca4ea5b9da53","name":"Diogo Silva","url":"https:\/\/www.diasporaportuguesa.org\/en\/author\/diogo-silva\/"}]}},"_links":{"self":[{"href":"https:\/\/www.diasporaportuguesa.org\/en\/wp-json\/wp\/v2\/posts\/25008"}],"collection":[{"href":"https:\/\/www.diasporaportuguesa.org\/en\/wp-json\/wp\/v2\/posts"}],"about":[{"href":"https:\/\/www.diasporaportuguesa.org\/en\/wp-json\/wp\/v2\/types\/post"}],"author":[{"embeddable":true,"href":"https:\/\/www.diasporaportuguesa.org\/en\/wp-json\/wp\/v2\/users\/10"}],"replies":[{"embeddable":true,"href":"https:\/\/www.diasporaportuguesa.org\/en\/wp-json\/wp\/v2\/comments?post=25008"}],"version-history":[{"count":1,"href":"https:\/\/www.diasporaportuguesa.org\/en\/wp-json\/wp\/v2\/posts\/25008\/revisions"}],"predecessor-version":[{"id":25009,"href":"https:\/\/www.diasporaportuguesa.org\/en\/wp-json\/wp\/v2\/posts\/25008\/revisions\/25009"}],"wp:featuredmedia":[{"embeddable":true,"href":"https:\/\/www.diasporaportuguesa.org\/en\/wp-json\/wp\/v2\/media\/25006"}],"wp:attachment":[{"href":"https:\/\/www.diasporaportuguesa.org\/en\/wp-json\/wp\/v2\/media?parent=25008"}],"wp:term":[{"taxonomy":"category","embeddable":true,"href":"https:\/\/www.diasporaportuguesa.org\/en\/wp-json\/wp\/v2\/categories?post=25008"},{"taxonomy":"post_tag","embeddable":true,"href":"https:\/\/www.diasporaportuguesa.org\/en\/wp-json\/wp\/v2\/tags?post=25008"}],"curies":[{"name":"wp","href":"https:\/\/api.w.org\/{rel}","templated":true}]}}