{"id":25112,"date":"2025-07-10T07:45:00","date_gmt":"2025-07-10T07:45:00","guid":{"rendered":"https:\/\/www.diasporaportuguesa.org\/?p=25112"},"modified":"2025-07-10T07:45:02","modified_gmt":"2025-07-10T07:45:02","slug":"interview-with-miguel-teixeira-one-of-the-main-attractions-of-portugal-is-the-human-factor-jornal-de-negocios","status":"publish","type":"post","link":"https:\/\/www.diasporaportuguesa.org\/en\/news\/interview-with-miguel-teixeira-one-of-the-main-attractions-of-portugal-is-the-human-factor-jornal-de-negocios\/","title":{"rendered":"Interview with Miguel Teixeira: &#8220;One of the main attractions of Portugal is the human factor&#8221; | Jornal de Neg\u00f3cios"},"content":{"rendered":"\n<p>As part of the partnership between the Portuguese Diaspora Council and Jornal de Neg\u00f3cios, Miguel Teixeira, CEO Ib\u00e9ria, International Organizations, LATAM and Consulting in Benelux and France in NTT DATA Inc., and Counselor of the USA Regional Hub, was interviewed by Jornal de Neg\u00f3cios. In the interview, Miguel Teixeira discussed his professional journey and identified competitive opportunities for Portugal, its economy, companies, and entrepreneurs in general.<\/p>\n\n\n\n<p><strong>1 \u2013 WHAT LED YOU TO LEAVE PORTUGAL?<\/strong><\/p>\n\n\n\n<p>Leaving Portugal was a well-considered decision, motivated by several factors. First and foremost, a new professional challenge arose that allowed me to broaden my knowledge and experience, as well as to engage with new realities\u2014something I consider essential for ongoing personal and professional growth.<br>In addition, after six years as CEO of a company I deeply admire, I realized that in order to bring fresh ideas and ensure long-term sustainability, it was necessary to seek out new perspectives.<br>Finally, it was also a family decision: I wanted to give my daughters a more global view of the world, with experiences that would help them grow with an open and international mindset.<\/p>\n\n\n\n<p><strong>2 \u2013 WHAT ADVANTAGES OR DISADVANTAGES HAS THE FACT THAT YOU ARE PORTUGUESE BROUGHT YOU?<\/strong><\/p>\n\n\n\n<p>Being Portuguese in an international role brings both challenges and opportunities. The economic and geopolitical scale of one\u2019s home country can project a certain bias\u2014albeit subtle and entirely human\u2014which may initially influence how an executive&#8217;s authority and impact are perceived, either positively or negatively.<br>On the other hand, being from Portugal also carries inherently positive values, such as integrity, adaptability, and strong multicultural competence.<br>When someone from a country with less international visibility reaches a prominent position, it often sparks curiosity and respect. In many cases, that background is seen as a differentiating asset\u2014proof of someone who had to excel in a more demanding context. And that, in itself, can become a competitive advantage.<\/p>\n\n\n\n<p><strong>3- WHAT OBSTACLES DID YOU HAVE TO OVERCOME AND HOW DID YOU DO IT?<\/strong><\/p>\n\n\n\n<p>Throughout my international career, I have faced various challenges, but I have always relied on two fundamental tools. The first was staying true to my principles. I believe that, at the end of the day, a person is a person\u2014regardless of the country or company\u2014and that organizational success depends primarily on people and the culture in which they operate. I never compromised my values just to gain easier recognition.<br>The second was curiosity: I consistently sought to understand the \u201calphabet\u201d of each country\u2014its culture, its history, and how these shape behaviors. I didn\u2019t change my core beliefs, but I did adapt my communication style, adjusting the path or language in order to reach the same destination, always with purpose in mind.<\/p>\n\n\n\n<p><strong>4 \u2013 WHAT DO YOU MOST ADMIRE ABOUT THE COUNTRY YOU ARE CURRENTLY IN?<\/strong><\/p>\n\n\n\n<p>I\u2019ve had the privilege of living in Chile and, currently, in the United States\u2014two very different countries, each with aspects I deeply admire.<br>In Chile, I was struck by the resilience and liberal spirit that have shaped the country over recent decades. I lived there during the pandemic and was vaccinated before my own parents in Portugal, which speaks volumes about the efficiency of the healthcare system. Companies, even with some state support, had to reinvent themselves. A remarkable example was LATAM Airlines, which, without government assistance, managed to rebuild\u2014a true symbol of perseverance.<br>In the United States, I admire the culture of not being afraid to fail. There is genuine respect for those who try to do things differently, regardless of the outcome. The entrepreneurial spirit, the ability to relearn, and the focus on \u201cdoing what\u2019s right\u201d rather than simply \u201cdoing things right\u201d are deeply rooted values. And despite its imperfections, there\u2019s a powerful and rare sense of collective pride in being American\u2014something that continues to unite the country.<\/p>\n\n\n\n<p><strong>5 \u2013 WHAT DO YOU ADMIRE MOST ABOUT THE COMPANY \/ ORGANIZATION YOU ARE IN?<\/strong><\/p>\n\n\n\n<p>What I admire most about NTT DATA is its ability to combine a strong Japanese identity with deep respect for the uniqueness of each region.<br>This cultural sensitivity is reflected in a management approach that values integrity and prioritizes a medium- to long-term vision\u2014something increasingly rare in the business world.<br>In my region specifically, I would highlight the clarity with which the importance of talent and organizational culture is recognized. Working alongside leaders with an entrepreneurial spirit\u2014who, over the past 30 years, have helped build this company\u2014is deeply inspiring.<br>This combination of vision, respect, and authenticity is, in my view, one of the company\u2019s greatest assets.<\/p>\n\n\n\n<p><strong>6 \u2013 WHAT RECOMMENDATIONS DO YOU HAVE FOR PORTUGAL, ITS ENTREPRENEURS AND MANAGERS?<\/strong><\/p>\n\n\n\n<p>My main recommendation is to genuinely care for the talent and culture within your organizations. The best people stay where they feel valued, challenged by those who inspire them, and where they have room to grow every day. It\u2019s essential to give people freedom\u2014while demanding commitment, responsibility, and excellence\u2014not by treating everyone the same, but by recognizing each individual\u2019s merit and potential.<br>It\u2019s equally important to foster curiosity, to learn from different generations, to listen to diverse perspectives, and to have the courage to make tough decisions when necessary.<br>When all of this comes together, it creates an environment that retains top talent\u2014and top talent attracts more of the same.<br>Poor performers, when left unchecked, not only fail to attract others\u2014they often drive the best people away.<\/p>\n\n\n\n<p><strong>7 \u2013 IN WHICH SECTORS OF THE COUNTRY WHERE YOU LIVE CAN PORTUGUESE COMPANIES FIND CUSTOMERS?<\/strong><\/p>\n\n\n\n<p>I work in the technology sector, and it\u2019s precisely there that I see strong opportunities for Portuguese companies in the United States.<br>Portugal already has several unicorns that have entered this market\u2014not only because of its business volume potential, but also due to the growth opportunities and openness to innovation.<br>Most of these companies operate in niche areas with a strong focus on innovation, but even in its more traditional sectors, the U.S. market values what comes from abroad\u2014as long as it brings real value.<br>There is no bias against origin, but there is a clear demand for impact.<br>That\u2019s why I believe Portugal must position itself with a balanced value proposition that combines differentiation and competitiveness.<br>We are not\u2014nor should we be\u2014a country that competes on cost.<br>Our strength lies in talent, creativity, and the ability to deliver high-quality, forward-thinking solutions.<br>If we enter this market solely with a price-driven mindset or as a \u201ccommodity\u201d player, we will struggle to succeed.<\/p>\n\n\n\n<p><strong>8 \u2013 IN WHICH SECTORS IN PORTUGAL COULD COMPANIES IN THE COUNTRY WHERE YOU ARE WANT TO INVEST?<\/strong><\/p>\n\n\n\n<p>I believe that one of Portugal\u2019s greatest assets for attracting foreign investment\u2014particularly from the United States\u2014is its human capital.<br>The country is increasingly positioning itself as a true <em>ValueShore<\/em> destination\u2014not only because of the highly qualified talent emerging from its universities, but also thanks to the attractive quality of life, which helps retain and attract top professionals.<br>While tourism remains one of our flagship sectors, I see enormous potential for Portugal as a bidirectional tech hub.<br>We have a culture of rapid technology adoption, which makes us an excellent testing ground and scale-up environment for innovative solutions.<br>This is especially relevant for companies looking to test, adapt, and then expand globally.<br>Portugal can and should position itself as a strategic partner for companies that value talent, innovation, and agility\u2014not just as an investment destination, but as a true platform for growth.<\/p>\n\n\n\n<p><strong>9 \u2013 WHAT IS THE COMPETITIVE ADVANTAGE OF THE COUNTRY YOU ARE IN THAT COULD BE REPLICATED IN PORTUGAL?<\/strong><\/p>\n\n\n\n<p>One of the greatest competitive advantages of the United States\u2014and one that could be replicated in Portugal\u2014is its strong orientation toward innovation.<br>Here, failure is not seen as defeat, but as a natural part of the learning and growth process. This lack of stigma around failure creates an environment where people experiment more, take more risks, and, as a result, innovate more.<br>It would be valuable to find a better balance between the European social model\u2014which is important and should be preserved\u2014and stronger incentives for private initiative and merit-based recognition within companies.<br>Valuing those who stand out, who take risks, and who choose to build something is essential to accelerating progress.<br>With the speed at which artificial intelligence is transforming the world, adoption will not happen without agility\u2014and without a certain tolerance for risk.<br>Portugal has the talent and the creativity; what\u2019s sometimes missing is the right environment for those qualities to flourish with global ambition.<\/p>\n\n\n\n<p><strong>10 \u2013 ARE YOU THINKING OF RETURNING TO PORTUGAL? WHY?<\/strong><\/p>\n\n\n\n<p>Yes, I do plan to return to Portugal.<br>Before being professionals, we are people \u2014 and for me, family, friends, and our traditions hold immense value. I miss them deeply, and that is the reason \u2014 the only reason \u2014 why I will return without hesitation.<br>When I do, I hope to bring with me the experience I\u2019ve gained and, who knows, contribute a small \u201cgrain of sand\u201d to our country.<br>I\u2019ll return with renewed energy, because I believe no role or position should be permanent.<br>I enjoy learning, evolving \u2014 and I know that\u2019s essential, both for myself and for any organization.<\/p>\n","protected":false},"excerpt":{"rendered":"As part of the partnership between the Portuguese Diaspora Council and Jornal de Neg\u00f3cios, Miguel Teixeira, CEO Ib\u00e9ria, International Organizations, LATAM and Consulting in Benelux and France in NTT DATA Inc., and Counselor of the USA Regional Hub, was interviewed by Jornal de Neg\u00f3cios. In the interview, Miguel Teixeira discussed his professional journey and identified&#8230;","protected":false},"author":10,"featured_media":25110,"comment_status":"closed","ping_status":"closed","sticky":false,"template":"","format":"standard","meta":{"footnotes":""},"categories":[12],"tags":[],"acf":[],"yoast_head":"<!-- This site is optimized with the Yoast SEO plugin v21.3 - https:\/\/yoast.com\/wordpress\/plugins\/seo\/ -->\n<title>Interview with Miguel Teixeira: &quot;One of the main attractions of Portugal is the human factor&quot; | Jornal de Neg\u00f3cios - Conselho da Di\u00e1spora Portuguesa<\/title>\n<meta name=\"robots\" content=\"index, follow, max-snippet:-1, max-image-preview:large, max-video-preview:-1\" \/>\n<link rel=\"canonical\" href=\"https:\/\/www.diasporaportuguesa.org\/en\/news\/interview-with-miguel-teixeira-one-of-the-main-attractions-of-portugal-is-the-human-factor-jornal-de-negocios\/\" \/>\n<meta property=\"og:locale\" content=\"en_US\" \/>\n<meta property=\"og:type\" content=\"article\" \/>\n<meta property=\"og:title\" content=\"Interview with Miguel Teixeira: &quot;One of the main attractions of Portugal is the human factor&quot; | Jornal de Neg\u00f3cios - Conselho da Di\u00e1spora Portuguesa\" \/>\n<meta property=\"og:description\" content=\"As part of the partnership between the Portuguese Diaspora Council and Jornal de Neg\u00f3cios, Miguel Teixeira, CEO Ib\u00e9ria, International Organizations, LATAM and Consulting in Benelux and France in NTT DATA Inc., and Counselor of the USA Regional Hub, was interviewed by Jornal de Neg\u00f3cios. In the interview, Miguel Teixeira discussed his professional journey and identified...\" \/>\n<meta property=\"og:url\" content=\"https:\/\/www.diasporaportuguesa.org\/en\/news\/interview-with-miguel-teixeira-one-of-the-main-attractions-of-portugal-is-the-human-factor-jornal-de-negocios\/\" \/>\n<meta property=\"og:site_name\" content=\"Conselho da Di\u00e1spora Portuguesa\" \/>\n<meta property=\"article:published_time\" content=\"2025-07-10T07:45:00+00:00\" \/>\n<meta property=\"article:modified_time\" content=\"2025-07-10T07:45:02+00:00\" \/>\n<meta property=\"og:image\" content=\"https:\/\/www.diasporaportuguesa.org\/wp-content\/uploads\/2025\/07\/MT-001-1-scaled.jpg\" \/>\n\t<meta property=\"og:image:width\" content=\"2560\" \/>\n\t<meta property=\"og:image:height\" content=\"1707\" \/>\n\t<meta property=\"og:image:type\" content=\"image\/jpeg\" \/>\n<meta name=\"author\" content=\"Diogo Silva\" \/>\n<meta name=\"twitter:card\" content=\"summary_large_image\" \/>\n<meta name=\"twitter:creator\" content=\"@CdDiaspora\" \/>\n<meta name=\"twitter:site\" content=\"@CdDiaspora\" \/>\n<meta name=\"twitter:label1\" content=\"Written by\" \/>\n\t<meta name=\"twitter:data1\" content=\"Diogo Silva\" \/>\n\t<meta name=\"twitter:label2\" content=\"Est. reading time\" \/>\n\t<meta name=\"twitter:data2\" content=\"9 minutes\" \/>\n<script type=\"application\/ld+json\" class=\"yoast-schema-graph\">{\"@context\":\"https:\/\/schema.org\",\"@graph\":[{\"@type\":\"Article\",\"@id\":\"https:\/\/www.diasporaportuguesa.org\/en\/news\/interview-with-miguel-teixeira-one-of-the-main-attractions-of-portugal-is-the-human-factor-jornal-de-negocios\/#article\",\"isPartOf\":{\"@id\":\"https:\/\/www.diasporaportuguesa.org\/en\/news\/interview-with-miguel-teixeira-one-of-the-main-attractions-of-portugal-is-the-human-factor-jornal-de-negocios\/\"},\"author\":{\"name\":\"Diogo Silva\",\"@id\":\"https:\/\/www.diasporaportuguesa.org\/#\/schema\/person\/c818e514378e26900dc5ca4ea5b9da53\"},\"headline\":\"Interview with Miguel Teixeira: &#8220;One of the main attractions of Portugal is the human factor&#8221; | Jornal de Neg\u00f3cios\",\"datePublished\":\"2025-07-10T07:45:00+00:00\",\"dateModified\":\"2025-07-10T07:45:02+00:00\",\"mainEntityOfPage\":{\"@id\":\"https:\/\/www.diasporaportuguesa.org\/en\/news\/interview-with-miguel-teixeira-one-of-the-main-attractions-of-portugal-is-the-human-factor-jornal-de-negocios\/\"},\"wordCount\":1564,\"publisher\":{\"@id\":\"https:\/\/www.diasporaportuguesa.org\/#organization\"},\"articleSection\":[\"News\"],\"inLanguage\":\"en-US\"},{\"@type\":\"WebPage\",\"@id\":\"https:\/\/www.diasporaportuguesa.org\/en\/news\/interview-with-miguel-teixeira-one-of-the-main-attractions-of-portugal-is-the-human-factor-jornal-de-negocios\/\",\"url\":\"https:\/\/www.diasporaportuguesa.org\/en\/news\/interview-with-miguel-teixeira-one-of-the-main-attractions-of-portugal-is-the-human-factor-jornal-de-negocios\/\",\"name\":\"Interview with Miguel Teixeira: \\\"One of the main attractions of Portugal is the human factor\\\" | Jornal de Neg\u00f3cios - Conselho da Di\u00e1spora Portuguesa\",\"isPartOf\":{\"@id\":\"https:\/\/www.diasporaportuguesa.org\/#website\"},\"datePublished\":\"2025-07-10T07:45:00+00:00\",\"dateModified\":\"2025-07-10T07:45:02+00:00\",\"breadcrumb\":{\"@id\":\"https:\/\/www.diasporaportuguesa.org\/en\/news\/interview-with-miguel-teixeira-one-of-the-main-attractions-of-portugal-is-the-human-factor-jornal-de-negocios\/#breadcrumb\"},\"inLanguage\":\"en-US\",\"potentialAction\":[{\"@type\":\"ReadAction\",\"target\":[\"https:\/\/www.diasporaportuguesa.org\/en\/news\/interview-with-miguel-teixeira-one-of-the-main-attractions-of-portugal-is-the-human-factor-jornal-de-negocios\/\"]}]},{\"@type\":\"BreadcrumbList\",\"@id\":\"https:\/\/www.diasporaportuguesa.org\/en\/news\/interview-with-miguel-teixeira-one-of-the-main-attractions-of-portugal-is-the-human-factor-jornal-de-negocios\/#breadcrumb\",\"itemListElement\":[{\"@type\":\"ListItem\",\"position\":1,\"name\":\"In\u00edcio\",\"item\":\"https:\/\/www.diasporaportuguesa.org\/en\/\"},{\"@type\":\"ListItem\",\"position\":2,\"name\":\"News\",\"item\":\"https:\/\/www.diasporaportuguesa.org\/en\/news\/\"},{\"@type\":\"ListItem\",\"position\":3,\"name\":\"Interview with Miguel Teixeira: &#8220;One of the main attractions of Portugal is the human factor&#8221; | Jornal de Neg\u00f3cios\"}]},{\"@type\":\"WebSite\",\"@id\":\"https:\/\/www.diasporaportuguesa.org\/#website\",\"url\":\"https:\/\/www.diasporaportuguesa.org\/\",\"name\":\"Conselho da Di\u00e1spora Portuguesa\",\"description\":\"Conselho da Di\u00e1spora Portuguesa\",\"publisher\":{\"@id\":\"https:\/\/www.diasporaportuguesa.org\/#organization\"},\"potentialAction\":[{\"@type\":\"SearchAction\",\"target\":{\"@type\":\"EntryPoint\",\"urlTemplate\":\"https:\/\/www.diasporaportuguesa.org\/?s={search_term_string}\"},\"query-input\":\"required name=search_term_string\"}],\"inLanguage\":\"en-US\"},{\"@type\":\"Organization\",\"@id\":\"https:\/\/www.diasporaportuguesa.org\/#organization\",\"name\":\"Conselho da Di\u00e1spora Portuguesa\",\"url\":\"https:\/\/www.diasporaportuguesa.org\/\",\"logo\":{\"@type\":\"ImageObject\",\"inLanguage\":\"en-US\",\"@id\":\"https:\/\/www.diasporaportuguesa.org\/#\/schema\/logo\/image\/\",\"url\":\"https:\/\/www.diasporaportuguesa.org\/wp-content\/uploads\/2022\/11\/conselho-diaspora-portuguesa.png\",\"contentUrl\":\"https:\/\/www.diasporaportuguesa.org\/wp-content\/uploads\/2022\/11\/conselho-diaspora-portuguesa.png\",\"width\":735,\"height\":216,\"caption\":\"Conselho da Di\u00e1spora Portuguesa\"},\"image\":{\"@id\":\"https:\/\/www.diasporaportuguesa.org\/#\/schema\/logo\/image\/\"},\"sameAs\":[\"https:\/\/twitter.com\/CdDiaspora\",\"https:\/\/www.linkedin.com\/company\/conselho-da-diaspora-portuguesa\/\",\"https:\/\/www.youtube.com\/channel\/UCEI8qERhtqzV1UgdITBo6rw\/videos\"]},{\"@type\":\"Person\",\"@id\":\"https:\/\/www.diasporaportuguesa.org\/#\/schema\/person\/c818e514378e26900dc5ca4ea5b9da53\",\"name\":\"Diogo Silva\",\"url\":\"https:\/\/www.diasporaportuguesa.org\/en\/author\/diogo-silva\/\"}]}<\/script>\n<!-- \/ Yoast SEO plugin. -->","yoast_head_json":{"title":"Interview with Miguel Teixeira: \"One of the main attractions of Portugal is the human factor\" | Jornal de Neg\u00f3cios - Conselho da Di\u00e1spora Portuguesa","robots":{"index":"index","follow":"follow","max-snippet":"max-snippet:-1","max-image-preview":"max-image-preview:large","max-video-preview":"max-video-preview:-1"},"canonical":"https:\/\/www.diasporaportuguesa.org\/en\/news\/interview-with-miguel-teixeira-one-of-the-main-attractions-of-portugal-is-the-human-factor-jornal-de-negocios\/","og_locale":"en_US","og_type":"article","og_title":"Interview with Miguel Teixeira: \"One of the main attractions of Portugal is the human factor\" | Jornal de Neg\u00f3cios - Conselho da Di\u00e1spora Portuguesa","og_description":"As part of the partnership between the Portuguese Diaspora Council and Jornal de Neg\u00f3cios, Miguel Teixeira, CEO Ib\u00e9ria, International Organizations, LATAM and Consulting in Benelux and France in NTT DATA Inc., and Counselor of the USA Regional Hub, was interviewed by Jornal de Neg\u00f3cios. In the interview, Miguel Teixeira discussed his professional journey and identified...","og_url":"https:\/\/www.diasporaportuguesa.org\/en\/news\/interview-with-miguel-teixeira-one-of-the-main-attractions-of-portugal-is-the-human-factor-jornal-de-negocios\/","og_site_name":"Conselho da Di\u00e1spora Portuguesa","article_published_time":"2025-07-10T07:45:00+00:00","article_modified_time":"2025-07-10T07:45:02+00:00","og_image":[{"width":2560,"height":1707,"url":"https:\/\/www.diasporaportuguesa.org\/wp-content\/uploads\/2025\/07\/MT-001-1-scaled.jpg","type":"image\/jpeg"}],"author":"Diogo Silva","twitter_card":"summary_large_image","twitter_creator":"@CdDiaspora","twitter_site":"@CdDiaspora","twitter_misc":{"Written by":"Diogo Silva","Est. reading time":"9 minutes"},"schema":{"@context":"https:\/\/schema.org","@graph":[{"@type":"Article","@id":"https:\/\/www.diasporaportuguesa.org\/en\/news\/interview-with-miguel-teixeira-one-of-the-main-attractions-of-portugal-is-the-human-factor-jornal-de-negocios\/#article","isPartOf":{"@id":"https:\/\/www.diasporaportuguesa.org\/en\/news\/interview-with-miguel-teixeira-one-of-the-main-attractions-of-portugal-is-the-human-factor-jornal-de-negocios\/"},"author":{"name":"Diogo Silva","@id":"https:\/\/www.diasporaportuguesa.org\/#\/schema\/person\/c818e514378e26900dc5ca4ea5b9da53"},"headline":"Interview with Miguel Teixeira: &#8220;One of the main attractions of Portugal is the human factor&#8221; | Jornal de Neg\u00f3cios","datePublished":"2025-07-10T07:45:00+00:00","dateModified":"2025-07-10T07:45:02+00:00","mainEntityOfPage":{"@id":"https:\/\/www.diasporaportuguesa.org\/en\/news\/interview-with-miguel-teixeira-one-of-the-main-attractions-of-portugal-is-the-human-factor-jornal-de-negocios\/"},"wordCount":1564,"publisher":{"@id":"https:\/\/www.diasporaportuguesa.org\/#organization"},"articleSection":["News"],"inLanguage":"en-US"},{"@type":"WebPage","@id":"https:\/\/www.diasporaportuguesa.org\/en\/news\/interview-with-miguel-teixeira-one-of-the-main-attractions-of-portugal-is-the-human-factor-jornal-de-negocios\/","url":"https:\/\/www.diasporaportuguesa.org\/en\/news\/interview-with-miguel-teixeira-one-of-the-main-attractions-of-portugal-is-the-human-factor-jornal-de-negocios\/","name":"Interview with Miguel Teixeira: \"One of the main attractions of Portugal is the human factor\" | Jornal de Neg\u00f3cios - Conselho da Di\u00e1spora Portuguesa","isPartOf":{"@id":"https:\/\/www.diasporaportuguesa.org\/#website"},"datePublished":"2025-07-10T07:45:00+00:00","dateModified":"2025-07-10T07:45:02+00:00","breadcrumb":{"@id":"https:\/\/www.diasporaportuguesa.org\/en\/news\/interview-with-miguel-teixeira-one-of-the-main-attractions-of-portugal-is-the-human-factor-jornal-de-negocios\/#breadcrumb"},"inLanguage":"en-US","potentialAction":[{"@type":"ReadAction","target":["https:\/\/www.diasporaportuguesa.org\/en\/news\/interview-with-miguel-teixeira-one-of-the-main-attractions-of-portugal-is-the-human-factor-jornal-de-negocios\/"]}]},{"@type":"BreadcrumbList","@id":"https:\/\/www.diasporaportuguesa.org\/en\/news\/interview-with-miguel-teixeira-one-of-the-main-attractions-of-portugal-is-the-human-factor-jornal-de-negocios\/#breadcrumb","itemListElement":[{"@type":"ListItem","position":1,"name":"In\u00edcio","item":"https:\/\/www.diasporaportuguesa.org\/en\/"},{"@type":"ListItem","position":2,"name":"News","item":"https:\/\/www.diasporaportuguesa.org\/en\/news\/"},{"@type":"ListItem","position":3,"name":"Interview with Miguel Teixeira: &#8220;One of the main attractions of Portugal is the human factor&#8221; | Jornal de Neg\u00f3cios"}]},{"@type":"WebSite","@id":"https:\/\/www.diasporaportuguesa.org\/#website","url":"https:\/\/www.diasporaportuguesa.org\/","name":"Conselho da Di\u00e1spora Portuguesa","description":"Conselho da Di\u00e1spora Portuguesa","publisher":{"@id":"https:\/\/www.diasporaportuguesa.org\/#organization"},"potentialAction":[{"@type":"SearchAction","target":{"@type":"EntryPoint","urlTemplate":"https:\/\/www.diasporaportuguesa.org\/?s={search_term_string}"},"query-input":"required name=search_term_string"}],"inLanguage":"en-US"},{"@type":"Organization","@id":"https:\/\/www.diasporaportuguesa.org\/#organization","name":"Conselho da Di\u00e1spora Portuguesa","url":"https:\/\/www.diasporaportuguesa.org\/","logo":{"@type":"ImageObject","inLanguage":"en-US","@id":"https:\/\/www.diasporaportuguesa.org\/#\/schema\/logo\/image\/","url":"https:\/\/www.diasporaportuguesa.org\/wp-content\/uploads\/2022\/11\/conselho-diaspora-portuguesa.png","contentUrl":"https:\/\/www.diasporaportuguesa.org\/wp-content\/uploads\/2022\/11\/conselho-diaspora-portuguesa.png","width":735,"height":216,"caption":"Conselho da Di\u00e1spora Portuguesa"},"image":{"@id":"https:\/\/www.diasporaportuguesa.org\/#\/schema\/logo\/image\/"},"sameAs":["https:\/\/twitter.com\/CdDiaspora","https:\/\/www.linkedin.com\/company\/conselho-da-diaspora-portuguesa\/","https:\/\/www.youtube.com\/channel\/UCEI8qERhtqzV1UgdITBo6rw\/videos"]},{"@type":"Person","@id":"https:\/\/www.diasporaportuguesa.org\/#\/schema\/person\/c818e514378e26900dc5ca4ea5b9da53","name":"Diogo Silva","url":"https:\/\/www.diasporaportuguesa.org\/en\/author\/diogo-silva\/"}]}},"_links":{"self":[{"href":"https:\/\/www.diasporaportuguesa.org\/en\/wp-json\/wp\/v2\/posts\/25112"}],"collection":[{"href":"https:\/\/www.diasporaportuguesa.org\/en\/wp-json\/wp\/v2\/posts"}],"about":[{"href":"https:\/\/www.diasporaportuguesa.org\/en\/wp-json\/wp\/v2\/types\/post"}],"author":[{"embeddable":true,"href":"https:\/\/www.diasporaportuguesa.org\/en\/wp-json\/wp\/v2\/users\/10"}],"replies":[{"embeddable":true,"href":"https:\/\/www.diasporaportuguesa.org\/en\/wp-json\/wp\/v2\/comments?post=25112"}],"version-history":[{"count":1,"href":"https:\/\/www.diasporaportuguesa.org\/en\/wp-json\/wp\/v2\/posts\/25112\/revisions"}],"predecessor-version":[{"id":25113,"href":"https:\/\/www.diasporaportuguesa.org\/en\/wp-json\/wp\/v2\/posts\/25112\/revisions\/25113"}],"wp:featuredmedia":[{"embeddable":true,"href":"https:\/\/www.diasporaportuguesa.org\/en\/wp-json\/wp\/v2\/media\/25110"}],"wp:attachment":[{"href":"https:\/\/www.diasporaportuguesa.org\/en\/wp-json\/wp\/v2\/media?parent=25112"}],"wp:term":[{"taxonomy":"category","embeddable":true,"href":"https:\/\/www.diasporaportuguesa.org\/en\/wp-json\/wp\/v2\/categories?post=25112"},{"taxonomy":"post_tag","embeddable":true,"href":"https:\/\/www.diasporaportuguesa.org\/en\/wp-json\/wp\/v2\/tags?post=25112"}],"curies":[{"name":"wp","href":"https:\/\/api.w.org\/{rel}","templated":true}]}}