{"id":25133,"date":"2025-07-29T09:31:24","date_gmt":"2025-07-29T09:31:24","guid":{"rendered":"https:\/\/www.diasporaportuguesa.org\/?p=25133"},"modified":"2025-07-29T09:31:25","modified_gmt":"2025-07-29T09:31:25","slug":"interview-with-alberto-ferreira-being-portuguese-carries-a-kind-of-strategic-subtlety-jornal-de-negocios","status":"publish","type":"post","link":"https:\/\/www.diasporaportuguesa.org\/en\/news\/interview-with-alberto-ferreira-being-portuguese-carries-a-kind-of-strategic-subtlety-jornal-de-negocios\/","title":{"rendered":"Interview with Alberto Ferreira: &#8220;Being Portuguese carries a kind of strategic subtlety&#8221; | Jornal de Neg\u00f3cios"},"content":{"rendered":"\n<p>As part of the partnership between the Portuguese Diaspora Council and Jornal de Neg\u00f3cios, Alberto Ferreira, Managing Director for Middle East and Asia at Noesis, and Counselor of the Middle East Regional Hub, was interviewed by Jornal de Neg\u00f3cios. In the interview, Alberto Ferreira discussed his professional journey and identified competitive opportunities for Portugal, its economy, companies, and entrepreneurs in general.<\/p>\n\n\n\n<p><strong>1 \u2013 WHAT LED YOU TO LEAVE PORTUGAL?<\/strong><\/p>\n\n\n\n<p>The decision to leave Portugal came naturally, as a professional progression resulting from the missions I have embraced over time. In addition, I\u2019ve always been passionate about discovering new peoples, cultures, and ways of life. My experience in the Portuguese Navy was the first step on that path, placing me in contexts where it was essential to develop adaptability, and to learn from very different circumstances, environments, and challenging scenarios. As I accumulated experiences, I realized that living abroad gave me a broader perspective \u2014 something essential for anyone who aims to lead with vision and effectiveness<\/p>\n\n\n\n<p><strong>2 \u2013 WHAT ADVANTAGES OR DISADVANTAGES HAS THE FACT THAT YOU ARE PORTUGUESE BROUGHT YOU?<\/strong><\/p>\n\n\n\n<p>Being Portuguese carries a kind of strategic subtlety: we have a way of engaging that doesn\u2019t impose, but rather wins people over. We earn our place through empathy, emotional intelligence, and a genuine curiosity about others. Our adaptability and resilience are widely recognized and valued in multicultural environments. We naturally foster strong human and professional relationships, which helps us integrate smoothly into diverse teams.<\/p>\n\n\n\n<p>However, we still face challenges when it comes to Portugal\u2019s international positioning \u2014 and that of its professionals \u2014 which is sometimes hindered by excessive modesty. It\u2019s essential to strengthen our confidence in what we do well and to communicate that value more assertively.<\/p>\n\n\n\n<p><strong>3- WHAT OBSTACLES DID YOU HAVE TO OVERCOME AND HOW DID YOU DO IT?<\/strong><\/p>\n\n\n\n<p>One of the main challenges I had to overcome was adapting to radically different cultural contexts. Working in such diverse regions as the Middle East, Latin America, and Northern Europe requires constant active listening, deep respect for local cultures and specificities, and, at the same time, firmness in values and objectives. I learned to build trust through consistent actions and to create bridges where there initially was distance. This ability to foster alignment in complex scenarios proved crucial for achieving strong results.<\/p>\n\n\n\n<p><strong>4 \u2013 WHAT DO YOU MOST ADMIRE ABOUT THE COUNTRY YOU ARE CURRENTLY IN?<\/strong><\/p>\n\n\n\n<p>What impresses me most about the United Arab Emirates is the way they are able to turn a clear strategic vision into concrete execution, with a speed that few countries can match. It is a results-oriented culture, where decisions are made with a strong focus on efficiency and achieving real impact. Beyond this dynamism, there is a visible commitment to institutional stability, continuous promotion of innovation, and an active policy of attracting highly qualified global talent.<\/p>\n\n\n\n<p>I also admire the conviction that talent is a strategic resource: residency programs for skilled professionals are processed within weeks and include solutions for accompanying family members. Lastly, the country stands out for its impressive cultural mosaic: over 190 nationalities live and work side by side, making it a true laboratory for intercultural management. When well-managed, this diversity not only enriches both the professional and personal experience, but also drives creativity and innovation across all sectors.<\/p>\n\n\n\n<p><strong>5 \u2013 WHAT DO YOU ADMIRE MOST ABOUT THE COMPANY \/ ORGANIZATION YOU ARE IN?<\/strong><\/p>\n\n\n\n<p>What I admire most about Noesis is the rare and consistent combination of technical excellence and deep respect for people. The company has succeeded in building an organizational culture centered on continuous talent development, genuine collaboration, and a constant commitment to innovation \u2014 values I consider essential and that truly make a difference in everyday work. The recent recognition as the best company to work for in Portugal is no coincidence: it reflects a leadership style that genuinely invests in people and fosters an environment where work is driven by freedom, responsibility, and purpose.<\/p>\n\n\n\n<p>As someone with experience across multiple cultural and professional contexts, I can say that Noesis represents the very best that Portugal has to offer the world.<\/p>\n\n\n\n<p>The company already has an international presence in seven countries, which underscores its global ambition and its ability to adapt to diverse markets. I was recently invited to lead the international expansion into the Middle East and Asia \u2014 a challenge I embrace with enthusiasm and a strong sense of purpose. It is a natural and strategic step in consolidating Noesis\u2019s global positioning, and a clear sign of the trust the organization places in its people.<\/p>\n\n\n\n<p><strong>6 \u2013 WHAT RECOMMENDATIONS DO YOU HAVE FOR PORTUGAL, ITS ENTREPRENEURS AND MANAGERS?<\/strong><\/p>\n\n\n\n<p>Portugal has talent, but it needs to assert itself with greater confidence and vision. Internationalization cannot be merely a tactical response to crises \u2014 it must be part of a structural strategy. This requires preparation, investment, and patience. Innovation should be encouraged not only in the technological field, but also in organizational models and human capital management practices. Investing in a bolder leadership culture \u2014 one that values international experience and promotes a strong sense of purpose \u2014 is essential to compete in an increasingly demanding global market.<\/p>\n\n\n\n<p><strong>7 \u2013 IN WHICH SECTORS OF THE COUNTRY WHERE YOU LIVE CAN PORTUGUESE COMPANIES FIND CUSTOMERS?<\/strong><\/p>\n\n\n\n<p>In the United Arab Emirates, Portuguese companies can find opportunities in sectors such as information technology, cybersecurity, artificial intelligence, renewable energy, smart cities, and sustainable construction. These are areas where Portugal has the know-how and technical capabilities to offer differentiated solutions. However, to succeed in this demanding market, it is crucial to invest in local presence, adapt culturally, and position oneself as an innovation partner with added value.<\/p>\n\n\n\n<p><strong>8 \u2013 IN WHICH SECTORS IN PORTUGAL COULD COMPANIES IN THE COUNTRY WHERE YOU ARE WANT TO INVEST?<\/strong><\/p>\n\n\n\n<p>Portugal has a charm that is hard to replicate: safety, talent, location, climate, culture \u2014 and it is an increasingly attractive destination for foreign investment. Companies based in the UAE can find value in sectors such as clean energy, innovation applied to agriculture, technology, experiential (non-mass) tourism, and R&amp;D competence centers. Stability, qualified talent, and the European context make the country ideal for investments with both return and scale.<\/p>\n\n\n\n<p>Portugal can and should be a hub for innovation and well-being in Europe. It just needs to position itself as such more boldly and coherently.<\/p>\n\n\n\n<p><strong>9 \u2013 WHAT IS THE COMPETITIVE ADVANTAGE OF THE COUNTRY YOU ARE IN THAT COULD BE REPLICATED IN PORTUGAL?<\/strong><\/p>\n\n\n\n<p>The agility in decision-making and the ability to execute are clear advantages of the United Arab Emirates. There is an institutional culture that favors calculated risk-taking, streamlines processes, and focuses on delivery. Portugal could greatly benefit from adopting practices that reduce bureaucracy, accelerate project implementation, and promote greater collaboration between government, businesses, and academia. The combination of long-term vision and swift action is something we can and should replicate, while maintaining our own identity.<\/p>\n\n\n\n<p><strong>10 \u2013 ARE YOU THINKING OF RETURNING TO PORTUGAL? WHY?<\/strong><\/p>\n\n\n\n<p>Yes, I plan to return to Portugal. The international experience has been enriching and continues to be so, but there is a strong desire to apply that knowledge in the country that shaped me. I feel I can contribute to a more ambitious, more global, and better-prepared Portugal for contemporary challenges.<\/p>\n\n\n\n<p>I have great respect for the potential that exists in Portugal \u2014 in its people, ideas, and worldview. But that potential needs to be activated with vision, courage, and external references that challenge us to step out of our comfort zone. If I can be an agent of that transformation, even on a small scale, then returning will not be an end, but a new beginning with purpose, equipped with more tools, broader vision, and a renewed commitment to creating lasting positive impact.<\/p>\n","protected":false},"excerpt":{"rendered":"As part of the partnership between the Portuguese Diaspora Council and Jornal de Neg\u00f3cios, Alberto Ferreira, Managing Director for Middle East and Asia at Noesis, and Counselor of the Middle East Regional Hub, was interviewed by Jornal de Neg\u00f3cios. In the interview, Alberto Ferreira discussed his professional journey and identified competitive opportunities for Portugal, its&#8230;","protected":false},"author":10,"featured_media":25131,"comment_status":"closed","ping_status":"closed","sticky":false,"template":"","format":"standard","meta":{"footnotes":""},"categories":[12],"tags":[],"acf":[],"yoast_head":"<!-- This site is optimized with the Yoast SEO plugin v21.3 - https:\/\/yoast.com\/wordpress\/plugins\/seo\/ -->\n<title>Interview with Alberto Ferreira: &quot;Being Portuguese carries a kind of strategic subtlety&quot; | Jornal de Neg\u00f3cios - Conselho da Di\u00e1spora Portuguesa<\/title>\n<meta name=\"robots\" content=\"index, follow, max-snippet:-1, max-image-preview:large, max-video-preview:-1\" \/>\n<link rel=\"canonical\" href=\"https:\/\/www.diasporaportuguesa.org\/en\/news\/interview-with-alberto-ferreira-being-portuguese-carries-a-kind-of-strategic-subtlety-jornal-de-negocios\/\" \/>\n<meta property=\"og:locale\" content=\"en_US\" \/>\n<meta property=\"og:type\" content=\"article\" \/>\n<meta property=\"og:title\" content=\"Interview with Alberto Ferreira: &quot;Being Portuguese carries a kind of strategic subtlety&quot; | Jornal de Neg\u00f3cios - Conselho da Di\u00e1spora Portuguesa\" \/>\n<meta property=\"og:description\" content=\"As part of the partnership between the Portuguese Diaspora Council and Jornal de Neg\u00f3cios, Alberto Ferreira, Managing Director for Middle East and Asia at Noesis, and Counselor of the Middle East Regional Hub, was interviewed by Jornal de Neg\u00f3cios. In the interview, Alberto Ferreira discussed his professional journey and identified competitive opportunities for Portugal, its...\" \/>\n<meta property=\"og:url\" content=\"https:\/\/www.diasporaportuguesa.org\/en\/news\/interview-with-alberto-ferreira-being-portuguese-carries-a-kind-of-strategic-subtlety-jornal-de-negocios\/\" \/>\n<meta property=\"og:site_name\" content=\"Conselho da Di\u00e1spora Portuguesa\" \/>\n<meta property=\"article:published_time\" content=\"2025-07-29T09:31:24+00:00\" \/>\n<meta property=\"article:modified_time\" content=\"2025-07-29T09:31:25+00:00\" \/>\n<meta property=\"og:image\" content=\"https:\/\/www.diasporaportuguesa.org\/wp-content\/uploads\/2025\/07\/Foto-Alberto-Ferreira-1-scaled.jpg\" \/>\n\t<meta property=\"og:image:width\" content=\"2560\" \/>\n\t<meta property=\"og:image:height\" content=\"2048\" \/>\n\t<meta property=\"og:image:type\" content=\"image\/jpeg\" \/>\n<meta name=\"author\" content=\"Diogo Silva\" \/>\n<meta name=\"twitter:card\" content=\"summary_large_image\" \/>\n<meta name=\"twitter:creator\" content=\"@CdDiaspora\" \/>\n<meta name=\"twitter:site\" content=\"@CdDiaspora\" \/>\n<meta name=\"twitter:label1\" content=\"Written by\" \/>\n\t<meta name=\"twitter:data1\" content=\"Diogo Silva\" \/>\n\t<meta name=\"twitter:label2\" content=\"Est. reading time\" \/>\n\t<meta name=\"twitter:data2\" content=\"8 minutes\" \/>\n<script type=\"application\/ld+json\" class=\"yoast-schema-graph\">{\"@context\":\"https:\/\/schema.org\",\"@graph\":[{\"@type\":\"Article\",\"@id\":\"https:\/\/www.diasporaportuguesa.org\/en\/news\/interview-with-alberto-ferreira-being-portuguese-carries-a-kind-of-strategic-subtlety-jornal-de-negocios\/#article\",\"isPartOf\":{\"@id\":\"https:\/\/www.diasporaportuguesa.org\/en\/news\/interview-with-alberto-ferreira-being-portuguese-carries-a-kind-of-strategic-subtlety-jornal-de-negocios\/\"},\"author\":{\"name\":\"Diogo Silva\",\"@id\":\"https:\/\/www.diasporaportuguesa.org\/#\/schema\/person\/c818e514378e26900dc5ca4ea5b9da53\"},\"headline\":\"Interview with Alberto Ferreira: &#8220;Being Portuguese carries a kind of strategic subtlety&#8221; | Jornal de Neg\u00f3cios\",\"datePublished\":\"2025-07-29T09:31:24+00:00\",\"dateModified\":\"2025-07-29T09:31:25+00:00\",\"mainEntityOfPage\":{\"@id\":\"https:\/\/www.diasporaportuguesa.org\/en\/news\/interview-with-alberto-ferreira-being-portuguese-carries-a-kind-of-strategic-subtlety-jornal-de-negocios\/\"},\"wordCount\":1291,\"publisher\":{\"@id\":\"https:\/\/www.diasporaportuguesa.org\/#organization\"},\"articleSection\":[\"News\"],\"inLanguage\":\"en-US\"},{\"@type\":\"WebPage\",\"@id\":\"https:\/\/www.diasporaportuguesa.org\/en\/news\/interview-with-alberto-ferreira-being-portuguese-carries-a-kind-of-strategic-subtlety-jornal-de-negocios\/\",\"url\":\"https:\/\/www.diasporaportuguesa.org\/en\/news\/interview-with-alberto-ferreira-being-portuguese-carries-a-kind-of-strategic-subtlety-jornal-de-negocios\/\",\"name\":\"Interview with Alberto Ferreira: \\\"Being Portuguese carries a kind of strategic subtlety\\\" | Jornal de Neg\u00f3cios - Conselho da Di\u00e1spora Portuguesa\",\"isPartOf\":{\"@id\":\"https:\/\/www.diasporaportuguesa.org\/#website\"},\"datePublished\":\"2025-07-29T09:31:24+00:00\",\"dateModified\":\"2025-07-29T09:31:25+00:00\",\"breadcrumb\":{\"@id\":\"https:\/\/www.diasporaportuguesa.org\/en\/news\/interview-with-alberto-ferreira-being-portuguese-carries-a-kind-of-strategic-subtlety-jornal-de-negocios\/#breadcrumb\"},\"inLanguage\":\"en-US\",\"potentialAction\":[{\"@type\":\"ReadAction\",\"target\":[\"https:\/\/www.diasporaportuguesa.org\/en\/news\/interview-with-alberto-ferreira-being-portuguese-carries-a-kind-of-strategic-subtlety-jornal-de-negocios\/\"]}]},{\"@type\":\"BreadcrumbList\",\"@id\":\"https:\/\/www.diasporaportuguesa.org\/en\/news\/interview-with-alberto-ferreira-being-portuguese-carries-a-kind-of-strategic-subtlety-jornal-de-negocios\/#breadcrumb\",\"itemListElement\":[{\"@type\":\"ListItem\",\"position\":1,\"name\":\"In\u00edcio\",\"item\":\"https:\/\/www.diasporaportuguesa.org\/en\/\"},{\"@type\":\"ListItem\",\"position\":2,\"name\":\"News\",\"item\":\"https:\/\/www.diasporaportuguesa.org\/en\/news\/\"},{\"@type\":\"ListItem\",\"position\":3,\"name\":\"Interview with Alberto Ferreira: &#8220;Being Portuguese carries a kind of strategic subtlety&#8221; | Jornal de Neg\u00f3cios\"}]},{\"@type\":\"WebSite\",\"@id\":\"https:\/\/www.diasporaportuguesa.org\/#website\",\"url\":\"https:\/\/www.diasporaportuguesa.org\/\",\"name\":\"Conselho da Di\u00e1spora Portuguesa\",\"description\":\"Conselho da Di\u00e1spora Portuguesa\",\"publisher\":{\"@id\":\"https:\/\/www.diasporaportuguesa.org\/#organization\"},\"potentialAction\":[{\"@type\":\"SearchAction\",\"target\":{\"@type\":\"EntryPoint\",\"urlTemplate\":\"https:\/\/www.diasporaportuguesa.org\/?s={search_term_string}\"},\"query-input\":\"required name=search_term_string\"}],\"inLanguage\":\"en-US\"},{\"@type\":\"Organization\",\"@id\":\"https:\/\/www.diasporaportuguesa.org\/#organization\",\"name\":\"Conselho da Di\u00e1spora Portuguesa\",\"url\":\"https:\/\/www.diasporaportuguesa.org\/\",\"logo\":{\"@type\":\"ImageObject\",\"inLanguage\":\"en-US\",\"@id\":\"https:\/\/www.diasporaportuguesa.org\/#\/schema\/logo\/image\/\",\"url\":\"https:\/\/www.diasporaportuguesa.org\/wp-content\/uploads\/2022\/11\/conselho-diaspora-portuguesa.png\",\"contentUrl\":\"https:\/\/www.diasporaportuguesa.org\/wp-content\/uploads\/2022\/11\/conselho-diaspora-portuguesa.png\",\"width\":735,\"height\":216,\"caption\":\"Conselho da Di\u00e1spora Portuguesa\"},\"image\":{\"@id\":\"https:\/\/www.diasporaportuguesa.org\/#\/schema\/logo\/image\/\"},\"sameAs\":[\"https:\/\/twitter.com\/CdDiaspora\",\"https:\/\/www.linkedin.com\/company\/conselho-da-diaspora-portuguesa\/\",\"https:\/\/www.youtube.com\/channel\/UCEI8qERhtqzV1UgdITBo6rw\/videos\"]},{\"@type\":\"Person\",\"@id\":\"https:\/\/www.diasporaportuguesa.org\/#\/schema\/person\/c818e514378e26900dc5ca4ea5b9da53\",\"name\":\"Diogo Silva\",\"url\":\"https:\/\/www.diasporaportuguesa.org\/en\/author\/diogo-silva\/\"}]}<\/script>\n<!-- \/ Yoast SEO plugin. -->","yoast_head_json":{"title":"Interview with Alberto Ferreira: \"Being Portuguese carries a kind of strategic subtlety\" | Jornal de Neg\u00f3cios - Conselho da Di\u00e1spora Portuguesa","robots":{"index":"index","follow":"follow","max-snippet":"max-snippet:-1","max-image-preview":"max-image-preview:large","max-video-preview":"max-video-preview:-1"},"canonical":"https:\/\/www.diasporaportuguesa.org\/en\/news\/interview-with-alberto-ferreira-being-portuguese-carries-a-kind-of-strategic-subtlety-jornal-de-negocios\/","og_locale":"en_US","og_type":"article","og_title":"Interview with Alberto Ferreira: \"Being Portuguese carries a kind of strategic subtlety\" | Jornal de Neg\u00f3cios - Conselho da Di\u00e1spora Portuguesa","og_description":"As part of the partnership between the Portuguese Diaspora Council and Jornal de Neg\u00f3cios, Alberto Ferreira, Managing Director for Middle East and Asia at Noesis, and Counselor of the Middle East Regional Hub, was interviewed by Jornal de Neg\u00f3cios. In the interview, Alberto Ferreira discussed his professional journey and identified competitive opportunities for Portugal, its...","og_url":"https:\/\/www.diasporaportuguesa.org\/en\/news\/interview-with-alberto-ferreira-being-portuguese-carries-a-kind-of-strategic-subtlety-jornal-de-negocios\/","og_site_name":"Conselho da Di\u00e1spora Portuguesa","article_published_time":"2025-07-29T09:31:24+00:00","article_modified_time":"2025-07-29T09:31:25+00:00","og_image":[{"width":2560,"height":2048,"url":"https:\/\/www.diasporaportuguesa.org\/wp-content\/uploads\/2025\/07\/Foto-Alberto-Ferreira-1-scaled.jpg","type":"image\/jpeg"}],"author":"Diogo Silva","twitter_card":"summary_large_image","twitter_creator":"@CdDiaspora","twitter_site":"@CdDiaspora","twitter_misc":{"Written by":"Diogo Silva","Est. reading time":"8 minutes"},"schema":{"@context":"https:\/\/schema.org","@graph":[{"@type":"Article","@id":"https:\/\/www.diasporaportuguesa.org\/en\/news\/interview-with-alberto-ferreira-being-portuguese-carries-a-kind-of-strategic-subtlety-jornal-de-negocios\/#article","isPartOf":{"@id":"https:\/\/www.diasporaportuguesa.org\/en\/news\/interview-with-alberto-ferreira-being-portuguese-carries-a-kind-of-strategic-subtlety-jornal-de-negocios\/"},"author":{"name":"Diogo Silva","@id":"https:\/\/www.diasporaportuguesa.org\/#\/schema\/person\/c818e514378e26900dc5ca4ea5b9da53"},"headline":"Interview with Alberto Ferreira: &#8220;Being Portuguese carries a kind of strategic subtlety&#8221; | Jornal de Neg\u00f3cios","datePublished":"2025-07-29T09:31:24+00:00","dateModified":"2025-07-29T09:31:25+00:00","mainEntityOfPage":{"@id":"https:\/\/www.diasporaportuguesa.org\/en\/news\/interview-with-alberto-ferreira-being-portuguese-carries-a-kind-of-strategic-subtlety-jornal-de-negocios\/"},"wordCount":1291,"publisher":{"@id":"https:\/\/www.diasporaportuguesa.org\/#organization"},"articleSection":["News"],"inLanguage":"en-US"},{"@type":"WebPage","@id":"https:\/\/www.diasporaportuguesa.org\/en\/news\/interview-with-alberto-ferreira-being-portuguese-carries-a-kind-of-strategic-subtlety-jornal-de-negocios\/","url":"https:\/\/www.diasporaportuguesa.org\/en\/news\/interview-with-alberto-ferreira-being-portuguese-carries-a-kind-of-strategic-subtlety-jornal-de-negocios\/","name":"Interview with Alberto Ferreira: \"Being Portuguese carries a kind of strategic subtlety\" | Jornal de Neg\u00f3cios - Conselho da Di\u00e1spora Portuguesa","isPartOf":{"@id":"https:\/\/www.diasporaportuguesa.org\/#website"},"datePublished":"2025-07-29T09:31:24+00:00","dateModified":"2025-07-29T09:31:25+00:00","breadcrumb":{"@id":"https:\/\/www.diasporaportuguesa.org\/en\/news\/interview-with-alberto-ferreira-being-portuguese-carries-a-kind-of-strategic-subtlety-jornal-de-negocios\/#breadcrumb"},"inLanguage":"en-US","potentialAction":[{"@type":"ReadAction","target":["https:\/\/www.diasporaportuguesa.org\/en\/news\/interview-with-alberto-ferreira-being-portuguese-carries-a-kind-of-strategic-subtlety-jornal-de-negocios\/"]}]},{"@type":"BreadcrumbList","@id":"https:\/\/www.diasporaportuguesa.org\/en\/news\/interview-with-alberto-ferreira-being-portuguese-carries-a-kind-of-strategic-subtlety-jornal-de-negocios\/#breadcrumb","itemListElement":[{"@type":"ListItem","position":1,"name":"In\u00edcio","item":"https:\/\/www.diasporaportuguesa.org\/en\/"},{"@type":"ListItem","position":2,"name":"News","item":"https:\/\/www.diasporaportuguesa.org\/en\/news\/"},{"@type":"ListItem","position":3,"name":"Interview with Alberto Ferreira: &#8220;Being Portuguese carries a kind of strategic subtlety&#8221; | Jornal de Neg\u00f3cios"}]},{"@type":"WebSite","@id":"https:\/\/www.diasporaportuguesa.org\/#website","url":"https:\/\/www.diasporaportuguesa.org\/","name":"Conselho da Di\u00e1spora Portuguesa","description":"Conselho da Di\u00e1spora Portuguesa","publisher":{"@id":"https:\/\/www.diasporaportuguesa.org\/#organization"},"potentialAction":[{"@type":"SearchAction","target":{"@type":"EntryPoint","urlTemplate":"https:\/\/www.diasporaportuguesa.org\/?s={search_term_string}"},"query-input":"required name=search_term_string"}],"inLanguage":"en-US"},{"@type":"Organization","@id":"https:\/\/www.diasporaportuguesa.org\/#organization","name":"Conselho da Di\u00e1spora Portuguesa","url":"https:\/\/www.diasporaportuguesa.org\/","logo":{"@type":"ImageObject","inLanguage":"en-US","@id":"https:\/\/www.diasporaportuguesa.org\/#\/schema\/logo\/image\/","url":"https:\/\/www.diasporaportuguesa.org\/wp-content\/uploads\/2022\/11\/conselho-diaspora-portuguesa.png","contentUrl":"https:\/\/www.diasporaportuguesa.org\/wp-content\/uploads\/2022\/11\/conselho-diaspora-portuguesa.png","width":735,"height":216,"caption":"Conselho da Di\u00e1spora Portuguesa"},"image":{"@id":"https:\/\/www.diasporaportuguesa.org\/#\/schema\/logo\/image\/"},"sameAs":["https:\/\/twitter.com\/CdDiaspora","https:\/\/www.linkedin.com\/company\/conselho-da-diaspora-portuguesa\/","https:\/\/www.youtube.com\/channel\/UCEI8qERhtqzV1UgdITBo6rw\/videos"]},{"@type":"Person","@id":"https:\/\/www.diasporaportuguesa.org\/#\/schema\/person\/c818e514378e26900dc5ca4ea5b9da53","name":"Diogo Silva","url":"https:\/\/www.diasporaportuguesa.org\/en\/author\/diogo-silva\/"}]}},"_links":{"self":[{"href":"https:\/\/www.diasporaportuguesa.org\/en\/wp-json\/wp\/v2\/posts\/25133"}],"collection":[{"href":"https:\/\/www.diasporaportuguesa.org\/en\/wp-json\/wp\/v2\/posts"}],"about":[{"href":"https:\/\/www.diasporaportuguesa.org\/en\/wp-json\/wp\/v2\/types\/post"}],"author":[{"embeddable":true,"href":"https:\/\/www.diasporaportuguesa.org\/en\/wp-json\/wp\/v2\/users\/10"}],"replies":[{"embeddable":true,"href":"https:\/\/www.diasporaportuguesa.org\/en\/wp-json\/wp\/v2\/comments?post=25133"}],"version-history":[{"count":1,"href":"https:\/\/www.diasporaportuguesa.org\/en\/wp-json\/wp\/v2\/posts\/25133\/revisions"}],"predecessor-version":[{"id":25134,"href":"https:\/\/www.diasporaportuguesa.org\/en\/wp-json\/wp\/v2\/posts\/25133\/revisions\/25134"}],"wp:featuredmedia":[{"embeddable":true,"href":"https:\/\/www.diasporaportuguesa.org\/en\/wp-json\/wp\/v2\/media\/25131"}],"wp:attachment":[{"href":"https:\/\/www.diasporaportuguesa.org\/en\/wp-json\/wp\/v2\/media?parent=25133"}],"wp:term":[{"taxonomy":"category","embeddable":true,"href":"https:\/\/www.diasporaportuguesa.org\/en\/wp-json\/wp\/v2\/categories?post=25133"},{"taxonomy":"post_tag","embeddable":true,"href":"https:\/\/www.diasporaportuguesa.org\/en\/wp-json\/wp\/v2\/tags?post=25133"}],"curies":[{"name":"wp","href":"https:\/\/api.w.org\/{rel}","templated":true}]}}