{"id":25379,"date":"2025-07-26T14:45:00","date_gmt":"2025-07-26T14:45:00","guid":{"rendered":"https:\/\/www.diasporaportuguesa.org\/?p=25379"},"modified":"2025-10-07T16:40:53","modified_gmt":"2025-10-07T16:40:53","slug":"eurafrican-forum-2025","status":"publish","type":"post","link":"https:\/\/www.diasporaportuguesa.org\/en\/events\/eurafrican-forum-2025\/","title":{"rendered":"EurAfrican Forum 2025"},"content":{"rendered":"\n<p>The 8th edition of the EurAfrican Forum, held in 2025 at Nova SBE in Cascais, brought together global leaders and innovators to strengthen Europe-Africa cooperation, focusing on sustainable growth, innovation, and long-term development partnerships.<\/p>\n\n\n\n<!--more-->\n\n\n\n<p>On July 25 and 26, the Nova School of Business and Economics in Cascais hosted the eighth edition of the EurAfrican Forum, under the theme <em>\u201cTransforming Tomorrow: Bridging Global Partnerships to Meet the 2063 Agenda.\u201d<\/em><\/p>\n\n\n\n<div class=\"wp-block-media-text is-stacked-on-mobile\" style=\"grid-template-columns:52% auto\"><figure class=\"wp-block-media-text__media\"><img decoding=\"async\" loading=\"lazy\" width=\"1920\" height=\"1282\" src=\"https:\/\/www.diasporaportuguesa.org\/wp-content\/uploads\/2025\/10\/EurafricanForum_079_2025_0260-1920x1282.jpg\" alt=\"\" class=\"wp-image-25328 size-full\" srcset=\"https:\/\/www.diasporaportuguesa.org\/wp-content\/uploads\/2025\/10\/EurafricanForum_079_2025_0260-1920x1282.jpg 1920w, https:\/\/www.diasporaportuguesa.org\/wp-content\/uploads\/2025\/10\/EurafricanForum_079_2025_0260-1055x704.jpg 1055w, https:\/\/www.diasporaportuguesa.org\/wp-content\/uploads\/2025\/10\/EurafricanForum_079_2025_0260-768x513.jpg 768w, https:\/\/www.diasporaportuguesa.org\/wp-content\/uploads\/2025\/10\/EurafricanForum_079_2025_0260-1536x1025.jpg 1536w, https:\/\/www.diasporaportuguesa.org\/wp-content\/uploads\/2025\/10\/EurafricanForum_079_2025_0260-760x507.jpg 760w, https:\/\/www.diasporaportuguesa.org\/wp-content\/uploads\/2025\/10\/EurafricanForum_079_2025_0260-1460x975.jpg 1460w\" sizes=\"(max-width: 1920px) 100vw, 1920px\" \/><\/figure><div class=\"wp-block-media-text__content\">\n<p>Organized by the Portuguese Diaspora Council, the EurAfrican Forum is an action-oriented platform that aims to strengthen collaboration between Europe and Africa. The event promotes green and inclusive growth, identifies innovative business and social impact investment opportunities, and fosters synergies between the innovation ecosystems of both continents. <\/p>\n\n\n\n<p>The 2025 EurAfrican Forum, held at Nova SBE in Cascais, brought together global leaders and innovators to strengthen Europe\u2013Africa cooperation, focusing on sustainable growth, innovation, and long-term development partnerships.<\/p>\n<\/div><\/div>\n\n\n\n<p>The 2025 edition brought together the \u201cEuro-African Community Network,\u201d composed of pioneers, thought leaders, and innovators shaping contemporary Africa. The Forum stood out for its focus on creating practical solutions and sharing experiences, with the goal of discussing strategies for cooperation, sustainable innovation, and joint economic development.<\/p>\n\n\n\n<div class=\"wp-block-group is-layout-constrained wp-block-group-is-layout-constrained\"><div class=\"wp-block-group__inner-container\">\n<figure class=\"wp-block-gallery has-nested-images columns-default is-cropped wp-block-gallery-1 is-layout-flex wp-block-gallery-is-layout-flex\">\n<figure class=\"wp-block-image size-large\"><img decoding=\"async\" loading=\"lazy\" width=\"1920\" height=\"1277\" src=\"https:\/\/www.diasporaportuguesa.org\/wp-content\/uploads\/2025\/10\/EurafricanForum_079_2025_0344-2-1920x1277.jpg\" alt=\"\" class=\"wp-image-25342\" srcset=\"https:\/\/www.diasporaportuguesa.org\/wp-content\/uploads\/2025\/10\/EurafricanForum_079_2025_0344-2-1920x1277.jpg 1920w, https:\/\/www.diasporaportuguesa.org\/wp-content\/uploads\/2025\/10\/EurafricanForum_079_2025_0344-2-1055x702.jpg 1055w, https:\/\/www.diasporaportuguesa.org\/wp-content\/uploads\/2025\/10\/EurafricanForum_079_2025_0344-2-768x511.jpg 768w, https:\/\/www.diasporaportuguesa.org\/wp-content\/uploads\/2025\/10\/EurafricanForum_079_2025_0344-2-1536x1022.jpg 1536w, https:\/\/www.diasporaportuguesa.org\/wp-content\/uploads\/2025\/10\/EurafricanForum_079_2025_0344-2-760x506.jpg 760w, https:\/\/www.diasporaportuguesa.org\/wp-content\/uploads\/2025\/10\/EurafricanForum_079_2025_0344-2-1460x971.jpg 1460w\" sizes=\"(max-width: 1920px) 100vw, 1920px\" \/><\/figure>\n\n\n\n<figure class=\"wp-block-image size-large\"><img decoding=\"async\" loading=\"lazy\" width=\"1920\" height=\"1277\" src=\"https:\/\/www.diasporaportuguesa.org\/wp-content\/uploads\/2025\/10\/EurafricanForum_079_2025_0223-3-1920x1277.jpg\" alt=\"\" class=\"wp-image-25340\" srcset=\"https:\/\/www.diasporaportuguesa.org\/wp-content\/uploads\/2025\/10\/EurafricanForum_079_2025_0223-3-1920x1277.jpg 1920w, https:\/\/www.diasporaportuguesa.org\/wp-content\/uploads\/2025\/10\/EurafricanForum_079_2025_0223-3-1055x702.jpg 1055w, https:\/\/www.diasporaportuguesa.org\/wp-content\/uploads\/2025\/10\/EurafricanForum_079_2025_0223-3-768x511.jpg 768w, https:\/\/www.diasporaportuguesa.org\/wp-content\/uploads\/2025\/10\/EurafricanForum_079_2025_0223-3-1536x1022.jpg 1536w, https:\/\/www.diasporaportuguesa.org\/wp-content\/uploads\/2025\/10\/EurafricanForum_079_2025_0223-3-760x506.jpg 760w, https:\/\/www.diasporaportuguesa.org\/wp-content\/uploads\/2025\/10\/EurafricanForum_079_2025_0223-3-1460x971.jpg 1460w\" sizes=\"(max-width: 1920px) 100vw, 1920px\" \/><\/figure>\n\n\n\n<figure class=\"wp-block-image size-large\"><img decoding=\"async\" loading=\"lazy\" width=\"1920\" height=\"1277\" src=\"https:\/\/www.diasporaportuguesa.org\/wp-content\/uploads\/2025\/10\/EurafricanForum_079_2025_0257-1920x1277.jpg\" alt=\"\" class=\"wp-image-25358\" srcset=\"https:\/\/www.diasporaportuguesa.org\/wp-content\/uploads\/2025\/10\/EurafricanForum_079_2025_0257-1920x1277.jpg 1920w, https:\/\/www.diasporaportuguesa.org\/wp-content\/uploads\/2025\/10\/EurafricanForum_079_2025_0257-1055x702.jpg 1055w, https:\/\/www.diasporaportuguesa.org\/wp-content\/uploads\/2025\/10\/EurafricanForum_079_2025_0257-768x511.jpg 768w, https:\/\/www.diasporaportuguesa.org\/wp-content\/uploads\/2025\/10\/EurafricanForum_079_2025_0257-1536x1022.jpg 1536w, https:\/\/www.diasporaportuguesa.org\/wp-content\/uploads\/2025\/10\/EurafricanForum_079_2025_0257-760x506.jpg 760w, https:\/\/www.diasporaportuguesa.org\/wp-content\/uploads\/2025\/10\/EurafricanForum_079_2025_0257-1460x971.jpg 1460w\" sizes=\"(max-width: 1920px) 100vw, 1920px\" \/><\/figure>\n<\/figure>\n<\/div><\/div>\n\n\n\n<p>The event opened with remarks from Jos\u00e9 Manuel Dur\u00e3o Barroso, Chairman of the EurAfrican Forum, accompanied by Paulo Rangel, Minister of Foreign Affairs and Vice-President of the Diaspora Council. Ant\u00f3nio Cal\u00e7ada de S\u00e1, President of the Portuguese Diaspora Council, emphasized the importance of strengthening cooperation between Europe and Africa through concrete and lasting initiatives.<\/p>\n\n\n\n<p>Over two days, the Forum explored critical areas essential to achieving long-term development, inclusive growth, and geopolitical balance between Africa and Europe. These included: trade and investment, policies for progress, financial institutions, startup ecosystems, energy security, global markets, infrastructure resilience, technology, and geopolitics.<\/p>\n\n\n\n<figure class=\"wp-block-gallery has-nested-images columns-default is-cropped wp-block-gallery-4 is-layout-flex wp-block-gallery-is-layout-flex\">\n<figure class=\"wp-block-image size-large\"><img decoding=\"async\" loading=\"lazy\" width=\"1920\" height=\"1280\" data-id=\"25347\" src=\"https:\/\/www.diasporaportuguesa.org\/wp-content\/uploads\/2025\/10\/EurafricanForum_079_2025_0568-1920x1280.jpg\" alt=\"\" class=\"wp-image-25347\" srcset=\"https:\/\/www.diasporaportuguesa.org\/wp-content\/uploads\/2025\/10\/EurafricanForum_079_2025_0568-1920x1280.jpg 1920w, https:\/\/www.diasporaportuguesa.org\/wp-content\/uploads\/2025\/10\/EurafricanForum_079_2025_0568-1055x703.jpg 1055w, https:\/\/www.diasporaportuguesa.org\/wp-content\/uploads\/2025\/10\/EurafricanForum_079_2025_0568-768x512.jpg 768w, https:\/\/www.diasporaportuguesa.org\/wp-content\/uploads\/2025\/10\/EurafricanForum_079_2025_0568-1536x1024.jpg 1536w, https:\/\/www.diasporaportuguesa.org\/wp-content\/uploads\/2025\/10\/EurafricanForum_079_2025_0568-760x507.jpg 760w, https:\/\/www.diasporaportuguesa.org\/wp-content\/uploads\/2025\/10\/EurafricanForum_079_2025_0568-1460x973.jpg 1460w\" sizes=\"(max-width: 1920px) 100vw, 1920px\" \/><\/figure>\n\n\n\n<figure class=\"wp-block-image size-large\"><img decoding=\"async\" loading=\"lazy\" width=\"1920\" height=\"1278\" data-id=\"25346\" src=\"https:\/\/www.diasporaportuguesa.org\/wp-content\/uploads\/2025\/10\/EurafricanForum_079_2025_0506-1920x1278.jpg\" alt=\"\" class=\"wp-image-25346\" srcset=\"https:\/\/www.diasporaportuguesa.org\/wp-content\/uploads\/2025\/10\/EurafricanForum_079_2025_0506-1920x1278.jpg 1920w, https:\/\/www.diasporaportuguesa.org\/wp-content\/uploads\/2025\/10\/EurafricanForum_079_2025_0506-1055x702.jpg 1055w, https:\/\/www.diasporaportuguesa.org\/wp-content\/uploads\/2025\/10\/EurafricanForum_079_2025_0506-768x511.jpg 768w, https:\/\/www.diasporaportuguesa.org\/wp-content\/uploads\/2025\/10\/EurafricanForum_079_2025_0506-1536x1023.jpg 1536w, https:\/\/www.diasporaportuguesa.org\/wp-content\/uploads\/2025\/10\/EurafricanForum_079_2025_0506-760x506.jpg 760w, https:\/\/www.diasporaportuguesa.org\/wp-content\/uploads\/2025\/10\/EurafricanForum_079_2025_0506-1460x972.jpg 1460w\" sizes=\"(max-width: 1920px) 100vw, 1920px\" \/><\/figure>\n<\/figure>\n\n\n\n<p>The <em>Trade and Investment<\/em> panel highlighted the importance of European investment in Africa, the simplification of trade barriers, and the role of technology, such as blockchain and artificial intelligence, in creating sustainable partnerships and driving the continent\u2019s economic growth.<\/p>\n\n\n\n<p>In <em>Policies for Progress<\/em>, discussions focused on promoting gender equality, strengthening quality education (especially in STEM fields), and improving access to healthcare, with the aim of building more inclusive and resilient societies.<\/p>\n\n\n\n<p>The <em>Financial Institutions<\/em> panel addressed European, African, and international financing mechanisms for infrastructure, SMEs, and startups, underscoring the need for strategic cooperation between continents to boost sustainable growth.<\/p>\n\n\n\n<p>In <em>Startup Ecosystems<\/em>, participants discussed the rapid development of Africa\u2019s tech sector and collaboration with European innovation hubs, highlighting investments, incubators, and the AfCFTA as key tools for strengthening startups and the digital economy.<\/p>\n\n\n\n<p>The <em>Energy Security<\/em> panel emphasized the challenges of energy access in Africa, the need to attract private investment, and the implementation of a just energy transition, with opportunities for strategic cooperation with Europe.<\/p>\n\n\n\n<p>In <em>Global Markets<\/em>, discussions centered on the role of international forums such as the Global Gateway in business expansion, access to financing, and the building of strategic partnerships in emerging markets.<\/p>\n\n\n\n<p>The <em>Infrastructure Resilience<\/em> panel stressed the importance of developing infrastructure capable of withstanding climate change and geopolitical threats, promoting green solutions, safety, and Africa-Europe cooperation.<\/p>\n\n\n\n<p>In <em>Technology<\/em>, the discussion focused on how tools such as artificial intelligence, blockchain, telemedicine, and ed-tech are being used to address challenges in agriculture, healthcare, and education, driving inclusive development. Finally, the <em>Geopolitics<\/em> panel analyzed political transformation in Africa, the rise of new forces, and the continent\u2019s growing influence in global forums, highlighting opportunities for Europe to support strategic development and African integration.<\/p>\n\n\n\n<div class=\"wp-block-media-text is-stacked-on-mobile\" style=\"grid-template-columns:54% auto\"><figure class=\"wp-block-media-text__media\"><img decoding=\"async\" loading=\"lazy\" width=\"1920\" height=\"1278\" src=\"https:\/\/www.diasporaportuguesa.org\/wp-content\/uploads\/2025\/10\/EurafricanForum_079_2025_2479-1-1920x1278.jpg\" alt=\"\" class=\"wp-image-25364 size-full\" srcset=\"https:\/\/www.diasporaportuguesa.org\/wp-content\/uploads\/2025\/10\/EurafricanForum_079_2025_2479-1-1920x1278.jpg 1920w, https:\/\/www.diasporaportuguesa.org\/wp-content\/uploads\/2025\/10\/EurafricanForum_079_2025_2479-1-1055x702.jpg 1055w, https:\/\/www.diasporaportuguesa.org\/wp-content\/uploads\/2025\/10\/EurafricanForum_079_2025_2479-1-768x511.jpg 768w, https:\/\/www.diasporaportuguesa.org\/wp-content\/uploads\/2025\/10\/EurafricanForum_079_2025_2479-1-1536x1023.jpg 1536w, https:\/\/www.diasporaportuguesa.org\/wp-content\/uploads\/2025\/10\/EurafricanForum_079_2025_2479-1-760x506.jpg 760w, https:\/\/www.diasporaportuguesa.org\/wp-content\/uploads\/2025\/10\/EurafricanForum_079_2025_2479-1-1460x972.jpg 1460w\" sizes=\"(max-width: 1920px) 100vw, 1920px\" \/><\/figure><div class=\"wp-block-media-text__content\">\n<p>The Forum featured speeches by prominent figures, including Marcelo Rebelo de Sousa, President of Portugal; Jo\u00e3o Louren\u00e7o, President of Angola; business leaders from Africa and Europe; and representatives of international organizations, reinforcing the event\u2019s global dimension. <\/p>\n<\/div><\/div>\n\n\n\n<p>The closing session featured a <em>\u201cDialogue Between Presidents\u201d<\/em> with Marcelo Rebelo de Sousa and Jo\u00e3o Louren\u00e7o, underscoring Portugal\u2019s strategic role as a bridge between Europe and Africa and reaffirming the commitment to long-term sustainable and innovative partnerships.<\/p>\n\n\n\n<p>The eighth edition of the EurAfrican Forum has firmly established itself as an essential platform for knowledge exchange, strengthening diplomatic relations, and creating joint projects that promote prosperity, innovation, and sustainable growth across Africa and Europe.<\/p>\n\n\n\n<figure class=\"wp-block-gallery has-nested-images columns-default is-cropped wp-block-gallery-6 is-layout-flex wp-block-gallery-is-layout-flex\">\n<figure class=\"wp-block-image size-large\"><img decoding=\"async\" loading=\"lazy\" width=\"1920\" height=\"1282\" data-id=\"25368\" src=\"https:\/\/www.diasporaportuguesa.org\/wp-content\/uploads\/2025\/10\/EurafricanForum_079_2025_0409-1920x1282.jpg\" alt=\"\" class=\"wp-image-25368\" srcset=\"https:\/\/www.diasporaportuguesa.org\/wp-content\/uploads\/2025\/10\/EurafricanForum_079_2025_0409-1920x1282.jpg 1920w, https:\/\/www.diasporaportuguesa.org\/wp-content\/uploads\/2025\/10\/EurafricanForum_079_2025_0409-1055x704.jpg 1055w, https:\/\/www.diasporaportuguesa.org\/wp-content\/uploads\/2025\/10\/EurafricanForum_079_2025_0409-768x513.jpg 768w, https:\/\/www.diasporaportuguesa.org\/wp-content\/uploads\/2025\/10\/EurafricanForum_079_2025_0409-1536x1025.jpg 1536w, https:\/\/www.diasporaportuguesa.org\/wp-content\/uploads\/2025\/10\/EurafricanForum_079_2025_0409-760x507.jpg 760w, https:\/\/www.diasporaportuguesa.org\/wp-content\/uploads\/2025\/10\/EurafricanForum_079_2025_0409-1460x975.jpg 1460w\" sizes=\"(max-width: 1920px) 100vw, 1920px\" \/><\/figure>\n\n\n\n<figure class=\"wp-block-image size-large\"><img decoding=\"async\" loading=\"lazy\" width=\"1920\" height=\"1282\" data-id=\"25370\" src=\"https:\/\/www.diasporaportuguesa.org\/wp-content\/uploads\/2025\/10\/EurafricanForum_079_2025_1728-1920x1282.jpg\" alt=\"\" class=\"wp-image-25370\" srcset=\"https:\/\/www.diasporaportuguesa.org\/wp-content\/uploads\/2025\/10\/EurafricanForum_079_2025_1728-1920x1282.jpg 1920w, https:\/\/www.diasporaportuguesa.org\/wp-content\/uploads\/2025\/10\/EurafricanForum_079_2025_1728-1055x704.jpg 1055w, https:\/\/www.diasporaportuguesa.org\/wp-content\/uploads\/2025\/10\/EurafricanForum_079_2025_1728-768x513.jpg 768w, https:\/\/www.diasporaportuguesa.org\/wp-content\/uploads\/2025\/10\/EurafricanForum_079_2025_1728-1536x1025.jpg 1536w, https:\/\/www.diasporaportuguesa.org\/wp-content\/uploads\/2025\/10\/EurafricanForum_079_2025_1728-760x507.jpg 760w, https:\/\/www.diasporaportuguesa.org\/wp-content\/uploads\/2025\/10\/EurafricanForum_079_2025_1728-1460x975.jpg 1460w\" sizes=\"(max-width: 1920px) 100vw, 1920px\" \/><\/figure>\n\n\n\n<figure class=\"wp-block-image size-large\"><img decoding=\"async\" loading=\"lazy\" width=\"1920\" height=\"1278\" data-id=\"25366\" src=\"https:\/\/www.diasporaportuguesa.org\/wp-content\/uploads\/2025\/10\/EurafricanForum_079_2025_2376-1920x1278.jpg\" alt=\"\" class=\"wp-image-25366\" srcset=\"https:\/\/www.diasporaportuguesa.org\/wp-content\/uploads\/2025\/10\/EurafricanForum_079_2025_2376-1920x1278.jpg 1920w, https:\/\/www.diasporaportuguesa.org\/wp-content\/uploads\/2025\/10\/EurafricanForum_079_2025_2376-1055x702.jpg 1055w, https:\/\/www.diasporaportuguesa.org\/wp-content\/uploads\/2025\/10\/EurafricanForum_079_2025_2376-768x511.jpg 768w, https:\/\/www.diasporaportuguesa.org\/wp-content\/uploads\/2025\/10\/EurafricanForum_079_2025_2376-1536x1023.jpg 1536w, https:\/\/www.diasporaportuguesa.org\/wp-content\/uploads\/2025\/10\/EurafricanForum_079_2025_2376-760x506.jpg 760w, https:\/\/www.diasporaportuguesa.org\/wp-content\/uploads\/2025\/10\/EurafricanForum_079_2025_2376-1460x972.jpg 1460w\" sizes=\"(max-width: 1920px) 100vw, 1920px\" \/><\/figure>\n\n\n\n<figure class=\"wp-block-image size-large\"><img decoding=\"async\" loading=\"lazy\" width=\"1920\" height=\"1277\" data-id=\"25373\" src=\"https:\/\/www.diasporaportuguesa.org\/wp-content\/uploads\/2025\/10\/EurafricanForum_079_2025_2131-1920x1277.jpg\" alt=\"\" class=\"wp-image-25373\" srcset=\"https:\/\/www.diasporaportuguesa.org\/wp-content\/uploads\/2025\/10\/EurafricanForum_079_2025_2131-1920x1277.jpg 1920w, https:\/\/www.diasporaportuguesa.org\/wp-content\/uploads\/2025\/10\/EurafricanForum_079_2025_2131-1055x702.jpg 1055w, https:\/\/www.diasporaportuguesa.org\/wp-content\/uploads\/2025\/10\/EurafricanForum_079_2025_2131-768x511.jpg 768w, https:\/\/www.diasporaportuguesa.org\/wp-content\/uploads\/2025\/10\/EurafricanForum_079_2025_2131-1536x1022.jpg 1536w, https:\/\/www.diasporaportuguesa.org\/wp-content\/uploads\/2025\/10\/EurafricanForum_079_2025_2131-760x506.jpg 760w, https:\/\/www.diasporaportuguesa.org\/wp-content\/uploads\/2025\/10\/EurafricanForum_079_2025_2131-1460x971.jpg 1460w\" sizes=\"(max-width: 1920px) 100vw, 1920px\" \/><\/figure>\n\n\n\n<figure class=\"wp-block-image size-large\"><img decoding=\"async\" loading=\"lazy\" width=\"1920\" height=\"1277\" data-id=\"25372\" src=\"https:\/\/www.diasporaportuguesa.org\/wp-content\/uploads\/2025\/10\/EurafricanForum_079_2025_2337-1920x1277.jpg\" alt=\"\" class=\"wp-image-25372\" srcset=\"https:\/\/www.diasporaportuguesa.org\/wp-content\/uploads\/2025\/10\/EurafricanForum_079_2025_2337-1920x1277.jpg 1920w, https:\/\/www.diasporaportuguesa.org\/wp-content\/uploads\/2025\/10\/EurafricanForum_079_2025_2337-1055x702.jpg 1055w, https:\/\/www.diasporaportuguesa.org\/wp-content\/uploads\/2025\/10\/EurafricanForum_079_2025_2337-768x511.jpg 768w, https:\/\/www.diasporaportuguesa.org\/wp-content\/uploads\/2025\/10\/EurafricanForum_079_2025_2337-1536x1022.jpg 1536w, https:\/\/www.diasporaportuguesa.org\/wp-content\/uploads\/2025\/10\/EurafricanForum_079_2025_2337-760x506.jpg 760w, https:\/\/www.diasporaportuguesa.org\/wp-content\/uploads\/2025\/10\/EurafricanForum_079_2025_2337-1460x971.jpg 1460w\" sizes=\"(max-width: 1920px) 100vw, 1920px\" \/><\/figure>\n<\/figure>\n\n\n\n<p>For more information about the EurAfrican Forum, visit the event\u2019s <a href=\"https:\/\/www.eurafricanforum.org\/\">official website.<\/a><\/p>\n","protected":false},"excerpt":{"rendered":"The 8th edition of the EurAfrican Forum, held in 2025 at Nova SBE in Cascais, brought together global leaders and innovators to strengthen Europe-Africa cooperation, focusing on sustainable growth, innovation, and long-term development partnerships.","protected":false},"author":17,"featured_media":25329,"comment_status":"closed","ping_status":"closed","sticky":false,"template":"","format":"standard","meta":{"footnotes":""},"categories":[11],"tags":[],"acf":[],"yoast_head":"<!-- This site is optimized with the Yoast SEO plugin v21.3 - https:\/\/yoast.com\/wordpress\/plugins\/seo\/ -->\n<title>EurAfrican Forum 2025 - Conselho da Di\u00e1spora Portuguesa<\/title>\n<meta name=\"robots\" content=\"index, follow, max-snippet:-1, max-image-preview:large, max-video-preview:-1\" \/>\n<link rel=\"canonical\" href=\"https:\/\/www.diasporaportuguesa.org\/en\/events\/eurafrican-forum-2025\/\" \/>\n<meta property=\"og:locale\" content=\"en_US\" \/>\n<meta property=\"og:type\" content=\"article\" \/>\n<meta property=\"og:title\" content=\"EurAfrican Forum 2025 - Conselho da Di\u00e1spora Portuguesa\" \/>\n<meta property=\"og:description\" content=\"The 8th edition of the EurAfrican Forum, held in 2025 at Nova SBE in Cascais, brought together global leaders and innovators to strengthen Europe-Africa cooperation, focusing on sustainable growth, innovation, and long-term development partnerships.\" \/>\n<meta property=\"og:url\" content=\"https:\/\/www.diasporaportuguesa.org\/en\/events\/eurafrican-forum-2025\/\" \/>\n<meta property=\"og:site_name\" content=\"Conselho da Di\u00e1spora Portuguesa\" \/>\n<meta property=\"article:published_time\" content=\"2025-07-26T14:45:00+00:00\" \/>\n<meta property=\"article:modified_time\" content=\"2025-10-07T16:40:53+00:00\" \/>\n<meta property=\"og:image\" content=\"https:\/\/www.diasporaportuguesa.org\/wp-content\/uploads\/2025\/10\/EurafricanForum_079_2025_0260-e1759854604427.jpg\" \/>\n\t<meta property=\"og:image:width\" content=\"1642\" \/>\n\t<meta property=\"og:image:height\" content=\"1232\" \/>\n\t<meta property=\"og:image:type\" content=\"image\/jpeg\" \/>\n<meta name=\"author\" content=\"Francisca Carvalho\" \/>\n<meta name=\"twitter:card\" content=\"summary_large_image\" \/>\n<meta name=\"twitter:creator\" content=\"@CdDiaspora\" \/>\n<meta name=\"twitter:site\" content=\"@CdDiaspora\" \/>\n<meta name=\"twitter:label1\" content=\"Written by\" \/>\n\t<meta name=\"twitter:data1\" content=\"Francisca Carvalho\" \/>\n\t<meta name=\"twitter:label2\" content=\"Est. reading time\" \/>\n\t<meta name=\"twitter:data2\" content=\"7 minutes\" \/>\n<script type=\"application\/ld+json\" class=\"yoast-schema-graph\">{\"@context\":\"https:\/\/schema.org\",\"@graph\":[{\"@type\":\"Article\",\"@id\":\"https:\/\/www.diasporaportuguesa.org\/en\/events\/eurafrican-forum-2025\/#article\",\"isPartOf\":{\"@id\":\"https:\/\/www.diasporaportuguesa.org\/en\/events\/eurafrican-forum-2025\/\"},\"author\":{\"name\":\"Francisca Carvalho\",\"@id\":\"https:\/\/www.diasporaportuguesa.org\/#\/schema\/person\/18822546605f0ca941a6c2dc27a94bb5\"},\"headline\":\"EurAfrican Forum 2025\",\"datePublished\":\"2025-07-26T14:45:00+00:00\",\"dateModified\":\"2025-10-07T16:40:53+00:00\",\"mainEntityOfPage\":{\"@id\":\"https:\/\/www.diasporaportuguesa.org\/en\/events\/eurafrican-forum-2025\/\"},\"wordCount\":705,\"publisher\":{\"@id\":\"https:\/\/www.diasporaportuguesa.org\/#organization\"},\"articleSection\":[\"Events\"],\"inLanguage\":\"en-US\"},{\"@type\":\"WebPage\",\"@id\":\"https:\/\/www.diasporaportuguesa.org\/en\/events\/eurafrican-forum-2025\/\",\"url\":\"https:\/\/www.diasporaportuguesa.org\/en\/events\/eurafrican-forum-2025\/\",\"name\":\"EurAfrican Forum 2025 - Conselho da Di\u00e1spora Portuguesa\",\"isPartOf\":{\"@id\":\"https:\/\/www.diasporaportuguesa.org\/#website\"},\"datePublished\":\"2025-07-26T14:45:00+00:00\",\"dateModified\":\"2025-10-07T16:40:53+00:00\",\"breadcrumb\":{\"@id\":\"https:\/\/www.diasporaportuguesa.org\/en\/events\/eurafrican-forum-2025\/#breadcrumb\"},\"inLanguage\":\"en-US\",\"potentialAction\":[{\"@type\":\"ReadAction\",\"target\":[\"https:\/\/www.diasporaportuguesa.org\/en\/events\/eurafrican-forum-2025\/\"]}]},{\"@type\":\"BreadcrumbList\",\"@id\":\"https:\/\/www.diasporaportuguesa.org\/en\/events\/eurafrican-forum-2025\/#breadcrumb\",\"itemListElement\":[{\"@type\":\"ListItem\",\"position\":1,\"name\":\"In\u00edcio\",\"item\":\"https:\/\/www.diasporaportuguesa.org\/en\/\"},{\"@type\":\"ListItem\",\"position\":2,\"name\":\"Events\",\"item\":\"https:\/\/www.diasporaportuguesa.org\/en\/events\/\"},{\"@type\":\"ListItem\",\"position\":3,\"name\":\"EurAfrican Forum 2025\"}]},{\"@type\":\"WebSite\",\"@id\":\"https:\/\/www.diasporaportuguesa.org\/#website\",\"url\":\"https:\/\/www.diasporaportuguesa.org\/\",\"name\":\"Conselho da Di\u00e1spora Portuguesa\",\"description\":\"Conselho da Di\u00e1spora Portuguesa\",\"publisher\":{\"@id\":\"https:\/\/www.diasporaportuguesa.org\/#organization\"},\"potentialAction\":[{\"@type\":\"SearchAction\",\"target\":{\"@type\":\"EntryPoint\",\"urlTemplate\":\"https:\/\/www.diasporaportuguesa.org\/?s={search_term_string}\"},\"query-input\":\"required name=search_term_string\"}],\"inLanguage\":\"en-US\"},{\"@type\":\"Organization\",\"@id\":\"https:\/\/www.diasporaportuguesa.org\/#organization\",\"name\":\"Conselho da Di\u00e1spora Portuguesa\",\"url\":\"https:\/\/www.diasporaportuguesa.org\/\",\"logo\":{\"@type\":\"ImageObject\",\"inLanguage\":\"en-US\",\"@id\":\"https:\/\/www.diasporaportuguesa.org\/#\/schema\/logo\/image\/\",\"url\":\"https:\/\/www.diasporaportuguesa.org\/wp-content\/uploads\/2022\/11\/conselho-diaspora-portuguesa.png\",\"contentUrl\":\"https:\/\/www.diasporaportuguesa.org\/wp-content\/uploads\/2022\/11\/conselho-diaspora-portuguesa.png\",\"width\":735,\"height\":216,\"caption\":\"Conselho da Di\u00e1spora Portuguesa\"},\"image\":{\"@id\":\"https:\/\/www.diasporaportuguesa.org\/#\/schema\/logo\/image\/\"},\"sameAs\":[\"https:\/\/twitter.com\/CdDiaspora\",\"https:\/\/www.linkedin.com\/company\/conselho-da-diaspora-portuguesa\/\",\"https:\/\/www.youtube.com\/channel\/UCEI8qERhtqzV1UgdITBo6rw\/videos\"]},{\"@type\":\"Person\",\"@id\":\"https:\/\/www.diasporaportuguesa.org\/#\/schema\/person\/18822546605f0ca941a6c2dc27a94bb5\",\"name\":\"Francisca Carvalho\",\"url\":\"https:\/\/www.diasporaportuguesa.org\/en\/author\/fpcdiasporaportuguesa-org\/\"}]}<\/script>\n<!-- \/ Yoast SEO plugin. -->","yoast_head_json":{"title":"EurAfrican Forum 2025 - Conselho da Di\u00e1spora Portuguesa","robots":{"index":"index","follow":"follow","max-snippet":"max-snippet:-1","max-image-preview":"max-image-preview:large","max-video-preview":"max-video-preview:-1"},"canonical":"https:\/\/www.diasporaportuguesa.org\/en\/events\/eurafrican-forum-2025\/","og_locale":"en_US","og_type":"article","og_title":"EurAfrican Forum 2025 - Conselho da Di\u00e1spora Portuguesa","og_description":"The 8th edition of the EurAfrican Forum, held in 2025 at Nova SBE in Cascais, brought together global leaders and innovators to strengthen Europe-Africa cooperation, focusing on sustainable growth, innovation, and long-term development partnerships.","og_url":"https:\/\/www.diasporaportuguesa.org\/en\/events\/eurafrican-forum-2025\/","og_site_name":"Conselho da Di\u00e1spora Portuguesa","article_published_time":"2025-07-26T14:45:00+00:00","article_modified_time":"2025-10-07T16:40:53+00:00","og_image":[{"width":1642,"height":1232,"url":"https:\/\/www.diasporaportuguesa.org\/wp-content\/uploads\/2025\/10\/EurafricanForum_079_2025_0260-e1759854604427.jpg","type":"image\/jpeg"}],"author":"Francisca Carvalho","twitter_card":"summary_large_image","twitter_creator":"@CdDiaspora","twitter_site":"@CdDiaspora","twitter_misc":{"Written by":"Francisca Carvalho","Est. reading time":"7 minutes"},"schema":{"@context":"https:\/\/schema.org","@graph":[{"@type":"Article","@id":"https:\/\/www.diasporaportuguesa.org\/en\/events\/eurafrican-forum-2025\/#article","isPartOf":{"@id":"https:\/\/www.diasporaportuguesa.org\/en\/events\/eurafrican-forum-2025\/"},"author":{"name":"Francisca Carvalho","@id":"https:\/\/www.diasporaportuguesa.org\/#\/schema\/person\/18822546605f0ca941a6c2dc27a94bb5"},"headline":"EurAfrican Forum 2025","datePublished":"2025-07-26T14:45:00+00:00","dateModified":"2025-10-07T16:40:53+00:00","mainEntityOfPage":{"@id":"https:\/\/www.diasporaportuguesa.org\/en\/events\/eurafrican-forum-2025\/"},"wordCount":705,"publisher":{"@id":"https:\/\/www.diasporaportuguesa.org\/#organization"},"articleSection":["Events"],"inLanguage":"en-US"},{"@type":"WebPage","@id":"https:\/\/www.diasporaportuguesa.org\/en\/events\/eurafrican-forum-2025\/","url":"https:\/\/www.diasporaportuguesa.org\/en\/events\/eurafrican-forum-2025\/","name":"EurAfrican Forum 2025 - Conselho da Di\u00e1spora Portuguesa","isPartOf":{"@id":"https:\/\/www.diasporaportuguesa.org\/#website"},"datePublished":"2025-07-26T14:45:00+00:00","dateModified":"2025-10-07T16:40:53+00:00","breadcrumb":{"@id":"https:\/\/www.diasporaportuguesa.org\/en\/events\/eurafrican-forum-2025\/#breadcrumb"},"inLanguage":"en-US","potentialAction":[{"@type":"ReadAction","target":["https:\/\/www.diasporaportuguesa.org\/en\/events\/eurafrican-forum-2025\/"]}]},{"@type":"BreadcrumbList","@id":"https:\/\/www.diasporaportuguesa.org\/en\/events\/eurafrican-forum-2025\/#breadcrumb","itemListElement":[{"@type":"ListItem","position":1,"name":"In\u00edcio","item":"https:\/\/www.diasporaportuguesa.org\/en\/"},{"@type":"ListItem","position":2,"name":"Events","item":"https:\/\/www.diasporaportuguesa.org\/en\/events\/"},{"@type":"ListItem","position":3,"name":"EurAfrican Forum 2025"}]},{"@type":"WebSite","@id":"https:\/\/www.diasporaportuguesa.org\/#website","url":"https:\/\/www.diasporaportuguesa.org\/","name":"Conselho da Di\u00e1spora Portuguesa","description":"Conselho da Di\u00e1spora Portuguesa","publisher":{"@id":"https:\/\/www.diasporaportuguesa.org\/#organization"},"potentialAction":[{"@type":"SearchAction","target":{"@type":"EntryPoint","urlTemplate":"https:\/\/www.diasporaportuguesa.org\/?s={search_term_string}"},"query-input":"required name=search_term_string"}],"inLanguage":"en-US"},{"@type":"Organization","@id":"https:\/\/www.diasporaportuguesa.org\/#organization","name":"Conselho da Di\u00e1spora Portuguesa","url":"https:\/\/www.diasporaportuguesa.org\/","logo":{"@type":"ImageObject","inLanguage":"en-US","@id":"https:\/\/www.diasporaportuguesa.org\/#\/schema\/logo\/image\/","url":"https:\/\/www.diasporaportuguesa.org\/wp-content\/uploads\/2022\/11\/conselho-diaspora-portuguesa.png","contentUrl":"https:\/\/www.diasporaportuguesa.org\/wp-content\/uploads\/2022\/11\/conselho-diaspora-portuguesa.png","width":735,"height":216,"caption":"Conselho da Di\u00e1spora Portuguesa"},"image":{"@id":"https:\/\/www.diasporaportuguesa.org\/#\/schema\/logo\/image\/"},"sameAs":["https:\/\/twitter.com\/CdDiaspora","https:\/\/www.linkedin.com\/company\/conselho-da-diaspora-portuguesa\/","https:\/\/www.youtube.com\/channel\/UCEI8qERhtqzV1UgdITBo6rw\/videos"]},{"@type":"Person","@id":"https:\/\/www.diasporaportuguesa.org\/#\/schema\/person\/18822546605f0ca941a6c2dc27a94bb5","name":"Francisca Carvalho","url":"https:\/\/www.diasporaportuguesa.org\/en\/author\/fpcdiasporaportuguesa-org\/"}]}},"_links":{"self":[{"href":"https:\/\/www.diasporaportuguesa.org\/en\/wp-json\/wp\/v2\/posts\/25379"}],"collection":[{"href":"https:\/\/www.diasporaportuguesa.org\/en\/wp-json\/wp\/v2\/posts"}],"about":[{"href":"https:\/\/www.diasporaportuguesa.org\/en\/wp-json\/wp\/v2\/types\/post"}],"author":[{"embeddable":true,"href":"https:\/\/www.diasporaportuguesa.org\/en\/wp-json\/wp\/v2\/users\/17"}],"replies":[{"embeddable":true,"href":"https:\/\/www.diasporaportuguesa.org\/en\/wp-json\/wp\/v2\/comments?post=25379"}],"version-history":[{"count":3,"href":"https:\/\/www.diasporaportuguesa.org\/en\/wp-json\/wp\/v2\/posts\/25379\/revisions"}],"predecessor-version":[{"id":25387,"href":"https:\/\/www.diasporaportuguesa.org\/en\/wp-json\/wp\/v2\/posts\/25379\/revisions\/25387"}],"wp:featuredmedia":[{"embeddable":true,"href":"https:\/\/www.diasporaportuguesa.org\/en\/wp-json\/wp\/v2\/media\/25329"}],"wp:attachment":[{"href":"https:\/\/www.diasporaportuguesa.org\/en\/wp-json\/wp\/v2\/media?parent=25379"}],"wp:term":[{"taxonomy":"category","embeddable":true,"href":"https:\/\/www.diasporaportuguesa.org\/en\/wp-json\/wp\/v2\/categories?post=25379"},{"taxonomy":"post_tag","embeddable":true,"href":"https:\/\/www.diasporaportuguesa.org\/en\/wp-json\/wp\/v2\/tags?post=25379"}],"curies":[{"name":"wp","href":"https:\/\/api.w.org\/{rel}","templated":true}]}}