{"id":25424,"date":"2025-07-09T22:05:00","date_gmt":"2025-07-09T22:05:00","guid":{"rendered":"https:\/\/www.diasporaportuguesa.org\/?p=25424"},"modified":"2025-10-07T22:09:10","modified_gmt":"2025-10-07T22:09:10","slug":"cdp-and-ccp-strengthen-ties-with-new-cooperation-agreement","status":"publish","type":"post","link":"https:\/\/www.diasporaportuguesa.org\/en\/events\/cdp-and-ccp-strengthen-ties-with-new-cooperation-agreement\/","title":{"rendered":"CDP and CCP Strengthen Ties with New Cooperation Agreement"},"content":{"rendered":"\n<p>The Portuguese Diaspora Council (CDP) and the Council of Portuguese Communities (CCP) have signed a cooperation agreement to strengthen collaboration, promote joint projects, and foster a more strategic and cohesive Portuguese diaspora.<\/p>\n\n\n\n<!--more-->\n\n\n\n<p>As part of the Annual Meeting of the Council of Portuguese Communities (CCP), held on July 7 at the Almeida Santos Auditorium in the Portuguese Parliament, a cooperation agreement was signed between the Portuguese Diaspora Council (CDP) and the Council of Portuguese Communities (CCP).<\/p>\n\n\n\n<p>The protocol was signed by Ant\u00f3nio Cal\u00e7ada de S\u00e1, President of the Board of the Portuguese Diaspora Council, and Fl\u00e1vio Martins, President of the Council of Portuguese Communities, marking the beginning of a new phase of institutional collaboration between two key entities representing Portugal across the world.<\/p>\n\n\n\n<p>The agreement aims to foster a more cohesive, strategic, and impactful Portuguese diaspora, a mission both organizations embrace with a strong sense of responsibility and commitment, as encouraged by His Excellency the President of the Republic, Prof. Marcelo Rebelo de Sousa, Honorary President of the CDP and a guiding figure for both institutions.<\/p>\n\n\n\n<p>During the ceremony, Ant\u00f3nio Cal\u00e7ada de S\u00e1 expressed his gratitude to the teams involved in preparing the agreement, highlighting in particular the contribution of Pedro Pereira da Silva, member of the CDP Board, for his instrumental role in strengthening ties between the two councils.<\/p>\n\n\n\n<p>The newly signed protocol includes several areas of collaboration, such as:<\/p>\n\n\n\n<ul>\n<li><strong>Joint development of projects with young members of the diaspora<\/strong>, to be implemented in 2025\/2026;<\/li>\n\n\n\n<li><strong>Enhanced institutional cooperation<\/strong> between the CDP\u2019s Regional Hubs and the CCP\u2019s Vice-Presidents;<\/li>\n\n\n\n<li><strong>Collaboration during Presidential visits abroad<\/strong>, through the identification of advisors and relevant stakeholders;<\/li>\n\n\n\n<li><strong>Mutual promotion of initiatives<\/strong> across social media, newsletters, and institutional channels;<\/li>\n\n\n\n<li><strong>Support for the Ponto PT project<\/strong>, promoting the Portuguese language;<\/li>\n\n\n\n<li><strong>Reciprocal participation in international forums, events, and annual meetings.<\/strong><\/li>\n<\/ul>\n\n\n\n<p>This agreement represents a significant milestone in strengthening Portugal\u2019s global presence and influence through its diaspora &#8211; enhancing synergies, mobilizing talent networks, and connecting the representative structures of the Portuguese civil society worldwide.<\/p>\n","protected":false},"excerpt":{"rendered":"The Portuguese Diaspora Council (CDP) and the Council of Portuguese Communities (CCP) have signed a cooperation agreement to strengthen collaboration, promote joint projects, and foster a more strategic and cohesive Portuguese diaspora.","protected":false},"author":17,"featured_media":25419,"comment_status":"closed","ping_status":"closed","sticky":false,"template":"","format":"standard","meta":{"footnotes":""},"categories":[11],"tags":[],"acf":[],"yoast_head":"<!-- This site is optimized with the Yoast SEO plugin v21.3 - https:\/\/yoast.com\/wordpress\/plugins\/seo\/ -->\n<title>CDP and CCP Strengthen Ties with New Cooperation Agreement - Conselho da Di\u00e1spora Portuguesa<\/title>\n<meta name=\"robots\" content=\"index, follow, max-snippet:-1, max-image-preview:large, max-video-preview:-1\" \/>\n<link rel=\"canonical\" href=\"https:\/\/www.diasporaportuguesa.org\/en\/events\/cdp-and-ccp-strengthen-ties-with-new-cooperation-agreement\/\" \/>\n<meta property=\"og:locale\" content=\"en_US\" \/>\n<meta property=\"og:type\" content=\"article\" \/>\n<meta property=\"og:title\" content=\"CDP and CCP Strengthen Ties with New Cooperation Agreement - Conselho da Di\u00e1spora Portuguesa\" \/>\n<meta property=\"og:description\" content=\"The Portuguese Diaspora Council (CDP) and the Council of Portuguese Communities (CCP) have signed a cooperation agreement to strengthen collaboration, promote joint projects, and foster a more strategic and cohesive Portuguese diaspora.\" \/>\n<meta property=\"og:url\" content=\"https:\/\/www.diasporaportuguesa.org\/en\/events\/cdp-and-ccp-strengthen-ties-with-new-cooperation-agreement\/\" \/>\n<meta property=\"og:site_name\" content=\"Conselho da Di\u00e1spora Portuguesa\" \/>\n<meta property=\"article:published_time\" content=\"2025-07-09T22:05:00+00:00\" \/>\n<meta property=\"article:modified_time\" content=\"2025-10-07T22:09:10+00:00\" \/>\n<meta property=\"og:image\" content=\"https:\/\/www.diasporaportuguesa.org\/wp-content\/uploads\/2025\/10\/WhatsApp-Image-2025-07-07-at-17.35.15-e1759874371624.jpeg\" \/>\n\t<meta property=\"og:image:width\" content=\"1107\" \/>\n\t<meta property=\"og:image:height\" content=\"969\" \/>\n\t<meta property=\"og:image:type\" content=\"image\/jpeg\" \/>\n<meta name=\"author\" content=\"Francisca Carvalho\" \/>\n<meta name=\"twitter:card\" content=\"summary_large_image\" \/>\n<meta name=\"twitter:creator\" content=\"@CdDiaspora\" \/>\n<meta name=\"twitter:site\" content=\"@CdDiaspora\" \/>\n<meta name=\"twitter:label1\" content=\"Written by\" \/>\n\t<meta name=\"twitter:data1\" content=\"Francisca Carvalho\" \/>\n\t<meta name=\"twitter:label2\" content=\"Est. reading time\" \/>\n\t<meta name=\"twitter:data2\" content=\"2 minutes\" \/>\n<script type=\"application\/ld+json\" class=\"yoast-schema-graph\">{\"@context\":\"https:\/\/schema.org\",\"@graph\":[{\"@type\":\"Article\",\"@id\":\"https:\/\/www.diasporaportuguesa.org\/en\/events\/cdp-and-ccp-strengthen-ties-with-new-cooperation-agreement\/#article\",\"isPartOf\":{\"@id\":\"https:\/\/www.diasporaportuguesa.org\/en\/events\/cdp-and-ccp-strengthen-ties-with-new-cooperation-agreement\/\"},\"author\":{\"name\":\"Francisca Carvalho\",\"@id\":\"https:\/\/www.diasporaportuguesa.org\/#\/schema\/person\/18822546605f0ca941a6c2dc27a94bb5\"},\"headline\":\"CDP and CCP Strengthen Ties with New Cooperation Agreement\",\"datePublished\":\"2025-07-09T22:05:00+00:00\",\"dateModified\":\"2025-10-07T22:09:10+00:00\",\"mainEntityOfPage\":{\"@id\":\"https:\/\/www.diasporaportuguesa.org\/en\/events\/cdp-and-ccp-strengthen-ties-with-new-cooperation-agreement\/\"},\"wordCount\":349,\"publisher\":{\"@id\":\"https:\/\/www.diasporaportuguesa.org\/#organization\"},\"articleSection\":[\"Events\"],\"inLanguage\":\"en-US\"},{\"@type\":\"WebPage\",\"@id\":\"https:\/\/www.diasporaportuguesa.org\/en\/events\/cdp-and-ccp-strengthen-ties-with-new-cooperation-agreement\/\",\"url\":\"https:\/\/www.diasporaportuguesa.org\/en\/events\/cdp-and-ccp-strengthen-ties-with-new-cooperation-agreement\/\",\"name\":\"CDP and CCP Strengthen Ties with New Cooperation Agreement - Conselho da Di\u00e1spora Portuguesa\",\"isPartOf\":{\"@id\":\"https:\/\/www.diasporaportuguesa.org\/#website\"},\"datePublished\":\"2025-07-09T22:05:00+00:00\",\"dateModified\":\"2025-10-07T22:09:10+00:00\",\"breadcrumb\":{\"@id\":\"https:\/\/www.diasporaportuguesa.org\/en\/events\/cdp-and-ccp-strengthen-ties-with-new-cooperation-agreement\/#breadcrumb\"},\"inLanguage\":\"en-US\",\"potentialAction\":[{\"@type\":\"ReadAction\",\"target\":[\"https:\/\/www.diasporaportuguesa.org\/en\/events\/cdp-and-ccp-strengthen-ties-with-new-cooperation-agreement\/\"]}]},{\"@type\":\"BreadcrumbList\",\"@id\":\"https:\/\/www.diasporaportuguesa.org\/en\/events\/cdp-and-ccp-strengthen-ties-with-new-cooperation-agreement\/#breadcrumb\",\"itemListElement\":[{\"@type\":\"ListItem\",\"position\":1,\"name\":\"In\u00edcio\",\"item\":\"https:\/\/www.diasporaportuguesa.org\/en\/\"},{\"@type\":\"ListItem\",\"position\":2,\"name\":\"Events\",\"item\":\"https:\/\/www.diasporaportuguesa.org\/en\/events\/\"},{\"@type\":\"ListItem\",\"position\":3,\"name\":\"CDP and CCP Strengthen Ties with New Cooperation Agreement\"}]},{\"@type\":\"WebSite\",\"@id\":\"https:\/\/www.diasporaportuguesa.org\/#website\",\"url\":\"https:\/\/www.diasporaportuguesa.org\/\",\"name\":\"Conselho da Di\u00e1spora Portuguesa\",\"description\":\"Conselho da Di\u00e1spora Portuguesa\",\"publisher\":{\"@id\":\"https:\/\/www.diasporaportuguesa.org\/#organization\"},\"potentialAction\":[{\"@type\":\"SearchAction\",\"target\":{\"@type\":\"EntryPoint\",\"urlTemplate\":\"https:\/\/www.diasporaportuguesa.org\/?s={search_term_string}\"},\"query-input\":\"required name=search_term_string\"}],\"inLanguage\":\"en-US\"},{\"@type\":\"Organization\",\"@id\":\"https:\/\/www.diasporaportuguesa.org\/#organization\",\"name\":\"Conselho da Di\u00e1spora Portuguesa\",\"url\":\"https:\/\/www.diasporaportuguesa.org\/\",\"logo\":{\"@type\":\"ImageObject\",\"inLanguage\":\"en-US\",\"@id\":\"https:\/\/www.diasporaportuguesa.org\/#\/schema\/logo\/image\/\",\"url\":\"https:\/\/www.diasporaportuguesa.org\/wp-content\/uploads\/2022\/11\/conselho-diaspora-portuguesa.png\",\"contentUrl\":\"https:\/\/www.diasporaportuguesa.org\/wp-content\/uploads\/2022\/11\/conselho-diaspora-portuguesa.png\",\"width\":735,\"height\":216,\"caption\":\"Conselho da Di\u00e1spora Portuguesa\"},\"image\":{\"@id\":\"https:\/\/www.diasporaportuguesa.org\/#\/schema\/logo\/image\/\"},\"sameAs\":[\"https:\/\/twitter.com\/CdDiaspora\",\"https:\/\/www.linkedin.com\/company\/conselho-da-diaspora-portuguesa\/\",\"https:\/\/www.youtube.com\/channel\/UCEI8qERhtqzV1UgdITBo6rw\/videos\"]},{\"@type\":\"Person\",\"@id\":\"https:\/\/www.diasporaportuguesa.org\/#\/schema\/person\/18822546605f0ca941a6c2dc27a94bb5\",\"name\":\"Francisca Carvalho\",\"url\":\"https:\/\/www.diasporaportuguesa.org\/en\/author\/fpcdiasporaportuguesa-org\/\"}]}<\/script>\n<!-- \/ Yoast SEO plugin. -->","yoast_head_json":{"title":"CDP and CCP Strengthen Ties with New Cooperation Agreement - Conselho da Di\u00e1spora Portuguesa","robots":{"index":"index","follow":"follow","max-snippet":"max-snippet:-1","max-image-preview":"max-image-preview:large","max-video-preview":"max-video-preview:-1"},"canonical":"https:\/\/www.diasporaportuguesa.org\/en\/events\/cdp-and-ccp-strengthen-ties-with-new-cooperation-agreement\/","og_locale":"en_US","og_type":"article","og_title":"CDP and CCP Strengthen Ties with New Cooperation Agreement - Conselho da Di\u00e1spora Portuguesa","og_description":"The Portuguese Diaspora Council (CDP) and the Council of Portuguese Communities (CCP) have signed a cooperation agreement to strengthen collaboration, promote joint projects, and foster a more strategic and cohesive Portuguese diaspora.","og_url":"https:\/\/www.diasporaportuguesa.org\/en\/events\/cdp-and-ccp-strengthen-ties-with-new-cooperation-agreement\/","og_site_name":"Conselho da Di\u00e1spora Portuguesa","article_published_time":"2025-07-09T22:05:00+00:00","article_modified_time":"2025-10-07T22:09:10+00:00","og_image":[{"width":1107,"height":969,"url":"https:\/\/www.diasporaportuguesa.org\/wp-content\/uploads\/2025\/10\/WhatsApp-Image-2025-07-07-at-17.35.15-e1759874371624.jpeg","type":"image\/jpeg"}],"author":"Francisca Carvalho","twitter_card":"summary_large_image","twitter_creator":"@CdDiaspora","twitter_site":"@CdDiaspora","twitter_misc":{"Written by":"Francisca Carvalho","Est. reading time":"2 minutes"},"schema":{"@context":"https:\/\/schema.org","@graph":[{"@type":"Article","@id":"https:\/\/www.diasporaportuguesa.org\/en\/events\/cdp-and-ccp-strengthen-ties-with-new-cooperation-agreement\/#article","isPartOf":{"@id":"https:\/\/www.diasporaportuguesa.org\/en\/events\/cdp-and-ccp-strengthen-ties-with-new-cooperation-agreement\/"},"author":{"name":"Francisca Carvalho","@id":"https:\/\/www.diasporaportuguesa.org\/#\/schema\/person\/18822546605f0ca941a6c2dc27a94bb5"},"headline":"CDP and CCP Strengthen Ties with New Cooperation Agreement","datePublished":"2025-07-09T22:05:00+00:00","dateModified":"2025-10-07T22:09:10+00:00","mainEntityOfPage":{"@id":"https:\/\/www.diasporaportuguesa.org\/en\/events\/cdp-and-ccp-strengthen-ties-with-new-cooperation-agreement\/"},"wordCount":349,"publisher":{"@id":"https:\/\/www.diasporaportuguesa.org\/#organization"},"articleSection":["Events"],"inLanguage":"en-US"},{"@type":"WebPage","@id":"https:\/\/www.diasporaportuguesa.org\/en\/events\/cdp-and-ccp-strengthen-ties-with-new-cooperation-agreement\/","url":"https:\/\/www.diasporaportuguesa.org\/en\/events\/cdp-and-ccp-strengthen-ties-with-new-cooperation-agreement\/","name":"CDP and CCP Strengthen Ties with New Cooperation Agreement - Conselho da Di\u00e1spora Portuguesa","isPartOf":{"@id":"https:\/\/www.diasporaportuguesa.org\/#website"},"datePublished":"2025-07-09T22:05:00+00:00","dateModified":"2025-10-07T22:09:10+00:00","breadcrumb":{"@id":"https:\/\/www.diasporaportuguesa.org\/en\/events\/cdp-and-ccp-strengthen-ties-with-new-cooperation-agreement\/#breadcrumb"},"inLanguage":"en-US","potentialAction":[{"@type":"ReadAction","target":["https:\/\/www.diasporaportuguesa.org\/en\/events\/cdp-and-ccp-strengthen-ties-with-new-cooperation-agreement\/"]}]},{"@type":"BreadcrumbList","@id":"https:\/\/www.diasporaportuguesa.org\/en\/events\/cdp-and-ccp-strengthen-ties-with-new-cooperation-agreement\/#breadcrumb","itemListElement":[{"@type":"ListItem","position":1,"name":"In\u00edcio","item":"https:\/\/www.diasporaportuguesa.org\/en\/"},{"@type":"ListItem","position":2,"name":"Events","item":"https:\/\/www.diasporaportuguesa.org\/en\/events\/"},{"@type":"ListItem","position":3,"name":"CDP and CCP Strengthen Ties with New Cooperation Agreement"}]},{"@type":"WebSite","@id":"https:\/\/www.diasporaportuguesa.org\/#website","url":"https:\/\/www.diasporaportuguesa.org\/","name":"Conselho da Di\u00e1spora Portuguesa","description":"Conselho da Di\u00e1spora Portuguesa","publisher":{"@id":"https:\/\/www.diasporaportuguesa.org\/#organization"},"potentialAction":[{"@type":"SearchAction","target":{"@type":"EntryPoint","urlTemplate":"https:\/\/www.diasporaportuguesa.org\/?s={search_term_string}"},"query-input":"required name=search_term_string"}],"inLanguage":"en-US"},{"@type":"Organization","@id":"https:\/\/www.diasporaportuguesa.org\/#organization","name":"Conselho da Di\u00e1spora Portuguesa","url":"https:\/\/www.diasporaportuguesa.org\/","logo":{"@type":"ImageObject","inLanguage":"en-US","@id":"https:\/\/www.diasporaportuguesa.org\/#\/schema\/logo\/image\/","url":"https:\/\/www.diasporaportuguesa.org\/wp-content\/uploads\/2022\/11\/conselho-diaspora-portuguesa.png","contentUrl":"https:\/\/www.diasporaportuguesa.org\/wp-content\/uploads\/2022\/11\/conselho-diaspora-portuguesa.png","width":735,"height":216,"caption":"Conselho da Di\u00e1spora Portuguesa"},"image":{"@id":"https:\/\/www.diasporaportuguesa.org\/#\/schema\/logo\/image\/"},"sameAs":["https:\/\/twitter.com\/CdDiaspora","https:\/\/www.linkedin.com\/company\/conselho-da-diaspora-portuguesa\/","https:\/\/www.youtube.com\/channel\/UCEI8qERhtqzV1UgdITBo6rw\/videos"]},{"@type":"Person","@id":"https:\/\/www.diasporaportuguesa.org\/#\/schema\/person\/18822546605f0ca941a6c2dc27a94bb5","name":"Francisca Carvalho","url":"https:\/\/www.diasporaportuguesa.org\/en\/author\/fpcdiasporaportuguesa-org\/"}]}},"_links":{"self":[{"href":"https:\/\/www.diasporaportuguesa.org\/en\/wp-json\/wp\/v2\/posts\/25424"}],"collection":[{"href":"https:\/\/www.diasporaportuguesa.org\/en\/wp-json\/wp\/v2\/posts"}],"about":[{"href":"https:\/\/www.diasporaportuguesa.org\/en\/wp-json\/wp\/v2\/types\/post"}],"author":[{"embeddable":true,"href":"https:\/\/www.diasporaportuguesa.org\/en\/wp-json\/wp\/v2\/users\/17"}],"replies":[{"embeddable":true,"href":"https:\/\/www.diasporaportuguesa.org\/en\/wp-json\/wp\/v2\/comments?post=25424"}],"version-history":[{"count":2,"href":"https:\/\/www.diasporaportuguesa.org\/en\/wp-json\/wp\/v2\/posts\/25424\/revisions"}],"predecessor-version":[{"id":25426,"href":"https:\/\/www.diasporaportuguesa.org\/en\/wp-json\/wp\/v2\/posts\/25424\/revisions\/25426"}],"wp:featuredmedia":[{"embeddable":true,"href":"https:\/\/www.diasporaportuguesa.org\/en\/wp-json\/wp\/v2\/media\/25419"}],"wp:attachment":[{"href":"https:\/\/www.diasporaportuguesa.org\/en\/wp-json\/wp\/v2\/media?parent=25424"}],"wp:term":[{"taxonomy":"category","embeddable":true,"href":"https:\/\/www.diasporaportuguesa.org\/en\/wp-json\/wp\/v2\/categories?post=25424"},{"taxonomy":"post_tag","embeddable":true,"href":"https:\/\/www.diasporaportuguesa.org\/en\/wp-json\/wp\/v2\/tags?post=25424"}],"curies":[{"name":"wp","href":"https:\/\/api.w.org\/{rel}","templated":true}]}}