{"id":26737,"date":"2026-01-14T17:10:24","date_gmt":"2026-01-14T17:10:24","guid":{"rendered":"https:\/\/www.diasporaportuguesa.org\/?p=26737"},"modified":"2026-01-14T17:10:25","modified_gmt":"2026-01-14T17:10:25","slug":"portuguese-diaspora-council-meets-with-the-minister-of-the-presidency-to-discuss-the-future-of-the-audiovisual-industry-in-portugal","status":"publish","type":"post","link":"https:\/\/www.diasporaportuguesa.org\/en\/news\/portuguese-diaspora-council-meets-with-the-minister-of-the-presidency-to-discuss-the-future-of-the-audiovisual-industry-in-portugal\/","title":{"rendered":"Portuguese Diaspora Council meets with the Minister of the Presidency to discuss the future of the audiovisual industry in Portugal"},"content":{"rendered":"\n<p>The Portuguese Diaspora Council met on January 14 with His Excellency the Minister of the Presidency, Ant\u00f3nio Leit\u00e3o Amaro, with the aim of presenting and discussing a strategic proposal for the creation and consolidation of an audiovisual industry in Portugal.<\/p>\n\n\n\n<p>The Council\u2019s delegation was represented by Ant\u00f3nio Cal\u00e7ada de S\u00e1, President of the Board of the Portuguese Diaspora Council and Vice-President of Fundaci\u00f3n Repsol, and by Rui Miranda, Coordinator of the Council\u2019s Culture Competence Centre and CEO of Watermelon Productions.<\/p>\n\n\n\n<p>During the meeting, potential recommendations were discussed focusing on key structural areas for the development of the sector, namely the legislative framework, financing instruments, technological innovation, the promotion of qualified professionals, and investment in adequate infrastructure.<\/p>\n\n\n\n<p>This initiative is part of the mission of the Portuguese Diaspora Council to place the international knowledge and experience of its members at the service of the country\u2019s economic, cultural, and social development, contributing to the definition of public policies that strengthen Portugal\u2019s competitiveness and international standing in the audiovisual sector.<\/p>\n","protected":false},"excerpt":{"rendered":"The Portuguese Diaspora Council met on January 14 with His Excellency the Minister of the Presidency, Ant\u00f3nio Leit\u00e3o Amaro, with the aim of presenting and discussing a strategic proposal for the creation and consolidation of an audiovisual industry in Portugal. The Council\u2019s delegation was represented by Ant\u00f3nio Cal\u00e7ada de S\u00e1, President of the Board of&#8230;","protected":false},"author":17,"featured_media":26734,"comment_status":"closed","ping_status":"closed","sticky":false,"template":"","format":"standard","meta":{"footnotes":""},"categories":[12],"tags":[],"acf":[],"yoast_head":"<!-- This site is optimized with the Yoast SEO plugin v21.3 - https:\/\/yoast.com\/wordpress\/plugins\/seo\/ -->\n<title>Portuguese Diaspora Council meets with the Minister of the Presidency to discuss the future of the audiovisual industry in Portugal - Conselho da Di\u00e1spora Portuguesa<\/title>\n<meta name=\"robots\" content=\"index, follow, max-snippet:-1, max-image-preview:large, max-video-preview:-1\" \/>\n<link rel=\"canonical\" href=\"https:\/\/www.diasporaportuguesa.org\/en\/news\/portuguese-diaspora-council-meets-with-the-minister-of-the-presidency-to-discuss-the-future-of-the-audiovisual-industry-in-portugal\/\" \/>\n<meta property=\"og:locale\" content=\"en_US\" \/>\n<meta property=\"og:type\" content=\"article\" \/>\n<meta property=\"og:title\" content=\"Portuguese Diaspora Council meets with the Minister of the Presidency to discuss the future of the audiovisual industry in Portugal - Conselho da Di\u00e1spora Portuguesa\" \/>\n<meta property=\"og:description\" content=\"The Portuguese Diaspora Council met on January 14 with His Excellency the Minister of the Presidency, Ant\u00f3nio Leit\u00e3o Amaro, with the aim of presenting and discussing a strategic proposal for the creation and consolidation of an audiovisual industry in Portugal. The Council\u2019s delegation was represented by Ant\u00f3nio Cal\u00e7ada de S\u00e1, President of the Board of...\" \/>\n<meta property=\"og:url\" content=\"https:\/\/www.diasporaportuguesa.org\/en\/news\/portuguese-diaspora-council-meets-with-the-minister-of-the-presidency-to-discuss-the-future-of-the-audiovisual-industry-in-portugal\/\" \/>\n<meta property=\"og:site_name\" content=\"Conselho da Di\u00e1spora Portuguesa\" \/>\n<meta property=\"article:published_time\" content=\"2026-01-14T17:10:24+00:00\" \/>\n<meta property=\"article:modified_time\" content=\"2026-01-14T17:10:25+00:00\" \/>\n<meta property=\"og:image\" content=\"https:\/\/www.diasporaportuguesa.org\/wp-content\/uploads\/2026\/01\/WhatsApp-Image-2026-01-14-at-15.54.46.jpeg\" \/>\n\t<meta property=\"og:image:width\" content=\"2048\" \/>\n\t<meta property=\"og:image:height\" content=\"1790\" \/>\n\t<meta property=\"og:image:type\" content=\"image\/jpeg\" \/>\n<meta name=\"author\" content=\"Francisca Carvalho\" \/>\n<meta name=\"twitter:card\" content=\"summary_large_image\" \/>\n<meta name=\"twitter:creator\" content=\"@CdDiaspora\" \/>\n<meta name=\"twitter:site\" content=\"@CdDiaspora\" \/>\n<meta name=\"twitter:label1\" content=\"Written by\" \/>\n\t<meta name=\"twitter:data1\" content=\"Francisca Carvalho\" \/>\n\t<meta name=\"twitter:label2\" content=\"Est. reading time\" \/>\n\t<meta name=\"twitter:data2\" content=\"1 minute\" \/>\n<script type=\"application\/ld+json\" class=\"yoast-schema-graph\">{\"@context\":\"https:\/\/schema.org\",\"@graph\":[{\"@type\":\"Article\",\"@id\":\"https:\/\/www.diasporaportuguesa.org\/en\/news\/portuguese-diaspora-council-meets-with-the-minister-of-the-presidency-to-discuss-the-future-of-the-audiovisual-industry-in-portugal\/#article\",\"isPartOf\":{\"@id\":\"https:\/\/www.diasporaportuguesa.org\/en\/news\/portuguese-diaspora-council-meets-with-the-minister-of-the-presidency-to-discuss-the-future-of-the-audiovisual-industry-in-portugal\/\"},\"author\":{\"name\":\"Francisca Carvalho\",\"@id\":\"https:\/\/www.diasporaportuguesa.org\/#\/schema\/person\/18822546605f0ca941a6c2dc27a94bb5\"},\"headline\":\"Portuguese Diaspora Council meets with the Minister of the Presidency to discuss the future of the audiovisual industry in Portugal\",\"datePublished\":\"2026-01-14T17:10:24+00:00\",\"dateModified\":\"2026-01-14T17:10:25+00:00\",\"mainEntityOfPage\":{\"@id\":\"https:\/\/www.diasporaportuguesa.org\/en\/news\/portuguese-diaspora-council-meets-with-the-minister-of-the-presidency-to-discuss-the-future-of-the-audiovisual-industry-in-portugal\/\"},\"wordCount\":195,\"publisher\":{\"@id\":\"https:\/\/www.diasporaportuguesa.org\/#organization\"},\"articleSection\":[\"News\"],\"inLanguage\":\"en-US\"},{\"@type\":\"WebPage\",\"@id\":\"https:\/\/www.diasporaportuguesa.org\/en\/news\/portuguese-diaspora-council-meets-with-the-minister-of-the-presidency-to-discuss-the-future-of-the-audiovisual-industry-in-portugal\/\",\"url\":\"https:\/\/www.diasporaportuguesa.org\/en\/news\/portuguese-diaspora-council-meets-with-the-minister-of-the-presidency-to-discuss-the-future-of-the-audiovisual-industry-in-portugal\/\",\"name\":\"Portuguese Diaspora Council meets with the Minister of the Presidency to discuss the future of the audiovisual industry in Portugal - Conselho da Di\u00e1spora Portuguesa\",\"isPartOf\":{\"@id\":\"https:\/\/www.diasporaportuguesa.org\/#website\"},\"datePublished\":\"2026-01-14T17:10:24+00:00\",\"dateModified\":\"2026-01-14T17:10:25+00:00\",\"breadcrumb\":{\"@id\":\"https:\/\/www.diasporaportuguesa.org\/en\/news\/portuguese-diaspora-council-meets-with-the-minister-of-the-presidency-to-discuss-the-future-of-the-audiovisual-industry-in-portugal\/#breadcrumb\"},\"inLanguage\":\"en-US\",\"potentialAction\":[{\"@type\":\"ReadAction\",\"target\":[\"https:\/\/www.diasporaportuguesa.org\/en\/news\/portuguese-diaspora-council-meets-with-the-minister-of-the-presidency-to-discuss-the-future-of-the-audiovisual-industry-in-portugal\/\"]}]},{\"@type\":\"BreadcrumbList\",\"@id\":\"https:\/\/www.diasporaportuguesa.org\/en\/news\/portuguese-diaspora-council-meets-with-the-minister-of-the-presidency-to-discuss-the-future-of-the-audiovisual-industry-in-portugal\/#breadcrumb\",\"itemListElement\":[{\"@type\":\"ListItem\",\"position\":1,\"name\":\"In\u00edcio\",\"item\":\"https:\/\/www.diasporaportuguesa.org\/en\/\"},{\"@type\":\"ListItem\",\"position\":2,\"name\":\"News\",\"item\":\"https:\/\/www.diasporaportuguesa.org\/en\/news\/\"},{\"@type\":\"ListItem\",\"position\":3,\"name\":\"Portuguese Diaspora Council meets with the Minister of the Presidency to discuss the future of the audiovisual industry in Portugal\"}]},{\"@type\":\"WebSite\",\"@id\":\"https:\/\/www.diasporaportuguesa.org\/#website\",\"url\":\"https:\/\/www.diasporaportuguesa.org\/\",\"name\":\"Conselho da Di\u00e1spora Portuguesa\",\"description\":\"Conselho da Di\u00e1spora Portuguesa\",\"publisher\":{\"@id\":\"https:\/\/www.diasporaportuguesa.org\/#organization\"},\"potentialAction\":[{\"@type\":\"SearchAction\",\"target\":{\"@type\":\"EntryPoint\",\"urlTemplate\":\"https:\/\/www.diasporaportuguesa.org\/?s={search_term_string}\"},\"query-input\":\"required name=search_term_string\"}],\"inLanguage\":\"en-US\"},{\"@type\":\"Organization\",\"@id\":\"https:\/\/www.diasporaportuguesa.org\/#organization\",\"name\":\"Conselho da Di\u00e1spora Portuguesa\",\"url\":\"https:\/\/www.diasporaportuguesa.org\/\",\"logo\":{\"@type\":\"ImageObject\",\"inLanguage\":\"en-US\",\"@id\":\"https:\/\/www.diasporaportuguesa.org\/#\/schema\/logo\/image\/\",\"url\":\"https:\/\/www.diasporaportuguesa.org\/wp-content\/uploads\/2022\/11\/conselho-diaspora-portuguesa.png\",\"contentUrl\":\"https:\/\/www.diasporaportuguesa.org\/wp-content\/uploads\/2022\/11\/conselho-diaspora-portuguesa.png\",\"width\":735,\"height\":216,\"caption\":\"Conselho da Di\u00e1spora Portuguesa\"},\"image\":{\"@id\":\"https:\/\/www.diasporaportuguesa.org\/#\/schema\/logo\/image\/\"},\"sameAs\":[\"https:\/\/twitter.com\/CdDiaspora\",\"https:\/\/www.linkedin.com\/company\/conselho-da-diaspora-portuguesa\/\",\"https:\/\/www.youtube.com\/channel\/UCEI8qERhtqzV1UgdITBo6rw\/videos\"]},{\"@type\":\"Person\",\"@id\":\"https:\/\/www.diasporaportuguesa.org\/#\/schema\/person\/18822546605f0ca941a6c2dc27a94bb5\",\"name\":\"Francisca Carvalho\",\"url\":\"https:\/\/www.diasporaportuguesa.org\/en\/author\/fpcdiasporaportuguesa-org\/\"}]}<\/script>\n<!-- \/ Yoast SEO plugin. -->","yoast_head_json":{"title":"Portuguese Diaspora Council meets with the Minister of the Presidency to discuss the future of the audiovisual industry in Portugal - Conselho da Di\u00e1spora Portuguesa","robots":{"index":"index","follow":"follow","max-snippet":"max-snippet:-1","max-image-preview":"max-image-preview:large","max-video-preview":"max-video-preview:-1"},"canonical":"https:\/\/www.diasporaportuguesa.org\/en\/news\/portuguese-diaspora-council-meets-with-the-minister-of-the-presidency-to-discuss-the-future-of-the-audiovisual-industry-in-portugal\/","og_locale":"en_US","og_type":"article","og_title":"Portuguese Diaspora Council meets with the Minister of the Presidency to discuss the future of the audiovisual industry in Portugal - Conselho da Di\u00e1spora Portuguesa","og_description":"The Portuguese Diaspora Council met on January 14 with His Excellency the Minister of the Presidency, Ant\u00f3nio Leit\u00e3o Amaro, with the aim of presenting and discussing a strategic proposal for the creation and consolidation of an audiovisual industry in Portugal. The Council\u2019s delegation was represented by Ant\u00f3nio Cal\u00e7ada de S\u00e1, President of the Board of...","og_url":"https:\/\/www.diasporaportuguesa.org\/en\/news\/portuguese-diaspora-council-meets-with-the-minister-of-the-presidency-to-discuss-the-future-of-the-audiovisual-industry-in-portugal\/","og_site_name":"Conselho da Di\u00e1spora Portuguesa","article_published_time":"2026-01-14T17:10:24+00:00","article_modified_time":"2026-01-14T17:10:25+00:00","og_image":[{"width":2048,"height":1790,"url":"https:\/\/www.diasporaportuguesa.org\/wp-content\/uploads\/2026\/01\/WhatsApp-Image-2026-01-14-at-15.54.46.jpeg","type":"image\/jpeg"}],"author":"Francisca Carvalho","twitter_card":"summary_large_image","twitter_creator":"@CdDiaspora","twitter_site":"@CdDiaspora","twitter_misc":{"Written by":"Francisca Carvalho","Est. reading time":"1 minute"},"schema":{"@context":"https:\/\/schema.org","@graph":[{"@type":"Article","@id":"https:\/\/www.diasporaportuguesa.org\/en\/news\/portuguese-diaspora-council-meets-with-the-minister-of-the-presidency-to-discuss-the-future-of-the-audiovisual-industry-in-portugal\/#article","isPartOf":{"@id":"https:\/\/www.diasporaportuguesa.org\/en\/news\/portuguese-diaspora-council-meets-with-the-minister-of-the-presidency-to-discuss-the-future-of-the-audiovisual-industry-in-portugal\/"},"author":{"name":"Francisca Carvalho","@id":"https:\/\/www.diasporaportuguesa.org\/#\/schema\/person\/18822546605f0ca941a6c2dc27a94bb5"},"headline":"Portuguese Diaspora Council meets with the Minister of the Presidency to discuss the future of the audiovisual industry in Portugal","datePublished":"2026-01-14T17:10:24+00:00","dateModified":"2026-01-14T17:10:25+00:00","mainEntityOfPage":{"@id":"https:\/\/www.diasporaportuguesa.org\/en\/news\/portuguese-diaspora-council-meets-with-the-minister-of-the-presidency-to-discuss-the-future-of-the-audiovisual-industry-in-portugal\/"},"wordCount":195,"publisher":{"@id":"https:\/\/www.diasporaportuguesa.org\/#organization"},"articleSection":["News"],"inLanguage":"en-US"},{"@type":"WebPage","@id":"https:\/\/www.diasporaportuguesa.org\/en\/news\/portuguese-diaspora-council-meets-with-the-minister-of-the-presidency-to-discuss-the-future-of-the-audiovisual-industry-in-portugal\/","url":"https:\/\/www.diasporaportuguesa.org\/en\/news\/portuguese-diaspora-council-meets-with-the-minister-of-the-presidency-to-discuss-the-future-of-the-audiovisual-industry-in-portugal\/","name":"Portuguese Diaspora Council meets with the Minister of the Presidency to discuss the future of the audiovisual industry in Portugal - Conselho da Di\u00e1spora Portuguesa","isPartOf":{"@id":"https:\/\/www.diasporaportuguesa.org\/#website"},"datePublished":"2026-01-14T17:10:24+00:00","dateModified":"2026-01-14T17:10:25+00:00","breadcrumb":{"@id":"https:\/\/www.diasporaportuguesa.org\/en\/news\/portuguese-diaspora-council-meets-with-the-minister-of-the-presidency-to-discuss-the-future-of-the-audiovisual-industry-in-portugal\/#breadcrumb"},"inLanguage":"en-US","potentialAction":[{"@type":"ReadAction","target":["https:\/\/www.diasporaportuguesa.org\/en\/news\/portuguese-diaspora-council-meets-with-the-minister-of-the-presidency-to-discuss-the-future-of-the-audiovisual-industry-in-portugal\/"]}]},{"@type":"BreadcrumbList","@id":"https:\/\/www.diasporaportuguesa.org\/en\/news\/portuguese-diaspora-council-meets-with-the-minister-of-the-presidency-to-discuss-the-future-of-the-audiovisual-industry-in-portugal\/#breadcrumb","itemListElement":[{"@type":"ListItem","position":1,"name":"In\u00edcio","item":"https:\/\/www.diasporaportuguesa.org\/en\/"},{"@type":"ListItem","position":2,"name":"News","item":"https:\/\/www.diasporaportuguesa.org\/en\/news\/"},{"@type":"ListItem","position":3,"name":"Portuguese Diaspora Council meets with the Minister of the Presidency to discuss the future of the audiovisual industry in Portugal"}]},{"@type":"WebSite","@id":"https:\/\/www.diasporaportuguesa.org\/#website","url":"https:\/\/www.diasporaportuguesa.org\/","name":"Conselho da Di\u00e1spora Portuguesa","description":"Conselho da Di\u00e1spora Portuguesa","publisher":{"@id":"https:\/\/www.diasporaportuguesa.org\/#organization"},"potentialAction":[{"@type":"SearchAction","target":{"@type":"EntryPoint","urlTemplate":"https:\/\/www.diasporaportuguesa.org\/?s={search_term_string}"},"query-input":"required name=search_term_string"}],"inLanguage":"en-US"},{"@type":"Organization","@id":"https:\/\/www.diasporaportuguesa.org\/#organization","name":"Conselho da Di\u00e1spora Portuguesa","url":"https:\/\/www.diasporaportuguesa.org\/","logo":{"@type":"ImageObject","inLanguage":"en-US","@id":"https:\/\/www.diasporaportuguesa.org\/#\/schema\/logo\/image\/","url":"https:\/\/www.diasporaportuguesa.org\/wp-content\/uploads\/2022\/11\/conselho-diaspora-portuguesa.png","contentUrl":"https:\/\/www.diasporaportuguesa.org\/wp-content\/uploads\/2022\/11\/conselho-diaspora-portuguesa.png","width":735,"height":216,"caption":"Conselho da Di\u00e1spora Portuguesa"},"image":{"@id":"https:\/\/www.diasporaportuguesa.org\/#\/schema\/logo\/image\/"},"sameAs":["https:\/\/twitter.com\/CdDiaspora","https:\/\/www.linkedin.com\/company\/conselho-da-diaspora-portuguesa\/","https:\/\/www.youtube.com\/channel\/UCEI8qERhtqzV1UgdITBo6rw\/videos"]},{"@type":"Person","@id":"https:\/\/www.diasporaportuguesa.org\/#\/schema\/person\/18822546605f0ca941a6c2dc27a94bb5","name":"Francisca Carvalho","url":"https:\/\/www.diasporaportuguesa.org\/en\/author\/fpcdiasporaportuguesa-org\/"}]}},"_links":{"self":[{"href":"https:\/\/www.diasporaportuguesa.org\/en\/wp-json\/wp\/v2\/posts\/26737"}],"collection":[{"href":"https:\/\/www.diasporaportuguesa.org\/en\/wp-json\/wp\/v2\/posts"}],"about":[{"href":"https:\/\/www.diasporaportuguesa.org\/en\/wp-json\/wp\/v2\/types\/post"}],"author":[{"embeddable":true,"href":"https:\/\/www.diasporaportuguesa.org\/en\/wp-json\/wp\/v2\/users\/17"}],"replies":[{"embeddable":true,"href":"https:\/\/www.diasporaportuguesa.org\/en\/wp-json\/wp\/v2\/comments?post=26737"}],"version-history":[{"count":1,"href":"https:\/\/www.diasporaportuguesa.org\/en\/wp-json\/wp\/v2\/posts\/26737\/revisions"}],"predecessor-version":[{"id":26738,"href":"https:\/\/www.diasporaportuguesa.org\/en\/wp-json\/wp\/v2\/posts\/26737\/revisions\/26738"}],"wp:featuredmedia":[{"embeddable":true,"href":"https:\/\/www.diasporaportuguesa.org\/en\/wp-json\/wp\/v2\/media\/26734"}],"wp:attachment":[{"href":"https:\/\/www.diasporaportuguesa.org\/en\/wp-json\/wp\/v2\/media?parent=26737"}],"wp:term":[{"taxonomy":"category","embeddable":true,"href":"https:\/\/www.diasporaportuguesa.org\/en\/wp-json\/wp\/v2\/categories?post=26737"},{"taxonomy":"post_tag","embeddable":true,"href":"https:\/\/www.diasporaportuguesa.org\/en\/wp-json\/wp\/v2\/tags?post=26737"}],"curies":[{"name":"wp","href":"https:\/\/api.w.org\/{rel}","templated":true}]}}