{"id":27048,"date":"2026-03-13T17:15:55","date_gmt":"2026-03-13T17:15:55","guid":{"rendered":"https:\/\/www.diasporaportuguesa.org\/?p=27048"},"modified":"2026-03-13T17:16:00","modified_gmt":"2026-03-13T17:16:00","slug":"annual-meeting-2025","status":"publish","type":"post","link":"https:\/\/www.diasporaportuguesa.org\/en\/events\/annual-meeting-2025\/","title":{"rendered":"Annual Meeting 2025"},"content":{"rendered":"\n<p>The Portuguese Diaspora Council (PDC), which brings together more than 350 Portuguese councillors present in 44 countries across five continents, held the 10th edition of its Annual Meeting in Cascais under the theme \u201cThe Diaspora as Human Capital\u201d.<\/p>\n\n\n\n<p>The first day took place on 17 December 2025, in the Cantanhede Room of the Pestana Cidadela Cascais Hotel, and was dedicated to the Council\u2019s internal meeting, bringing together Councillors of Portugal Around the World, Young Councillors, and members of the Advisory Board.<\/p>\n\n\n\n<p>The session began with the presentation of the 2025 Activity Report and the 2026 Activity Plan, delivered by Ant\u00f3nio Cal\u00e7ada de S\u00e1, Chairman of the Board of the Portuguese Diaspora Council. Throughout the morning, the main projects developed by the Regional Chapters and Competence Centres were presented and discussed.<\/p>\n\n\n\n<p>The morning continued with the session \u201cYoung Diaspora: 2025 Overview and 2026 Plan\u201d, where the growth of the programme was highlighted. Two initiatives aimed at younger generations of the diaspora were also presented: the Mentorship Programme and the LusoLab Podcast.<\/p>\n\n\n\n<figure class=\"wp-block-gallery has-nested-images columns-default is-cropped wp-block-gallery-1 is-layout-flex wp-block-gallery-is-layout-flex\">\n<figure class=\"wp-block-image size-large\"><img decoding=\"async\" loading=\"lazy\" width=\"1920\" height=\"1280\" data-id=\"27033\" src=\"https:\/\/www.diasporaportuguesa.org\/wp-content\/uploads\/2026\/03\/147_2025_18Dez_0822-1-1920x1280.jpg\" alt=\"\" class=\"wp-image-27033\" srcset=\"https:\/\/www.diasporaportuguesa.org\/wp-content\/uploads\/2026\/03\/147_2025_18Dez_0822-1-1920x1280.jpg 1920w, https:\/\/www.diasporaportuguesa.org\/wp-content\/uploads\/2026\/03\/147_2025_18Dez_0822-1-1055x703.jpg 1055w, https:\/\/www.diasporaportuguesa.org\/wp-content\/uploads\/2026\/03\/147_2025_18Dez_0822-1-768x512.jpg 768w, https:\/\/www.diasporaportuguesa.org\/wp-content\/uploads\/2026\/03\/147_2025_18Dez_0822-1-1536x1024.jpg 1536w, https:\/\/www.diasporaportuguesa.org\/wp-content\/uploads\/2026\/03\/147_2025_18Dez_0822-1-2048x1365.jpg 2048w, https:\/\/www.diasporaportuguesa.org\/wp-content\/uploads\/2026\/03\/147_2025_18Dez_0822-1-760x507.jpg 760w, https:\/\/www.diasporaportuguesa.org\/wp-content\/uploads\/2026\/03\/147_2025_18Dez_0822-1-1460x973.jpg 1460w\" sizes=\"(max-width: 1920px) 100vw, 1920px\" \/><\/figure>\n\n\n\n<figure class=\"wp-block-image size-large\"><img decoding=\"async\" loading=\"lazy\" width=\"1920\" height=\"1280\" data-id=\"25937\" src=\"https:\/\/www.diasporaportuguesa.org\/wp-content\/uploads\/2025\/12\/EncontroAnual_CDP_17Dez_0048-1920x1280.jpg\" alt=\"\" class=\"wp-image-25937\" srcset=\"https:\/\/www.diasporaportuguesa.org\/wp-content\/uploads\/2025\/12\/EncontroAnual_CDP_17Dez_0048-1920x1280.jpg 1920w, https:\/\/www.diasporaportuguesa.org\/wp-content\/uploads\/2025\/12\/EncontroAnual_CDP_17Dez_0048-1055x703.jpg 1055w, https:\/\/www.diasporaportuguesa.org\/wp-content\/uploads\/2025\/12\/EncontroAnual_CDP_17Dez_0048-768x512.jpg 768w, https:\/\/www.diasporaportuguesa.org\/wp-content\/uploads\/2025\/12\/EncontroAnual_CDP_17Dez_0048-1536x1024.jpg 1536w, https:\/\/www.diasporaportuguesa.org\/wp-content\/uploads\/2025\/12\/EncontroAnual_CDP_17Dez_0048-2048x1365.jpg 2048w, https:\/\/www.diasporaportuguesa.org\/wp-content\/uploads\/2025\/12\/EncontroAnual_CDP_17Dez_0048-760x507.jpg 760w, https:\/\/www.diasporaportuguesa.org\/wp-content\/uploads\/2025\/12\/EncontroAnual_CDP_17Dez_0048-1460x973.jpg 1460w\" sizes=\"(max-width: 1920px) 100vw, 1920px\" \/><\/figure>\n\n\n\n<figure class=\"wp-block-image size-large\"><img decoding=\"async\" loading=\"lazy\" width=\"1920\" height=\"1280\" data-id=\"26009\" src=\"https:\/\/www.diasporaportuguesa.org\/wp-content\/uploads\/2025\/12\/EncontroAnual_CDP_17Dez_0101-1920x1280.jpg\" alt=\"\" class=\"wp-image-26009\" srcset=\"https:\/\/www.diasporaportuguesa.org\/wp-content\/uploads\/2025\/12\/EncontroAnual_CDP_17Dez_0101-1920x1280.jpg 1920w, https:\/\/www.diasporaportuguesa.org\/wp-content\/uploads\/2025\/12\/EncontroAnual_CDP_17Dez_0101-1055x703.jpg 1055w, https:\/\/www.diasporaportuguesa.org\/wp-content\/uploads\/2025\/12\/EncontroAnual_CDP_17Dez_0101-768x512.jpg 768w, https:\/\/www.diasporaportuguesa.org\/wp-content\/uploads\/2025\/12\/EncontroAnual_CDP_17Dez_0101-1536x1024.jpg 1536w, https:\/\/www.diasporaportuguesa.org\/wp-content\/uploads\/2025\/12\/EncontroAnual_CDP_17Dez_0101-2048x1365.jpg 2048w, https:\/\/www.diasporaportuguesa.org\/wp-content\/uploads\/2025\/12\/EncontroAnual_CDP_17Dez_0101-760x507.jpg 760w, https:\/\/www.diasporaportuguesa.org\/wp-content\/uploads\/2025\/12\/EncontroAnual_CDP_17Dez_0101-1460x973.jpg 1460w\" sizes=\"(max-width: 1920px) 100vw, 1920px\" \/><\/figure>\n<\/figure>\n\n\n\n<figure class=\"wp-block-image size-large\"><img decoding=\"async\" loading=\"lazy\" width=\"1920\" height=\"1280\" src=\"https:\/\/www.diasporaportuguesa.org\/wp-content\/uploads\/2026\/03\/147_2025_0803-1920x1280.jpg\" alt=\"\" class=\"wp-image-27027\" srcset=\"https:\/\/www.diasporaportuguesa.org\/wp-content\/uploads\/2026\/03\/147_2025_0803-1920x1280.jpg 1920w, https:\/\/www.diasporaportuguesa.org\/wp-content\/uploads\/2026\/03\/147_2025_0803-1055x703.jpg 1055w, https:\/\/www.diasporaportuguesa.org\/wp-content\/uploads\/2026\/03\/147_2025_0803-768x512.jpg 768w, https:\/\/www.diasporaportuguesa.org\/wp-content\/uploads\/2026\/03\/147_2025_0803-1536x1024.jpg 1536w, https:\/\/www.diasporaportuguesa.org\/wp-content\/uploads\/2026\/03\/147_2025_0803-2048x1365.jpg 2048w, https:\/\/www.diasporaportuguesa.org\/wp-content\/uploads\/2026\/03\/147_2025_0803-760x507.jpg 760w, https:\/\/www.diasporaportuguesa.org\/wp-content\/uploads\/2026\/03\/147_2025_0803-1460x973.jpg 1460w\" sizes=\"(max-width: 1920px) 100vw, 1920px\" \/><\/figure>\n\n\n\n<p>In the afternoon, following the institutional lunch at the Cascais Citadel Palace, the programme resumed with the presentation of the \u201cAtrair e Voltar\u201d initiative, promoted by AMROP and presented by Maria da Gl\u00f3ria Ribeiro. The programme aims to support the return of Portuguese citizens living abroad and attract international talent to Portugal. This was followed by the presentation of the partnership between the Portuguese Diaspora Council, the Ant\u00f3nio Pargana Foundation and the Universidade Cat\u00f3lica Portuguesa, dedicated to strengthening ties with the Portuguese diaspora while creating value for the country. Later, in the session \u201cChallenges and Opportunities\u201d, organised in partnership with PwC, Ant\u00f3nio Brochado Correia addressed the main global challenges and strategic opportunities for Portugal and its diaspora.<\/p>\n\n\n\n<p>The day concluded with closing remarks by Ant\u00f3nio Cal\u00e7ada de S\u00e1, Chairman of the Board, followed by a cocktail reception and an institutional dinner at the Cisterna Restaurant, at the Pestana Cidadela Cascais, attended by the Minister of the Presidency, Ant\u00f3nio Leit\u00e3o Amaro.<\/p>\n\n\n\n<figure class=\"wp-block-gallery has-nested-images columns-default is-cropped wp-block-gallery-3 is-layout-flex wp-block-gallery-is-layout-flex\">\n<figure class=\"wp-block-image size-large\"><img decoding=\"async\" loading=\"lazy\" width=\"1920\" height=\"1280\" data-id=\"26091\" src=\"https:\/\/www.diasporaportuguesa.org\/wp-content\/uploads\/2025\/12\/EncontroAnual_CDP_17Dez_0171-1920x1280.jpg\" alt=\"\" class=\"wp-image-26091\" srcset=\"https:\/\/www.diasporaportuguesa.org\/wp-content\/uploads\/2025\/12\/EncontroAnual_CDP_17Dez_0171-1920x1280.jpg 1920w, https:\/\/www.diasporaportuguesa.org\/wp-content\/uploads\/2025\/12\/EncontroAnual_CDP_17Dez_0171-1055x703.jpg 1055w, https:\/\/www.diasporaportuguesa.org\/wp-content\/uploads\/2025\/12\/EncontroAnual_CDP_17Dez_0171-768x512.jpg 768w, https:\/\/www.diasporaportuguesa.org\/wp-content\/uploads\/2025\/12\/EncontroAnual_CDP_17Dez_0171-1536x1024.jpg 1536w, https:\/\/www.diasporaportuguesa.org\/wp-content\/uploads\/2025\/12\/EncontroAnual_CDP_17Dez_0171-2048x1365.jpg 2048w, https:\/\/www.diasporaportuguesa.org\/wp-content\/uploads\/2025\/12\/EncontroAnual_CDP_17Dez_0171-760x507.jpg 760w, https:\/\/www.diasporaportuguesa.org\/wp-content\/uploads\/2025\/12\/EncontroAnual_CDP_17Dez_0171-1460x973.jpg 1460w\" sizes=\"(max-width: 1920px) 100vw, 1920px\" \/><\/figure>\n\n\n\n<figure class=\"wp-block-image size-large\"><img decoding=\"async\" loading=\"lazy\" width=\"1920\" height=\"1280\" data-id=\"26099\" src=\"https:\/\/www.diasporaportuguesa.org\/wp-content\/uploads\/2025\/12\/EncontroAnual_CDP_17Dez_0178-1920x1280.jpg\" alt=\"\" class=\"wp-image-26099\" srcset=\"https:\/\/www.diasporaportuguesa.org\/wp-content\/uploads\/2025\/12\/EncontroAnual_CDP_17Dez_0178-1920x1280.jpg 1920w, https:\/\/www.diasporaportuguesa.org\/wp-content\/uploads\/2025\/12\/EncontroAnual_CDP_17Dez_0178-1055x703.jpg 1055w, https:\/\/www.diasporaportuguesa.org\/wp-content\/uploads\/2025\/12\/EncontroAnual_CDP_17Dez_0178-768x512.jpg 768w, https:\/\/www.diasporaportuguesa.org\/wp-content\/uploads\/2025\/12\/EncontroAnual_CDP_17Dez_0178-1536x1024.jpg 1536w, https:\/\/www.diasporaportuguesa.org\/wp-content\/uploads\/2025\/12\/EncontroAnual_CDP_17Dez_0178-2048x1365.jpg 2048w, https:\/\/www.diasporaportuguesa.org\/wp-content\/uploads\/2025\/12\/EncontroAnual_CDP_17Dez_0178-760x507.jpg 760w, https:\/\/www.diasporaportuguesa.org\/wp-content\/uploads\/2025\/12\/EncontroAnual_CDP_17Dez_0178-1460x973.jpg 1460w\" sizes=\"(max-width: 1920px) 100vw, 1920px\" \/><\/figure>\n\n\n\n<figure class=\"wp-block-image size-large\"><img decoding=\"async\" loading=\"lazy\" width=\"1920\" height=\"1280\" data-id=\"26077\" src=\"https:\/\/www.diasporaportuguesa.org\/wp-content\/uploads\/2025\/12\/EncontroAnual_CDP_17Dez_0156-1920x1280.jpg\" alt=\"\" class=\"wp-image-26077\" srcset=\"https:\/\/www.diasporaportuguesa.org\/wp-content\/uploads\/2025\/12\/EncontroAnual_CDP_17Dez_0156-1920x1280.jpg 1920w, https:\/\/www.diasporaportuguesa.org\/wp-content\/uploads\/2025\/12\/EncontroAnual_CDP_17Dez_0156-1055x703.jpg 1055w, https:\/\/www.diasporaportuguesa.org\/wp-content\/uploads\/2025\/12\/EncontroAnual_CDP_17Dez_0156-768x512.jpg 768w, https:\/\/www.diasporaportuguesa.org\/wp-content\/uploads\/2025\/12\/EncontroAnual_CDP_17Dez_0156-1536x1024.jpg 1536w, https:\/\/www.diasporaportuguesa.org\/wp-content\/uploads\/2025\/12\/EncontroAnual_CDP_17Dez_0156-2048x1365.jpg 2048w, https:\/\/www.diasporaportuguesa.org\/wp-content\/uploads\/2025\/12\/EncontroAnual_CDP_17Dez_0156-760x507.jpg 760w, https:\/\/www.diasporaportuguesa.org\/wp-content\/uploads\/2025\/12\/EncontroAnual_CDP_17Dez_0156-1460x973.jpg 1460w\" sizes=\"(max-width: 1920px) 100vw, 1920px\" \/><\/figure>\n<\/figure>\n\n\n\n<figure class=\"wp-block-gallery has-nested-images columns-default is-cropped wp-block-gallery-5 is-layout-flex wp-block-gallery-is-layout-flex\">\n<figure class=\"wp-block-image size-large\"><img decoding=\"async\" loading=\"lazy\" width=\"1920\" height=\"1282\" data-id=\"27035\" src=\"https:\/\/www.diasporaportuguesa.org\/wp-content\/uploads\/2026\/03\/147_2025_1510-1920x1282.jpg\" alt=\"\" class=\"wp-image-27035\" srcset=\"https:\/\/www.diasporaportuguesa.org\/wp-content\/uploads\/2026\/03\/147_2025_1510-1920x1282.jpg 1920w, https:\/\/www.diasporaportuguesa.org\/wp-content\/uploads\/2026\/03\/147_2025_1510-1055x704.jpg 1055w, https:\/\/www.diasporaportuguesa.org\/wp-content\/uploads\/2026\/03\/147_2025_1510-768x513.jpg 768w, https:\/\/www.diasporaportuguesa.org\/wp-content\/uploads\/2026\/03\/147_2025_1510-1536x1025.jpg 1536w, https:\/\/www.diasporaportuguesa.org\/wp-content\/uploads\/2026\/03\/147_2025_1510-2048x1367.jpg 2048w, https:\/\/www.diasporaportuguesa.org\/wp-content\/uploads\/2026\/03\/147_2025_1510-760x507.jpg 760w, https:\/\/www.diasporaportuguesa.org\/wp-content\/uploads\/2026\/03\/147_2025_1510-1460x975.jpg 1460w\" sizes=\"(max-width: 1920px) 100vw, 1920px\" \/><\/figure>\n\n\n\n<figure class=\"wp-block-image size-large\"><img decoding=\"async\" loading=\"lazy\" width=\"1920\" height=\"1282\" data-id=\"27037\" src=\"https:\/\/www.diasporaportuguesa.org\/wp-content\/uploads\/2026\/03\/147_2025_1363-1920x1282.jpg\" alt=\"\" class=\"wp-image-27037\" srcset=\"https:\/\/www.diasporaportuguesa.org\/wp-content\/uploads\/2026\/03\/147_2025_1363-1920x1282.jpg 1920w, https:\/\/www.diasporaportuguesa.org\/wp-content\/uploads\/2026\/03\/147_2025_1363-1055x704.jpg 1055w, https:\/\/www.diasporaportuguesa.org\/wp-content\/uploads\/2026\/03\/147_2025_1363-768x513.jpg 768w, https:\/\/www.diasporaportuguesa.org\/wp-content\/uploads\/2026\/03\/147_2025_1363-1536x1025.jpg 1536w, https:\/\/www.diasporaportuguesa.org\/wp-content\/uploads\/2026\/03\/147_2025_1363-2048x1367.jpg 2048w, https:\/\/www.diasporaportuguesa.org\/wp-content\/uploads\/2026\/03\/147_2025_1363-760x507.jpg 760w, https:\/\/www.diasporaportuguesa.org\/wp-content\/uploads\/2026\/03\/147_2025_1363-1460x975.jpg 1460w\" sizes=\"(max-width: 1920px) 100vw, 1920px\" \/><\/figure>\n<\/figure>\n\n\n\n<p>The second day of the meeting brought together around 200 guests, including institutional representatives, business leaders and members of the Portuguese Diaspora Council, to reflect on the role of the diaspora in strengthening Portugal\u2019s presence in the world. Throughout the sessions, speakers highlighted how characteristics often associated with the Portuguese \u2014 such as empathy, adaptability and relational intelligence \u2014 combined with education, merit and resilience, help reinforce the country\u2019s international reputation.<\/p>\n\n\n\n<p>The opening was marked by a reflection on the diaspora as a strategic human capital for Portugal. In this context, Ant\u00f3nio Cal\u00e7ada de S\u00e1 underlined the ambition of building an increasingly strong, relevant and transformative diaspora, also highlighting the work carried out through the Council\u2019s 14 regional chapters and thanking the President of the Republic, Marcelo Rebelo de Sousa, for his support over the years.<\/p>\n\n\n\n<figure class=\"wp-block-gallery has-nested-images columns-default is-cropped wp-block-gallery-7 is-layout-flex wp-block-gallery-is-layout-flex\">\n<figure class=\"wp-block-image size-large\"><img decoding=\"async\" loading=\"lazy\" width=\"1920\" height=\"1280\" data-id=\"26223\" src=\"https:\/\/www.diasporaportuguesa.org\/wp-content\/uploads\/2025\/12\/EncontroAnual_CDP_18Dez_0038-1920x1280.jpg\" alt=\"\" class=\"wp-image-26223\" srcset=\"https:\/\/www.diasporaportuguesa.org\/wp-content\/uploads\/2025\/12\/EncontroAnual_CDP_18Dez_0038-1920x1280.jpg 1920w, https:\/\/www.diasporaportuguesa.org\/wp-content\/uploads\/2025\/12\/EncontroAnual_CDP_18Dez_0038-1055x703.jpg 1055w, https:\/\/www.diasporaportuguesa.org\/wp-content\/uploads\/2025\/12\/EncontroAnual_CDP_18Dez_0038-768x512.jpg 768w, https:\/\/www.diasporaportuguesa.org\/wp-content\/uploads\/2025\/12\/EncontroAnual_CDP_18Dez_0038-1536x1024.jpg 1536w, https:\/\/www.diasporaportuguesa.org\/wp-content\/uploads\/2025\/12\/EncontroAnual_CDP_18Dez_0038-2048x1365.jpg 2048w, https:\/\/www.diasporaportuguesa.org\/wp-content\/uploads\/2025\/12\/EncontroAnual_CDP_18Dez_0038-760x507.jpg 760w, https:\/\/www.diasporaportuguesa.org\/wp-content\/uploads\/2025\/12\/EncontroAnual_CDP_18Dez_0038-1460x973.jpg 1460w\" sizes=\"(max-width: 1920px) 100vw, 1920px\" \/><\/figure>\n\n\n\n<figure class=\"wp-block-image size-large\"><img decoding=\"async\" loading=\"lazy\" width=\"1920\" height=\"1280\" data-id=\"26217\" src=\"https:\/\/www.diasporaportuguesa.org\/wp-content\/uploads\/2025\/12\/EncontroAnual_CDP_18Dez_0033-1920x1280.jpg\" alt=\"\" class=\"wp-image-26217\" srcset=\"https:\/\/www.diasporaportuguesa.org\/wp-content\/uploads\/2025\/12\/EncontroAnual_CDP_18Dez_0033-1920x1280.jpg 1920w, https:\/\/www.diasporaportuguesa.org\/wp-content\/uploads\/2025\/12\/EncontroAnual_CDP_18Dez_0033-1055x703.jpg 1055w, https:\/\/www.diasporaportuguesa.org\/wp-content\/uploads\/2025\/12\/EncontroAnual_CDP_18Dez_0033-768x512.jpg 768w, https:\/\/www.diasporaportuguesa.org\/wp-content\/uploads\/2025\/12\/EncontroAnual_CDP_18Dez_0033-1536x1024.jpg 1536w, https:\/\/www.diasporaportuguesa.org\/wp-content\/uploads\/2025\/12\/EncontroAnual_CDP_18Dez_0033-2048x1365.jpg 2048w, https:\/\/www.diasporaportuguesa.org\/wp-content\/uploads\/2025\/12\/EncontroAnual_CDP_18Dez_0033-760x507.jpg 760w, https:\/\/www.diasporaportuguesa.org\/wp-content\/uploads\/2025\/12\/EncontroAnual_CDP_18Dez_0033-1460x973.jpg 1460w\" sizes=\"(max-width: 1920px) 100vw, 1920px\" \/><\/figure>\n\n\n\n<figure class=\"wp-block-image size-large\"><img decoding=\"async\" loading=\"lazy\" width=\"1920\" height=\"1224\" data-id=\"26574\" src=\"https:\/\/www.diasporaportuguesa.org\/wp-content\/uploads\/2025\/12\/EncontroAnual_CDP_18Dez_0067-2-scaled-e1773420736217-1920x1224.jpg\" alt=\"\" class=\"wp-image-26574\" srcset=\"https:\/\/www.diasporaportuguesa.org\/wp-content\/uploads\/2025\/12\/EncontroAnual_CDP_18Dez_0067-2-scaled-e1773420736217-1920x1224.jpg 1920w, https:\/\/www.diasporaportuguesa.org\/wp-content\/uploads\/2025\/12\/EncontroAnual_CDP_18Dez_0067-2-scaled-e1773420736217-1055x673.jpg 1055w, https:\/\/www.diasporaportuguesa.org\/wp-content\/uploads\/2025\/12\/EncontroAnual_CDP_18Dez_0067-2-scaled-e1773420736217-768x490.jpg 768w, https:\/\/www.diasporaportuguesa.org\/wp-content\/uploads\/2025\/12\/EncontroAnual_CDP_18Dez_0067-2-scaled-e1773420736217-1536x979.jpg 1536w, https:\/\/www.diasporaportuguesa.org\/wp-content\/uploads\/2025\/12\/EncontroAnual_CDP_18Dez_0067-2-scaled-e1773420736217-2048x1306.jpg 2048w, https:\/\/www.diasporaportuguesa.org\/wp-content\/uploads\/2025\/12\/EncontroAnual_CDP_18Dez_0067-2-scaled-e1773420736217-760x484.jpg 760w, https:\/\/www.diasporaportuguesa.org\/wp-content\/uploads\/2025\/12\/EncontroAnual_CDP_18Dez_0067-2-scaled-e1773420736217-1460x931.jpg 1460w\" sizes=\"(max-width: 1920px) 100vw, 1920px\" \/><\/figure>\n<\/figure>\n\n\n\n<figure class=\"wp-block-gallery has-nested-images columns-default is-cropped wp-block-gallery-9 is-layout-flex wp-block-gallery-is-layout-flex\">\n<figure class=\"wp-block-image size-large\"><img decoding=\"async\" loading=\"lazy\" width=\"1920\" height=\"1280\" data-id=\"26638\" src=\"https:\/\/www.diasporaportuguesa.org\/wp-content\/uploads\/2025\/12\/EncontroAnual_CDP_18Dez_0107-2-1920x1280.jpg\" alt=\"\" class=\"wp-image-26638\" srcset=\"https:\/\/www.diasporaportuguesa.org\/wp-content\/uploads\/2025\/12\/EncontroAnual_CDP_18Dez_0107-2-1920x1280.jpg 1920w, https:\/\/www.diasporaportuguesa.org\/wp-content\/uploads\/2025\/12\/EncontroAnual_CDP_18Dez_0107-2-1055x703.jpg 1055w, https:\/\/www.diasporaportuguesa.org\/wp-content\/uploads\/2025\/12\/EncontroAnual_CDP_18Dez_0107-2-768x512.jpg 768w, https:\/\/www.diasporaportuguesa.org\/wp-content\/uploads\/2025\/12\/EncontroAnual_CDP_18Dez_0107-2-1536x1024.jpg 1536w, https:\/\/www.diasporaportuguesa.org\/wp-content\/uploads\/2025\/12\/EncontroAnual_CDP_18Dez_0107-2-2048x1365.jpg 2048w, https:\/\/www.diasporaportuguesa.org\/wp-content\/uploads\/2025\/12\/EncontroAnual_CDP_18Dez_0107-2-760x507.jpg 760w, https:\/\/www.diasporaportuguesa.org\/wp-content\/uploads\/2025\/12\/EncontroAnual_CDP_18Dez_0107-2-1460x973.jpg 1460w\" sizes=\"(max-width: 1920px) 100vw, 1920px\" \/><\/figure>\n\n\n\n<figure class=\"wp-block-image size-large\"><img decoding=\"async\" loading=\"lazy\" width=\"1920\" height=\"1280\" data-id=\"27043\" src=\"https:\/\/www.diasporaportuguesa.org\/wp-content\/uploads\/2026\/03\/147_2025_18Dez_0362-1920x1280.jpg\" alt=\"\" class=\"wp-image-27043\" srcset=\"https:\/\/www.diasporaportuguesa.org\/wp-content\/uploads\/2026\/03\/147_2025_18Dez_0362-1920x1280.jpg 1920w, https:\/\/www.diasporaportuguesa.org\/wp-content\/uploads\/2026\/03\/147_2025_18Dez_0362-1055x703.jpg 1055w, https:\/\/www.diasporaportuguesa.org\/wp-content\/uploads\/2026\/03\/147_2025_18Dez_0362-768x512.jpg 768w, https:\/\/www.diasporaportuguesa.org\/wp-content\/uploads\/2026\/03\/147_2025_18Dez_0362-1536x1024.jpg 1536w, https:\/\/www.diasporaportuguesa.org\/wp-content\/uploads\/2026\/03\/147_2025_18Dez_0362-2048x1365.jpg 2048w, https:\/\/www.diasporaportuguesa.org\/wp-content\/uploads\/2026\/03\/147_2025_18Dez_0362-760x507.jpg 760w, https:\/\/www.diasporaportuguesa.org\/wp-content\/uploads\/2026\/03\/147_2025_18Dez_0362-1460x973.jpg 1460w\" sizes=\"(max-width: 1920px) 100vw, 1920px\" \/><\/figure>\n\n\n\n<figure class=\"wp-block-image size-large\"><img decoding=\"async\" loading=\"lazy\" width=\"1920\" height=\"1282\" data-id=\"27045\" src=\"https:\/\/www.diasporaportuguesa.org\/wp-content\/uploads\/2026\/03\/147_2025_18Dez_0406-1920x1282.jpg\" alt=\"\" class=\"wp-image-27045\" srcset=\"https:\/\/www.diasporaportuguesa.org\/wp-content\/uploads\/2026\/03\/147_2025_18Dez_0406-1920x1282.jpg 1920w, https:\/\/www.diasporaportuguesa.org\/wp-content\/uploads\/2026\/03\/147_2025_18Dez_0406-1055x704.jpg 1055w, https:\/\/www.diasporaportuguesa.org\/wp-content\/uploads\/2026\/03\/147_2025_18Dez_0406-768x513.jpg 768w, https:\/\/www.diasporaportuguesa.org\/wp-content\/uploads\/2026\/03\/147_2025_18Dez_0406-1536x1025.jpg 1536w, https:\/\/www.diasporaportuguesa.org\/wp-content\/uploads\/2026\/03\/147_2025_18Dez_0406-2048x1367.jpg 2048w, https:\/\/www.diasporaportuguesa.org\/wp-content\/uploads\/2026\/03\/147_2025_18Dez_0406-760x507.jpg 760w, https:\/\/www.diasporaportuguesa.org\/wp-content\/uploads\/2026\/03\/147_2025_18Dez_0406-1460x975.jpg 1460w\" sizes=\"(max-width: 1920px) 100vw, 1920px\" \/><\/figure>\n<\/figure>\n\n\n\n<p>The contribution of the diaspora to Portugal\u2019s international projection was also emphasised by several institutional figures present. The Minister of State and Foreign Affairs, Paulo Rangel, reaffirmed that the Portuguese diaspora is a priority for the Government, highlighting the impact of the councillors\u2019 work in promoting Portugal abroad. The Secretary of State for Portuguese Communities, Em\u00eddio Sousa, underlined the remarkable capacity of Portuguese communities to integrate and adapt culturally in foreign societies, while the Secretary of State for the Economy, Jo\u00e3o Rui Ferreira, described the diaspora as one of Portugal\u2019s most important strategic assets. The Mayor of Cascais, Nuno Piteira Lopes, also highlighted the role of Portuguese communities abroad in elevating the country\u2019s name beyond its borders.<\/p>\n\n\n\n<p>The programme also included the debate \u201cPortuguese Talent and Leadership\u201d, moderated by journalist Joana Petiz, featuring Jo\u00e3o Vale de Almeida and Manuel Santiago, who discussed the international projection of Portuguese talent and the importance of strengthening the visibility of national excellence. In a conversation moderated by Catarina Carvalho, Jos\u00e9 Manuel Dur\u00e3o Barroso reflected on Portugal\u2019s position in the European and international context, advocating for a confident and self-assured approach.<\/p>\n\n\n\n<p>The meeting concluded with an address by the President of the Republic, Marcelo Rebelo de Sousa, in his final speech as Honorary President of the Portuguese Diaspora Council. He encouraged councillors to maintain an active, creative and nonconformist attitude in service of the country: \u201cContinue to be insubmissive and rebellious \u2014 that is fundamental \u2014 and never stop dreaming.\u201d He concluded by citing Portuguese culture as a driver of the future: \u201cBecause, as a great Portuguese poet once said, it is through dreams that we move forward.\u201d<\/p>\n\n\n\n<figure class=\"wp-block-gallery has-nested-images columns-default is-cropped wp-block-gallery-11 is-layout-flex wp-block-gallery-is-layout-flex\">\n<figure class=\"wp-block-image size-large\"><img decoding=\"async\" loading=\"lazy\" width=\"1920\" height=\"1280\" data-id=\"27039\" src=\"https:\/\/www.diasporaportuguesa.org\/wp-content\/uploads\/2026\/03\/147_2025_18Dez_0936-1920x1280.jpg\" alt=\"\" class=\"wp-image-27039\" srcset=\"https:\/\/www.diasporaportuguesa.org\/wp-content\/uploads\/2026\/03\/147_2025_18Dez_0936-1920x1280.jpg 1920w, https:\/\/www.diasporaportuguesa.org\/wp-content\/uploads\/2026\/03\/147_2025_18Dez_0936-1055x703.jpg 1055w, https:\/\/www.diasporaportuguesa.org\/wp-content\/uploads\/2026\/03\/147_2025_18Dez_0936-768x512.jpg 768w, https:\/\/www.diasporaportuguesa.org\/wp-content\/uploads\/2026\/03\/147_2025_18Dez_0936-1536x1024.jpg 1536w, https:\/\/www.diasporaportuguesa.org\/wp-content\/uploads\/2026\/03\/147_2025_18Dez_0936-2048x1365.jpg 2048w, https:\/\/www.diasporaportuguesa.org\/wp-content\/uploads\/2026\/03\/147_2025_18Dez_0936-760x507.jpg 760w, https:\/\/www.diasporaportuguesa.org\/wp-content\/uploads\/2026\/03\/147_2025_18Dez_0936-1460x973.jpg 1460w\" sizes=\"(max-width: 1920px) 100vw, 1920px\" \/><\/figure>\n\n\n\n<figure class=\"wp-block-image size-large\"><img decoding=\"async\" loading=\"lazy\" width=\"1920\" height=\"1279\" data-id=\"26658\" src=\"https:\/\/www.diasporaportuguesa.org\/wp-content\/uploads\/2025\/12\/EncontroAnual_CDP_18Dez_0125-2-1920x1279.jpg\" alt=\"\" class=\"wp-image-26658\" srcset=\"https:\/\/www.diasporaportuguesa.org\/wp-content\/uploads\/2025\/12\/EncontroAnual_CDP_18Dez_0125-2-1920x1279.jpg 1920w, https:\/\/www.diasporaportuguesa.org\/wp-content\/uploads\/2025\/12\/EncontroAnual_CDP_18Dez_0125-2-1055x703.jpg 1055w, https:\/\/www.diasporaportuguesa.org\/wp-content\/uploads\/2025\/12\/EncontroAnual_CDP_18Dez_0125-2-768x512.jpg 768w, https:\/\/www.diasporaportuguesa.org\/wp-content\/uploads\/2025\/12\/EncontroAnual_CDP_18Dez_0125-2-1536x1023.jpg 1536w, https:\/\/www.diasporaportuguesa.org\/wp-content\/uploads\/2025\/12\/EncontroAnual_CDP_18Dez_0125-2-2048x1364.jpg 2048w, https:\/\/www.diasporaportuguesa.org\/wp-content\/uploads\/2025\/12\/EncontroAnual_CDP_18Dez_0125-2-760x506.jpg 760w, https:\/\/www.diasporaportuguesa.org\/wp-content\/uploads\/2025\/12\/EncontroAnual_CDP_18Dez_0125-2-1460x973.jpg 1460w\" sizes=\"(max-width: 1920px) 100vw, 1920px\" \/><\/figure>\n\n\n\n<figure class=\"wp-block-image size-large\"><img decoding=\"async\" loading=\"lazy\" width=\"1920\" height=\"1280\" data-id=\"26698\" src=\"https:\/\/www.diasporaportuguesa.org\/wp-content\/uploads\/2025\/12\/EncontroAnual_CDP_18Dez_0161-2-1920x1280.jpg\" alt=\"\" class=\"wp-image-26698\" srcset=\"https:\/\/www.diasporaportuguesa.org\/wp-content\/uploads\/2025\/12\/EncontroAnual_CDP_18Dez_0161-2-1920x1280.jpg 1920w, https:\/\/www.diasporaportuguesa.org\/wp-content\/uploads\/2025\/12\/EncontroAnual_CDP_18Dez_0161-2-1055x703.jpg 1055w, https:\/\/www.diasporaportuguesa.org\/wp-content\/uploads\/2025\/12\/EncontroAnual_CDP_18Dez_0161-2-768x512.jpg 768w, https:\/\/www.diasporaportuguesa.org\/wp-content\/uploads\/2025\/12\/EncontroAnual_CDP_18Dez_0161-2-1536x1024.jpg 1536w, https:\/\/www.diasporaportuguesa.org\/wp-content\/uploads\/2025\/12\/EncontroAnual_CDP_18Dez_0161-2-2048x1365.jpg 2048w, https:\/\/www.diasporaportuguesa.org\/wp-content\/uploads\/2025\/12\/EncontroAnual_CDP_18Dez_0161-2-760x507.jpg 760w, https:\/\/www.diasporaportuguesa.org\/wp-content\/uploads\/2025\/12\/EncontroAnual_CDP_18Dez_0161-2-1460x973.jpg 1460w\" sizes=\"(max-width: 1920px) 100vw, 1920px\" \/><\/figure>\n<\/figure>\n","protected":false},"excerpt":{"rendered":"The Portuguese Diaspora Council (PDC), which brings together more than 350 Portuguese councillors present in 44 countries across five continents, held the 10th edition of its Annual Meeting in Cascais under the theme \u201cThe Diaspora as Human Capital\u201d. The first day took place on 17 December 2025, in the Cantanhede Room of the Pestana Cidadela&#8230;","protected":false},"author":18,"featured_media":27030,"comment_status":"closed","ping_status":"closed","sticky":false,"template":"","format":"standard","meta":{"footnotes":""},"categories":[11],"tags":[],"acf":[],"yoast_head":"<!-- This site is optimized with the Yoast SEO plugin v21.3 - https:\/\/yoast.com\/wordpress\/plugins\/seo\/ -->\n<title>Annual Meeting 2025 - Conselho da Di\u00e1spora Portuguesa<\/title>\n<meta name=\"robots\" content=\"index, follow, max-snippet:-1, max-image-preview:large, max-video-preview:-1\" \/>\n<link rel=\"canonical\" href=\"https:\/\/www.diasporaportuguesa.org\/en\/events\/annual-meeting-2025\/\" \/>\n<meta property=\"og:locale\" content=\"en_US\" \/>\n<meta property=\"og:type\" content=\"article\" \/>\n<meta property=\"og:title\" content=\"Annual Meeting 2025 - Conselho da Di\u00e1spora Portuguesa\" \/>\n<meta property=\"og:description\" content=\"The Portuguese Diaspora Council (PDC), which brings together more than 350 Portuguese councillors present in 44 countries across five continents, held the 10th edition of its Annual Meeting in Cascais under the theme \u201cThe Diaspora as Human Capital\u201d. The first day took place on 17 December 2025, in the Cantanhede Room of the Pestana Cidadela...\" \/>\n<meta property=\"og:url\" content=\"https:\/\/www.diasporaportuguesa.org\/en\/events\/annual-meeting-2025\/\" \/>\n<meta property=\"og:site_name\" content=\"Conselho da Di\u00e1spora Portuguesa\" \/>\n<meta property=\"article:published_time\" content=\"2026-03-13T17:15:55+00:00\" \/>\n<meta property=\"article:modified_time\" content=\"2026-03-13T17:16:00+00:00\" \/>\n<meta property=\"og:image\" content=\"https:\/\/www.diasporaportuguesa.org\/wp-content\/uploads\/2026\/03\/147_2025_18Dez_1008-scaled.jpg\" \/>\n\t<meta property=\"og:image:width\" content=\"2560\" \/>\n\t<meta property=\"og:image:height\" content=\"1707\" \/>\n\t<meta property=\"og:image:type\" content=\"image\/jpeg\" \/>\n<meta name=\"author\" content=\"Barbara Ten\u00f3rio\" \/>\n<meta name=\"twitter:card\" content=\"summary_large_image\" \/>\n<meta name=\"twitter:creator\" content=\"@CdDiaspora\" \/>\n<meta name=\"twitter:site\" content=\"@CdDiaspora\" \/>\n<meta name=\"twitter:label1\" content=\"Written by\" \/>\n\t<meta name=\"twitter:data1\" content=\"Barbara Ten\u00f3rio\" \/>\n\t<meta name=\"twitter:label2\" content=\"Est. reading time\" \/>\n\t<meta name=\"twitter:data2\" content=\"8 minutes\" \/>\n<script type=\"application\/ld+json\" class=\"yoast-schema-graph\">{\"@context\":\"https:\/\/schema.org\",\"@graph\":[{\"@type\":\"Article\",\"@id\":\"https:\/\/www.diasporaportuguesa.org\/en\/events\/annual-meeting-2025\/#article\",\"isPartOf\":{\"@id\":\"https:\/\/www.diasporaportuguesa.org\/en\/events\/annual-meeting-2025\/\"},\"author\":{\"name\":\"Barbara Ten\u00f3rio\",\"@id\":\"https:\/\/www.diasporaportuguesa.org\/#\/schema\/person\/854a78f82bd63ce56f45aa771c37ff62\"},\"headline\":\"Annual Meeting 2025\",\"datePublished\":\"2026-03-13T17:15:55+00:00\",\"dateModified\":\"2026-03-13T17:16:00+00:00\",\"mainEntityOfPage\":{\"@id\":\"https:\/\/www.diasporaportuguesa.org\/en\/events\/annual-meeting-2025\/\"},\"wordCount\":751,\"publisher\":{\"@id\":\"https:\/\/www.diasporaportuguesa.org\/#organization\"},\"articleSection\":[\"Events\"],\"inLanguage\":\"en-US\"},{\"@type\":\"WebPage\",\"@id\":\"https:\/\/www.diasporaportuguesa.org\/en\/events\/annual-meeting-2025\/\",\"url\":\"https:\/\/www.diasporaportuguesa.org\/en\/events\/annual-meeting-2025\/\",\"name\":\"Annual Meeting 2025 - Conselho da Di\u00e1spora Portuguesa\",\"isPartOf\":{\"@id\":\"https:\/\/www.diasporaportuguesa.org\/#website\"},\"datePublished\":\"2026-03-13T17:15:55+00:00\",\"dateModified\":\"2026-03-13T17:16:00+00:00\",\"breadcrumb\":{\"@id\":\"https:\/\/www.diasporaportuguesa.org\/en\/events\/annual-meeting-2025\/#breadcrumb\"},\"inLanguage\":\"en-US\",\"potentialAction\":[{\"@type\":\"ReadAction\",\"target\":[\"https:\/\/www.diasporaportuguesa.org\/en\/events\/annual-meeting-2025\/\"]}]},{\"@type\":\"BreadcrumbList\",\"@id\":\"https:\/\/www.diasporaportuguesa.org\/en\/events\/annual-meeting-2025\/#breadcrumb\",\"itemListElement\":[{\"@type\":\"ListItem\",\"position\":1,\"name\":\"In\u00edcio\",\"item\":\"https:\/\/www.diasporaportuguesa.org\/en\/\"},{\"@type\":\"ListItem\",\"position\":2,\"name\":\"Events\",\"item\":\"https:\/\/www.diasporaportuguesa.org\/en\/events\/\"},{\"@type\":\"ListItem\",\"position\":3,\"name\":\"Annual Meeting 2025\"}]},{\"@type\":\"WebSite\",\"@id\":\"https:\/\/www.diasporaportuguesa.org\/#website\",\"url\":\"https:\/\/www.diasporaportuguesa.org\/\",\"name\":\"Conselho da Di\u00e1spora Portuguesa\",\"description\":\"Conselho da Di\u00e1spora Portuguesa\",\"publisher\":{\"@id\":\"https:\/\/www.diasporaportuguesa.org\/#organization\"},\"potentialAction\":[{\"@type\":\"SearchAction\",\"target\":{\"@type\":\"EntryPoint\",\"urlTemplate\":\"https:\/\/www.diasporaportuguesa.org\/?s={search_term_string}\"},\"query-input\":\"required name=search_term_string\"}],\"inLanguage\":\"en-US\"},{\"@type\":\"Organization\",\"@id\":\"https:\/\/www.diasporaportuguesa.org\/#organization\",\"name\":\"Conselho da Di\u00e1spora Portuguesa\",\"url\":\"https:\/\/www.diasporaportuguesa.org\/\",\"logo\":{\"@type\":\"ImageObject\",\"inLanguage\":\"en-US\",\"@id\":\"https:\/\/www.diasporaportuguesa.org\/#\/schema\/logo\/image\/\",\"url\":\"https:\/\/www.diasporaportuguesa.org\/wp-content\/uploads\/2022\/11\/conselho-diaspora-portuguesa.png\",\"contentUrl\":\"https:\/\/www.diasporaportuguesa.org\/wp-content\/uploads\/2022\/11\/conselho-diaspora-portuguesa.png\",\"width\":735,\"height\":216,\"caption\":\"Conselho da Di\u00e1spora Portuguesa\"},\"image\":{\"@id\":\"https:\/\/www.diasporaportuguesa.org\/#\/schema\/logo\/image\/\"},\"sameAs\":[\"https:\/\/twitter.com\/CdDiaspora\",\"https:\/\/www.linkedin.com\/company\/conselho-da-diaspora-portuguesa\/\",\"https:\/\/www.youtube.com\/channel\/UCEI8qERhtqzV1UgdITBo6rw\/videos\"]},{\"@type\":\"Person\",\"@id\":\"https:\/\/www.diasporaportuguesa.org\/#\/schema\/person\/854a78f82bd63ce56f45aa771c37ff62\",\"name\":\"Barbara Ten\u00f3rio\",\"url\":\"https:\/\/www.diasporaportuguesa.org\/en\/author\/btfdiasporaportuguesa-org\/\"}]}<\/script>\n<!-- \/ Yoast SEO plugin. -->","yoast_head_json":{"title":"Annual Meeting 2025 - Conselho da Di\u00e1spora Portuguesa","robots":{"index":"index","follow":"follow","max-snippet":"max-snippet:-1","max-image-preview":"max-image-preview:large","max-video-preview":"max-video-preview:-1"},"canonical":"https:\/\/www.diasporaportuguesa.org\/en\/events\/annual-meeting-2025\/","og_locale":"en_US","og_type":"article","og_title":"Annual Meeting 2025 - Conselho da Di\u00e1spora Portuguesa","og_description":"The Portuguese Diaspora Council (PDC), which brings together more than 350 Portuguese councillors present in 44 countries across five continents, held the 10th edition of its Annual Meeting in Cascais under the theme \u201cThe Diaspora as Human Capital\u201d. The first day took place on 17 December 2025, in the Cantanhede Room of the Pestana Cidadela...","og_url":"https:\/\/www.diasporaportuguesa.org\/en\/events\/annual-meeting-2025\/","og_site_name":"Conselho da Di\u00e1spora Portuguesa","article_published_time":"2026-03-13T17:15:55+00:00","article_modified_time":"2026-03-13T17:16:00+00:00","og_image":[{"width":2560,"height":1707,"url":"https:\/\/www.diasporaportuguesa.org\/wp-content\/uploads\/2026\/03\/147_2025_18Dez_1008-scaled.jpg","type":"image\/jpeg"}],"author":"Barbara Ten\u00f3rio","twitter_card":"summary_large_image","twitter_creator":"@CdDiaspora","twitter_site":"@CdDiaspora","twitter_misc":{"Written by":"Barbara Ten\u00f3rio","Est. reading time":"8 minutes"},"schema":{"@context":"https:\/\/schema.org","@graph":[{"@type":"Article","@id":"https:\/\/www.diasporaportuguesa.org\/en\/events\/annual-meeting-2025\/#article","isPartOf":{"@id":"https:\/\/www.diasporaportuguesa.org\/en\/events\/annual-meeting-2025\/"},"author":{"name":"Barbara Ten\u00f3rio","@id":"https:\/\/www.diasporaportuguesa.org\/#\/schema\/person\/854a78f82bd63ce56f45aa771c37ff62"},"headline":"Annual Meeting 2025","datePublished":"2026-03-13T17:15:55+00:00","dateModified":"2026-03-13T17:16:00+00:00","mainEntityOfPage":{"@id":"https:\/\/www.diasporaportuguesa.org\/en\/events\/annual-meeting-2025\/"},"wordCount":751,"publisher":{"@id":"https:\/\/www.diasporaportuguesa.org\/#organization"},"articleSection":["Events"],"inLanguage":"en-US"},{"@type":"WebPage","@id":"https:\/\/www.diasporaportuguesa.org\/en\/events\/annual-meeting-2025\/","url":"https:\/\/www.diasporaportuguesa.org\/en\/events\/annual-meeting-2025\/","name":"Annual Meeting 2025 - Conselho da Di\u00e1spora Portuguesa","isPartOf":{"@id":"https:\/\/www.diasporaportuguesa.org\/#website"},"datePublished":"2026-03-13T17:15:55+00:00","dateModified":"2026-03-13T17:16:00+00:00","breadcrumb":{"@id":"https:\/\/www.diasporaportuguesa.org\/en\/events\/annual-meeting-2025\/#breadcrumb"},"inLanguage":"en-US","potentialAction":[{"@type":"ReadAction","target":["https:\/\/www.diasporaportuguesa.org\/en\/events\/annual-meeting-2025\/"]}]},{"@type":"BreadcrumbList","@id":"https:\/\/www.diasporaportuguesa.org\/en\/events\/annual-meeting-2025\/#breadcrumb","itemListElement":[{"@type":"ListItem","position":1,"name":"In\u00edcio","item":"https:\/\/www.diasporaportuguesa.org\/en\/"},{"@type":"ListItem","position":2,"name":"Events","item":"https:\/\/www.diasporaportuguesa.org\/en\/events\/"},{"@type":"ListItem","position":3,"name":"Annual Meeting 2025"}]},{"@type":"WebSite","@id":"https:\/\/www.diasporaportuguesa.org\/#website","url":"https:\/\/www.diasporaportuguesa.org\/","name":"Conselho da Di\u00e1spora Portuguesa","description":"Conselho da Di\u00e1spora Portuguesa","publisher":{"@id":"https:\/\/www.diasporaportuguesa.org\/#organization"},"potentialAction":[{"@type":"SearchAction","target":{"@type":"EntryPoint","urlTemplate":"https:\/\/www.diasporaportuguesa.org\/?s={search_term_string}"},"query-input":"required name=search_term_string"}],"inLanguage":"en-US"},{"@type":"Organization","@id":"https:\/\/www.diasporaportuguesa.org\/#organization","name":"Conselho da Di\u00e1spora Portuguesa","url":"https:\/\/www.diasporaportuguesa.org\/","logo":{"@type":"ImageObject","inLanguage":"en-US","@id":"https:\/\/www.diasporaportuguesa.org\/#\/schema\/logo\/image\/","url":"https:\/\/www.diasporaportuguesa.org\/wp-content\/uploads\/2022\/11\/conselho-diaspora-portuguesa.png","contentUrl":"https:\/\/www.diasporaportuguesa.org\/wp-content\/uploads\/2022\/11\/conselho-diaspora-portuguesa.png","width":735,"height":216,"caption":"Conselho da Di\u00e1spora Portuguesa"},"image":{"@id":"https:\/\/www.diasporaportuguesa.org\/#\/schema\/logo\/image\/"},"sameAs":["https:\/\/twitter.com\/CdDiaspora","https:\/\/www.linkedin.com\/company\/conselho-da-diaspora-portuguesa\/","https:\/\/www.youtube.com\/channel\/UCEI8qERhtqzV1UgdITBo6rw\/videos"]},{"@type":"Person","@id":"https:\/\/www.diasporaportuguesa.org\/#\/schema\/person\/854a78f82bd63ce56f45aa771c37ff62","name":"Barbara Ten\u00f3rio","url":"https:\/\/www.diasporaportuguesa.org\/en\/author\/btfdiasporaportuguesa-org\/"}]}},"_links":{"self":[{"href":"https:\/\/www.diasporaportuguesa.org\/en\/wp-json\/wp\/v2\/posts\/27048"}],"collection":[{"href":"https:\/\/www.diasporaportuguesa.org\/en\/wp-json\/wp\/v2\/posts"}],"about":[{"href":"https:\/\/www.diasporaportuguesa.org\/en\/wp-json\/wp\/v2\/types\/post"}],"author":[{"embeddable":true,"href":"https:\/\/www.diasporaportuguesa.org\/en\/wp-json\/wp\/v2\/users\/18"}],"replies":[{"embeddable":true,"href":"https:\/\/www.diasporaportuguesa.org\/en\/wp-json\/wp\/v2\/comments?post=27048"}],"version-history":[{"count":1,"href":"https:\/\/www.diasporaportuguesa.org\/en\/wp-json\/wp\/v2\/posts\/27048\/revisions"}],"predecessor-version":[{"id":27049,"href":"https:\/\/www.diasporaportuguesa.org\/en\/wp-json\/wp\/v2\/posts\/27048\/revisions\/27049"}],"wp:featuredmedia":[{"embeddable":true,"href":"https:\/\/www.diasporaportuguesa.org\/en\/wp-json\/wp\/v2\/media\/27030"}],"wp:attachment":[{"href":"https:\/\/www.diasporaportuguesa.org\/en\/wp-json\/wp\/v2\/media?parent=27048"}],"wp:term":[{"taxonomy":"category","embeddable":true,"href":"https:\/\/www.diasporaportuguesa.org\/en\/wp-json\/wp\/v2\/categories?post=27048"},{"taxonomy":"post_tag","embeddable":true,"href":"https:\/\/www.diasporaportuguesa.org\/en\/wp-json\/wp\/v2\/tags?post=27048"}],"curies":[{"name":"wp","href":"https:\/\/api.w.org\/{rel}","templated":true}]}}