{"id":27058,"date":"2026-03-17T16:30:20","date_gmt":"2026-03-17T16:30:20","guid":{"rendered":"https:\/\/www.diasporaportuguesa.org\/?p=27058"},"modified":"2026-03-17T16:30:22","modified_gmt":"2026-03-17T16:30:22","slug":"interview-with-manuela-pardal-working-in-angola-requires-rethinking-models-jornal-de-negocios","status":"publish","type":"post","link":"https:\/\/www.diasporaportuguesa.org\/en\/news\/interview-with-manuela-pardal-working-in-angola-requires-rethinking-models-jornal-de-negocios\/","title":{"rendered":"Interview with Manuela Pardal: \u201cWorking in Angola requires rethinking models\u201d | Jornal de Neg\u00f3cios"},"content":{"rendered":"\n<p>As<strong> <\/strong>part<strong> <\/strong>of the partnership between the Portuguese Diaspora Council and Jornal de Neg\u00f3cios, Manuela Pardal, Board Member for Infrastructure, Supply Chain and IT at TAAG \u2013 Angola Airlines, and Member of the Portuguese Diaspora Council in Angola, shares an international career shaped by a commitment to new challenges and the ability to adapt to demanding environments outside Portugal. In the interview, she highlights the role of accumulated experience and the willingness to step out of the comfort zone as key drivers of professional growth, as well as the importance of active listening and understanding the local context. She underlines the advantages of the cultural and linguistic affinity between Portugal and Angola, without overlooking the challenges inherent to different operational realities. She admires the angolan energy, resilience, and human potential, advocating for cooperation based on sustainable partnerships, mutual trust, and long-term value creation between the two countries.<\/p>\n\n\n\n<p><\/p>\n\n\n\n<p><strong>1 \u2013 What led you to leave Portugal?<\/strong><br>I left Portugal in 2011, motivated by a professional challenge presented by Refriango: to develop and consolidate the company\u2019s logistics network in Angola. At the time, I already had around twenty years of experience in supply chain, gained across different business environments. The opportunity allowed me to apply that knowledge in a growing market while also testing myself in a different cultural and economic context. The decision meant stepping out of my comfort zone, but it was driven by the belief that professional growth is built through courage and openness to new horizons.<\/p>\n\n\n\n<p><strong>2 \u2013 What advantages or disadvantages have you experienced from being Portuguese?<\/strong><br>Being Portuguese in Angola has been both an advantage and a challenge. On one hand, the shared language and historical ties between the two countries made integration easier and helped build trust with colleagues and local partners. There is a natural connection between Portuguese and Angolans, reflected in genuine empathy and mutual understanding in daily professional life. On the other hand, being a foreigner requires continuous learning: understanding cultural differences, adjusting expectations, and adopting an attitude of respect and active listening. Rather than applying imported models, I learned that success comes from understanding the local context and building solutions collaboratively, adapted to Angola\u2019s reality.<\/p>\n\n\n\n<p><strong>3 \u2013 What obstacles did you have to overcome and how did you do it?<\/strong><br>The main challenges I faced were related to the structural and operational differences of the Angolan market, particularly in logistics and distribution. When I arrived, the system had limited reach, which restricted delivery coverage and frequency. A key focus was strengthening the route to market by redesigning the distribution model, reducing average delivery size and increasing frequency. This required planning, investment in training, and above all, a well-aligned and resilient team. It was a journey of overcoming challenges and a highly enriching human and professional experience.<\/p>\n\n\n\n<p><strong>4 \u2013 What do you admire most about the country you live in?<\/strong><br>What fascinates me most about Angola is the energy and vitality of its people. There is truly admirable resilience and a remarkable ability to reinvent and move forward despite adversity. This human strength is visible in many contexts: in work teams, among local entrepreneurs, and in the way people approach each day. Luanda, in particular, is an intense and dynamic city where challenges become daily opportunities. Angola has enormous potential, both economically and in human terms, and that energy inspires those who are here to contribute and grow.<\/p>\n\n\n\n<p><strong>5 \u2013 What do you admire most about your company\/organization?<\/strong><br>I admire TAAG\u2019s ability to reinvent itself and tackle complex challenges with professionalism and strong team spirit. The opening of the new Dr. Ant\u00f3nio Agostinho Neto International Airport was a remarkable example: the airport transition was carried out gradually, safely, and without impact on passengers, becoming a success case of the ORAT (Operational Readiness and Airport Transfer) project. This achievement reflects the technical rigor and excellent coordination of the teams. TAAG continues to modernize its fleet, strengthen strategic routes, and invest in training, combining tradition with a forward-looking vision.<\/p>\n\n\n\n<p><strong>6 \u2013 What recommendations would you give to Portugal and its business leaders and managers?<\/strong><br>I would recommend that Portuguese business leaders and managers look at markets like Angola not just as export destinations, but as spaces for learning and cooperation. Angola is a challenging market, but full of opportunities, where adaptability and pragmatism are essential. Working here requires rethinking models, finding creative solutions, and valuing local knowledge. The Portuguese presence can be truly distinctive if built on genuine, long-term partnerships based on trust and mutual respect. More than immediate gains, it is essential to invest in sustainable projects that create real value for both sides.<\/p>\n\n\n\n<p><strong>7 \u2013 In which sectors can Portuguese companies find clients in the country where you live?<\/strong><br>The construction and public works sector continues to offer relevant opportunities, particularly in urban rehabilitation, energy, and sanitation. In logistics and transport, there is growing demand for technological solutions, training, and consulting\u2014areas where Portugal has strong expertise. Tourism and hospitality in Angola also show significant growth potential, opening investment opportunities and benefiting from cultural affinity and Portuguese know-how. Finally, training and skills development are key areas for collaboration, with shared language and trust positioning Portugal as a privileged partner in developing Angolan talent.<\/p>\n\n\n\n<p><strong>8 \u2013 In which sectors of Portugal could companies from Angola be interested in investing?<\/strong><br>Angolan companies have shown increasing interest in investing in Portugal, particularly in tourism, real estate, energy, agribusiness, and transport. Portugal offers stability, legal certainty, and a predictable business environment, making it attractive for investment diversification. It is also a market with strong ties to Angola, providing access to experience, technology, and new markets. The future will depend on partnerships that combine capital and expertise, promoting sustainable, long-term projects.<\/p>\n\n\n\n<p><strong>9 \u2013 What competitive advantage of Angola could be replicated in Portugal?<\/strong><br>In Angola, one of the most striking features is the flexibility in dealing with unpredictability. There is a remarkable ability to make quick decisions, find solutions, and make things happen. This agility and practical mindset contrast with Portugal\u2019s tendency toward detailed planning and the pursuit of perfect solutions. In Portugal, trying to control every variable can sometimes delay execution. The lesson Angola offers is that flexibility does not oppose planning\u2014it complements it. The ability to adapt and act confidently, even without complete certainty, is essential in a changing environment.<\/p>\n\n\n\n<p><strong>10 \u2013 Do you plan to return to Portugal? Why?<\/strong><br>Yes, I do plan to return to Portugal, although without a defined timeline. At the moment, my projects in Angola remain motivating and provide a strong sense of fulfillment. I feel there is still much to build and consolidate. The return will happen naturally, when I feel the cycle is complete. It will be a transition shaped by learning and the desire to apply in Portugal everything I have experienced. More than a departure, it will be a continuation\u2014strengthening the bridges between the two countries.<\/p>\n","protected":false},"excerpt":{"rendered":"As part of the partnership between the Portuguese Diaspora Council and Jornal de Neg\u00f3cios, Manuela Pardal, Board Member for Infrastructure, Supply Chain and IT at TAAG \u2013 Angola Airlines, and Member of the Portuguese Diaspora Council in Angola, shares an international career shaped by a commitment to new challenges and the ability to adapt to&#8230;","protected":false},"author":19,"featured_media":27059,"comment_status":"closed","ping_status":"closed","sticky":false,"template":"","format":"standard","meta":{"footnotes":""},"categories":[12],"tags":[],"acf":[],"yoast_head":"<!-- This site is optimized with the Yoast SEO plugin v21.3 - https:\/\/yoast.com\/wordpress\/plugins\/seo\/ -->\n<title>Interview with Manuela Pardal: \u201cWorking in Angola requires rethinking models\u201d | Jornal de Neg\u00f3cios - Conselho da Di\u00e1spora Portuguesa<\/title>\n<meta name=\"robots\" content=\"index, follow, max-snippet:-1, max-image-preview:large, max-video-preview:-1\" \/>\n<link rel=\"canonical\" href=\"https:\/\/www.diasporaportuguesa.org\/en\/news\/interview-with-manuela-pardal-working-in-angola-requires-rethinking-models-jornal-de-negocios\/\" \/>\n<meta property=\"og:locale\" content=\"en_US\" \/>\n<meta property=\"og:type\" content=\"article\" \/>\n<meta property=\"og:title\" content=\"Interview with Manuela Pardal: \u201cWorking in Angola requires rethinking models\u201d | Jornal de Neg\u00f3cios - Conselho da Di\u00e1spora Portuguesa\" \/>\n<meta property=\"og:description\" content=\"As part of the partnership between the Portuguese Diaspora Council and Jornal de Neg\u00f3cios, Manuela Pardal, Board Member for Infrastructure, Supply Chain and IT at TAAG \u2013 Angola Airlines, and Member of the Portuguese Diaspora Council in Angola, shares an international career shaped by a commitment to new challenges and the ability to adapt to...\" \/>\n<meta property=\"og:url\" content=\"https:\/\/www.diasporaportuguesa.org\/en\/news\/interview-with-manuela-pardal-working-in-angola-requires-rethinking-models-jornal-de-negocios\/\" \/>\n<meta property=\"og:site_name\" content=\"Conselho da Di\u00e1spora Portuguesa\" \/>\n<meta property=\"article:published_time\" content=\"2026-03-17T16:30:20+00:00\" \/>\n<meta property=\"article:modified_time\" content=\"2026-03-17T16:30:22+00:00\" \/>\n<meta property=\"og:image\" content=\"https:\/\/www.diasporaportuguesa.org\/wp-content\/uploads\/2026\/03\/Foto-Manuela-Pardal-2.jpeg\" \/>\n\t<meta property=\"og:image:width\" content=\"1366\" \/>\n\t<meta property=\"og:image:height\" content=\"1366\" \/>\n\t<meta property=\"og:image:type\" content=\"image\/jpeg\" \/>\n<meta name=\"author\" content=\"Mariana Alves\" \/>\n<meta name=\"twitter:card\" content=\"summary_large_image\" \/>\n<meta name=\"twitter:creator\" content=\"@CdDiaspora\" \/>\n<meta name=\"twitter:site\" content=\"@CdDiaspora\" \/>\n<meta name=\"twitter:label1\" content=\"Written by\" \/>\n\t<meta name=\"twitter:data1\" content=\"Mariana Alves\" \/>\n\t<meta name=\"twitter:label2\" content=\"Est. reading time\" \/>\n\t<meta name=\"twitter:data2\" content=\"7 minutes\" \/>\n<script type=\"application\/ld+json\" class=\"yoast-schema-graph\">{\"@context\":\"https:\/\/schema.org\",\"@graph\":[{\"@type\":\"Article\",\"@id\":\"https:\/\/www.diasporaportuguesa.org\/en\/news\/interview-with-manuela-pardal-working-in-angola-requires-rethinking-models-jornal-de-negocios\/#article\",\"isPartOf\":{\"@id\":\"https:\/\/www.diasporaportuguesa.org\/en\/news\/interview-with-manuela-pardal-working-in-angola-requires-rethinking-models-jornal-de-negocios\/\"},\"author\":{\"name\":\"Mariana Alves\",\"@id\":\"https:\/\/www.diasporaportuguesa.org\/#\/schema\/person\/0f38f0d775d1330d513c0ef48812b910\"},\"headline\":\"Interview with Manuela Pardal: \u201cWorking in Angola requires rethinking models\u201d | Jornal de Neg\u00f3cios\",\"datePublished\":\"2026-03-17T16:30:20+00:00\",\"dateModified\":\"2026-03-17T16:30:22+00:00\",\"mainEntityOfPage\":{\"@id\":\"https:\/\/www.diasporaportuguesa.org\/en\/news\/interview-with-manuela-pardal-working-in-angola-requires-rethinking-models-jornal-de-negocios\/\"},\"wordCount\":1151,\"publisher\":{\"@id\":\"https:\/\/www.diasporaportuguesa.org\/#organization\"},\"articleSection\":[\"News\"],\"inLanguage\":\"en-US\"},{\"@type\":\"WebPage\",\"@id\":\"https:\/\/www.diasporaportuguesa.org\/en\/news\/interview-with-manuela-pardal-working-in-angola-requires-rethinking-models-jornal-de-negocios\/\",\"url\":\"https:\/\/www.diasporaportuguesa.org\/en\/news\/interview-with-manuela-pardal-working-in-angola-requires-rethinking-models-jornal-de-negocios\/\",\"name\":\"Interview with Manuela Pardal: \u201cWorking in Angola requires rethinking models\u201d | Jornal de Neg\u00f3cios - Conselho da Di\u00e1spora Portuguesa\",\"isPartOf\":{\"@id\":\"https:\/\/www.diasporaportuguesa.org\/#website\"},\"datePublished\":\"2026-03-17T16:30:20+00:00\",\"dateModified\":\"2026-03-17T16:30:22+00:00\",\"breadcrumb\":{\"@id\":\"https:\/\/www.diasporaportuguesa.org\/en\/news\/interview-with-manuela-pardal-working-in-angola-requires-rethinking-models-jornal-de-negocios\/#breadcrumb\"},\"inLanguage\":\"en-US\",\"potentialAction\":[{\"@type\":\"ReadAction\",\"target\":[\"https:\/\/www.diasporaportuguesa.org\/en\/news\/interview-with-manuela-pardal-working-in-angola-requires-rethinking-models-jornal-de-negocios\/\"]}]},{\"@type\":\"BreadcrumbList\",\"@id\":\"https:\/\/www.diasporaportuguesa.org\/en\/news\/interview-with-manuela-pardal-working-in-angola-requires-rethinking-models-jornal-de-negocios\/#breadcrumb\",\"itemListElement\":[{\"@type\":\"ListItem\",\"position\":1,\"name\":\"In\u00edcio\",\"item\":\"https:\/\/www.diasporaportuguesa.org\/en\/\"},{\"@type\":\"ListItem\",\"position\":2,\"name\":\"News\",\"item\":\"https:\/\/www.diasporaportuguesa.org\/en\/news\/\"},{\"@type\":\"ListItem\",\"position\":3,\"name\":\"Interview with Manuela Pardal: \u201cWorking in Angola requires rethinking models\u201d | Jornal de Neg\u00f3cios\"}]},{\"@type\":\"WebSite\",\"@id\":\"https:\/\/www.diasporaportuguesa.org\/#website\",\"url\":\"https:\/\/www.diasporaportuguesa.org\/\",\"name\":\"Conselho da Di\u00e1spora Portuguesa\",\"description\":\"Conselho da Di\u00e1spora Portuguesa\",\"publisher\":{\"@id\":\"https:\/\/www.diasporaportuguesa.org\/#organization\"},\"potentialAction\":[{\"@type\":\"SearchAction\",\"target\":{\"@type\":\"EntryPoint\",\"urlTemplate\":\"https:\/\/www.diasporaportuguesa.org\/?s={search_term_string}\"},\"query-input\":\"required name=search_term_string\"}],\"inLanguage\":\"en-US\"},{\"@type\":\"Organization\",\"@id\":\"https:\/\/www.diasporaportuguesa.org\/#organization\",\"name\":\"Conselho da Di\u00e1spora Portuguesa\",\"url\":\"https:\/\/www.diasporaportuguesa.org\/\",\"logo\":{\"@type\":\"ImageObject\",\"inLanguage\":\"en-US\",\"@id\":\"https:\/\/www.diasporaportuguesa.org\/#\/schema\/logo\/image\/\",\"url\":\"https:\/\/www.diasporaportuguesa.org\/wp-content\/uploads\/2022\/11\/conselho-diaspora-portuguesa.png\",\"contentUrl\":\"https:\/\/www.diasporaportuguesa.org\/wp-content\/uploads\/2022\/11\/conselho-diaspora-portuguesa.png\",\"width\":735,\"height\":216,\"caption\":\"Conselho da Di\u00e1spora Portuguesa\"},\"image\":{\"@id\":\"https:\/\/www.diasporaportuguesa.org\/#\/schema\/logo\/image\/\"},\"sameAs\":[\"https:\/\/twitter.com\/CdDiaspora\",\"https:\/\/www.linkedin.com\/company\/conselho-da-diaspora-portuguesa\/\",\"https:\/\/www.youtube.com\/channel\/UCEI8qERhtqzV1UgdITBo6rw\/videos\"]},{\"@type\":\"Person\",\"@id\":\"https:\/\/www.diasporaportuguesa.org\/#\/schema\/person\/0f38f0d775d1330d513c0ef48812b910\",\"name\":\"Mariana Alves\",\"url\":\"https:\/\/www.diasporaportuguesa.org\/en\/author\/mfadiasporaportuguesa-org\/\"}]}<\/script>\n<!-- \/ Yoast SEO plugin. -->","yoast_head_json":{"title":"Interview with Manuela Pardal: \u201cWorking in Angola requires rethinking models\u201d | Jornal de Neg\u00f3cios - Conselho da Di\u00e1spora Portuguesa","robots":{"index":"index","follow":"follow","max-snippet":"max-snippet:-1","max-image-preview":"max-image-preview:large","max-video-preview":"max-video-preview:-1"},"canonical":"https:\/\/www.diasporaportuguesa.org\/en\/news\/interview-with-manuela-pardal-working-in-angola-requires-rethinking-models-jornal-de-negocios\/","og_locale":"en_US","og_type":"article","og_title":"Interview with Manuela Pardal: \u201cWorking in Angola requires rethinking models\u201d | Jornal de Neg\u00f3cios - Conselho da Di\u00e1spora Portuguesa","og_description":"As part of the partnership between the Portuguese Diaspora Council and Jornal de Neg\u00f3cios, Manuela Pardal, Board Member for Infrastructure, Supply Chain and IT at TAAG \u2013 Angola Airlines, and Member of the Portuguese Diaspora Council in Angola, shares an international career shaped by a commitment to new challenges and the ability to adapt to...","og_url":"https:\/\/www.diasporaportuguesa.org\/en\/news\/interview-with-manuela-pardal-working-in-angola-requires-rethinking-models-jornal-de-negocios\/","og_site_name":"Conselho da Di\u00e1spora Portuguesa","article_published_time":"2026-03-17T16:30:20+00:00","article_modified_time":"2026-03-17T16:30:22+00:00","og_image":[{"width":1366,"height":1366,"url":"https:\/\/www.diasporaportuguesa.org\/wp-content\/uploads\/2026\/03\/Foto-Manuela-Pardal-2.jpeg","type":"image\/jpeg"}],"author":"Mariana Alves","twitter_card":"summary_large_image","twitter_creator":"@CdDiaspora","twitter_site":"@CdDiaspora","twitter_misc":{"Written by":"Mariana Alves","Est. reading time":"7 minutes"},"schema":{"@context":"https:\/\/schema.org","@graph":[{"@type":"Article","@id":"https:\/\/www.diasporaportuguesa.org\/en\/news\/interview-with-manuela-pardal-working-in-angola-requires-rethinking-models-jornal-de-negocios\/#article","isPartOf":{"@id":"https:\/\/www.diasporaportuguesa.org\/en\/news\/interview-with-manuela-pardal-working-in-angola-requires-rethinking-models-jornal-de-negocios\/"},"author":{"name":"Mariana Alves","@id":"https:\/\/www.diasporaportuguesa.org\/#\/schema\/person\/0f38f0d775d1330d513c0ef48812b910"},"headline":"Interview with Manuela Pardal: \u201cWorking in Angola requires rethinking models\u201d | Jornal de Neg\u00f3cios","datePublished":"2026-03-17T16:30:20+00:00","dateModified":"2026-03-17T16:30:22+00:00","mainEntityOfPage":{"@id":"https:\/\/www.diasporaportuguesa.org\/en\/news\/interview-with-manuela-pardal-working-in-angola-requires-rethinking-models-jornal-de-negocios\/"},"wordCount":1151,"publisher":{"@id":"https:\/\/www.diasporaportuguesa.org\/#organization"},"articleSection":["News"],"inLanguage":"en-US"},{"@type":"WebPage","@id":"https:\/\/www.diasporaportuguesa.org\/en\/news\/interview-with-manuela-pardal-working-in-angola-requires-rethinking-models-jornal-de-negocios\/","url":"https:\/\/www.diasporaportuguesa.org\/en\/news\/interview-with-manuela-pardal-working-in-angola-requires-rethinking-models-jornal-de-negocios\/","name":"Interview with Manuela Pardal: \u201cWorking in Angola requires rethinking models\u201d | Jornal de Neg\u00f3cios - Conselho da Di\u00e1spora Portuguesa","isPartOf":{"@id":"https:\/\/www.diasporaportuguesa.org\/#website"},"datePublished":"2026-03-17T16:30:20+00:00","dateModified":"2026-03-17T16:30:22+00:00","breadcrumb":{"@id":"https:\/\/www.diasporaportuguesa.org\/en\/news\/interview-with-manuela-pardal-working-in-angola-requires-rethinking-models-jornal-de-negocios\/#breadcrumb"},"inLanguage":"en-US","potentialAction":[{"@type":"ReadAction","target":["https:\/\/www.diasporaportuguesa.org\/en\/news\/interview-with-manuela-pardal-working-in-angola-requires-rethinking-models-jornal-de-negocios\/"]}]},{"@type":"BreadcrumbList","@id":"https:\/\/www.diasporaportuguesa.org\/en\/news\/interview-with-manuela-pardal-working-in-angola-requires-rethinking-models-jornal-de-negocios\/#breadcrumb","itemListElement":[{"@type":"ListItem","position":1,"name":"In\u00edcio","item":"https:\/\/www.diasporaportuguesa.org\/en\/"},{"@type":"ListItem","position":2,"name":"News","item":"https:\/\/www.diasporaportuguesa.org\/en\/news\/"},{"@type":"ListItem","position":3,"name":"Interview with Manuela Pardal: \u201cWorking in Angola requires rethinking models\u201d | Jornal de Neg\u00f3cios"}]},{"@type":"WebSite","@id":"https:\/\/www.diasporaportuguesa.org\/#website","url":"https:\/\/www.diasporaportuguesa.org\/","name":"Conselho da Di\u00e1spora Portuguesa","description":"Conselho da Di\u00e1spora Portuguesa","publisher":{"@id":"https:\/\/www.diasporaportuguesa.org\/#organization"},"potentialAction":[{"@type":"SearchAction","target":{"@type":"EntryPoint","urlTemplate":"https:\/\/www.diasporaportuguesa.org\/?s={search_term_string}"},"query-input":"required name=search_term_string"}],"inLanguage":"en-US"},{"@type":"Organization","@id":"https:\/\/www.diasporaportuguesa.org\/#organization","name":"Conselho da Di\u00e1spora Portuguesa","url":"https:\/\/www.diasporaportuguesa.org\/","logo":{"@type":"ImageObject","inLanguage":"en-US","@id":"https:\/\/www.diasporaportuguesa.org\/#\/schema\/logo\/image\/","url":"https:\/\/www.diasporaportuguesa.org\/wp-content\/uploads\/2022\/11\/conselho-diaspora-portuguesa.png","contentUrl":"https:\/\/www.diasporaportuguesa.org\/wp-content\/uploads\/2022\/11\/conselho-diaspora-portuguesa.png","width":735,"height":216,"caption":"Conselho da Di\u00e1spora Portuguesa"},"image":{"@id":"https:\/\/www.diasporaportuguesa.org\/#\/schema\/logo\/image\/"},"sameAs":["https:\/\/twitter.com\/CdDiaspora","https:\/\/www.linkedin.com\/company\/conselho-da-diaspora-portuguesa\/","https:\/\/www.youtube.com\/channel\/UCEI8qERhtqzV1UgdITBo6rw\/videos"]},{"@type":"Person","@id":"https:\/\/www.diasporaportuguesa.org\/#\/schema\/person\/0f38f0d775d1330d513c0ef48812b910","name":"Mariana Alves","url":"https:\/\/www.diasporaportuguesa.org\/en\/author\/mfadiasporaportuguesa-org\/"}]}},"_links":{"self":[{"href":"https:\/\/www.diasporaportuguesa.org\/en\/wp-json\/wp\/v2\/posts\/27058"}],"collection":[{"href":"https:\/\/www.diasporaportuguesa.org\/en\/wp-json\/wp\/v2\/posts"}],"about":[{"href":"https:\/\/www.diasporaportuguesa.org\/en\/wp-json\/wp\/v2\/types\/post"}],"author":[{"embeddable":true,"href":"https:\/\/www.diasporaportuguesa.org\/en\/wp-json\/wp\/v2\/users\/19"}],"replies":[{"embeddable":true,"href":"https:\/\/www.diasporaportuguesa.org\/en\/wp-json\/wp\/v2\/comments?post=27058"}],"version-history":[{"count":1,"href":"https:\/\/www.diasporaportuguesa.org\/en\/wp-json\/wp\/v2\/posts\/27058\/revisions"}],"predecessor-version":[{"id":27061,"href":"https:\/\/www.diasporaportuguesa.org\/en\/wp-json\/wp\/v2\/posts\/27058\/revisions\/27061"}],"wp:featuredmedia":[{"embeddable":true,"href":"https:\/\/www.diasporaportuguesa.org\/en\/wp-json\/wp\/v2\/media\/27059"}],"wp:attachment":[{"href":"https:\/\/www.diasporaportuguesa.org\/en\/wp-json\/wp\/v2\/media?parent=27058"}],"wp:term":[{"taxonomy":"category","embeddable":true,"href":"https:\/\/www.diasporaportuguesa.org\/en\/wp-json\/wp\/v2\/categories?post=27058"},{"taxonomy":"post_tag","embeddable":true,"href":"https:\/\/www.diasporaportuguesa.org\/en\/wp-json\/wp\/v2\/tags?post=27058"}],"curies":[{"name":"wp","href":"https:\/\/api.w.org\/{rel}","templated":true}]}}