{"id":27185,"date":"2026-04-28T10:41:43","date_gmt":"2026-04-28T10:41:43","guid":{"rendered":"https:\/\/www.diasporaportuguesa.org\/?p=27185"},"modified":"2026-04-28T11:07:29","modified_gmt":"2026-04-28T11:07:29","slug":"portuguese-diaspora-council-signs-partnership-protocol-with-cascais-municipality","status":"publish","type":"post","link":"https:\/\/www.diasporaportuguesa.org\/en\/news\/portuguese-diaspora-council-signs-partnership-protocol-with-cascais-municipality\/","title":{"rendered":"Portuguese Diaspora Council signs Partnership Protocol with Cascais Municipality"},"content":{"rendered":"\n<p>On April 27, 2026, the signing ceremony of the partnership protocol between the Portuguese Diaspora Council and the Cascais Municipality took place, reinforcing the Municipality\u2019s support for the Council\u2019s mission and work. The session was held in the Sal\u00e3o Nobre of the Town Hall and was attended by the President of the Council\u2019s Board, Ant\u00f3nio Cal\u00e7ada de S\u00e1, and Councillors of Portugal in the World, as well as the Mayor of Cascais, Nuno Piteira Lopes, and the remaining members of the municipal executive.<\/p>\n\n\n\n<p>The agreement provides for support for the Council\u2019s initiatives, such as the EurAfrican Forum and the Annual Meeting of the Portuguese Diaspora Council, as well as the continued location of the organization\u2019s headquarters in Cascais and the allocation of municipal financial support. This moment marks the continuation of a strong relationship, built over several years, based on trust, a shared vision, and commitment to Portugal.<\/p>\n\n\n\n<figure class=\"wp-block-gallery has-nested-images columns-default is-cropped wp-block-gallery-1 is-layout-flex wp-block-gallery-is-layout-flex\">\n<figure class=\"wp-block-image size-large\"><img decoding=\"async\" loading=\"lazy\" width=\"1920\" height=\"1280\" data-id=\"27177\" src=\"https:\/\/www.diasporaportuguesa.org\/wp-content\/uploads\/2026\/04\/DSC08642-1920x1280.jpg\" alt=\"\" class=\"wp-image-27177\" srcset=\"https:\/\/www.diasporaportuguesa.org\/wp-content\/uploads\/2026\/04\/DSC08642-1920x1280.jpg 1920w, https:\/\/www.diasporaportuguesa.org\/wp-content\/uploads\/2026\/04\/DSC08642-1055x703.jpg 1055w, https:\/\/www.diasporaportuguesa.org\/wp-content\/uploads\/2026\/04\/DSC08642-768x512.jpg 768w, https:\/\/www.diasporaportuguesa.org\/wp-content\/uploads\/2026\/04\/DSC08642-1536x1024.jpg 1536w, https:\/\/www.diasporaportuguesa.org\/wp-content\/uploads\/2026\/04\/DSC08642-2048x1365.jpg 2048w, https:\/\/www.diasporaportuguesa.org\/wp-content\/uploads\/2026\/04\/DSC08642-760x507.jpg 760w, https:\/\/www.diasporaportuguesa.org\/wp-content\/uploads\/2026\/04\/DSC08642-1460x973.jpg 1460w\" sizes=\"(max-width: 1920px) 100vw, 1920px\" \/><\/figure>\n\n\n\n<figure class=\"wp-block-image size-large\"><img decoding=\"async\" loading=\"lazy\" width=\"1920\" height=\"1280\" data-id=\"27179\" src=\"https:\/\/www.diasporaportuguesa.org\/wp-content\/uploads\/2026\/04\/DSC08785-1920x1280.jpg\" alt=\"\" class=\"wp-image-27179\" srcset=\"https:\/\/www.diasporaportuguesa.org\/wp-content\/uploads\/2026\/04\/DSC08785-1920x1280.jpg 1920w, https:\/\/www.diasporaportuguesa.org\/wp-content\/uploads\/2026\/04\/DSC08785-1055x703.jpg 1055w, https:\/\/www.diasporaportuguesa.org\/wp-content\/uploads\/2026\/04\/DSC08785-768x512.jpg 768w, https:\/\/www.diasporaportuguesa.org\/wp-content\/uploads\/2026\/04\/DSC08785-1536x1024.jpg 1536w, https:\/\/www.diasporaportuguesa.org\/wp-content\/uploads\/2026\/04\/DSC08785-2048x1365.jpg 2048w, https:\/\/www.diasporaportuguesa.org\/wp-content\/uploads\/2026\/04\/DSC08785-760x507.jpg 760w, https:\/\/www.diasporaportuguesa.org\/wp-content\/uploads\/2026\/04\/DSC08785-1460x973.jpg 1460w\" sizes=\"(max-width: 1920px) 100vw, 1920px\" \/><\/figure>\n\n\n\n<figure class=\"wp-block-image size-large\"><img decoding=\"async\" loading=\"lazy\" width=\"1920\" height=\"1280\" data-id=\"27181\" src=\"https:\/\/www.diasporaportuguesa.org\/wp-content\/uploads\/2026\/04\/7VI01514-1-1920x1280.jpg\" alt=\"\" class=\"wp-image-27181\" srcset=\"https:\/\/www.diasporaportuguesa.org\/wp-content\/uploads\/2026\/04\/7VI01514-1-1920x1280.jpg 1920w, https:\/\/www.diasporaportuguesa.org\/wp-content\/uploads\/2026\/04\/7VI01514-1-1055x703.jpg 1055w, https:\/\/www.diasporaportuguesa.org\/wp-content\/uploads\/2026\/04\/7VI01514-1-768x512.jpg 768w, https:\/\/www.diasporaportuguesa.org\/wp-content\/uploads\/2026\/04\/7VI01514-1-1536x1024.jpg 1536w, https:\/\/www.diasporaportuguesa.org\/wp-content\/uploads\/2026\/04\/7VI01514-1-2048x1365.jpg 2048w, https:\/\/www.diasporaportuguesa.org\/wp-content\/uploads\/2026\/04\/7VI01514-1-760x507.jpg 760w, https:\/\/www.diasporaportuguesa.org\/wp-content\/uploads\/2026\/04\/7VI01514-1-1460x973.jpg 1460w\" sizes=\"(max-width: 1920px) 100vw, 1920px\" \/><\/figure>\n<\/figure>\n","protected":false},"excerpt":{"rendered":"On April 27, 2026, the signing ceremony of the partnership protocol between the Portuguese Diaspora Council and the Cascais Municipality.","protected":false},"author":10,"featured_media":27183,"comment_status":"closed","ping_status":"closed","sticky":false,"template":"","format":"standard","meta":{"footnotes":""},"categories":[12],"tags":[],"acf":[],"yoast_head":"<!-- This site is optimized with the Yoast SEO plugin v21.3 - https:\/\/yoast.com\/wordpress\/plugins\/seo\/ -->\n<title>Portuguese Diaspora Council signs Partnership Protocol with Cascais Municipality - Conselho da Di\u00e1spora Portuguesa<\/title>\n<meta name=\"robots\" content=\"index, follow, max-snippet:-1, max-image-preview:large, max-video-preview:-1\" \/>\n<link rel=\"canonical\" href=\"https:\/\/www.diasporaportuguesa.org\/en\/news\/portuguese-diaspora-council-signs-partnership-protocol-with-cascais-municipality\/\" \/>\n<meta property=\"og:locale\" content=\"en_US\" \/>\n<meta property=\"og:type\" content=\"article\" \/>\n<meta property=\"og:title\" content=\"Portuguese Diaspora Council signs Partnership Protocol with Cascais Municipality - Conselho da Di\u00e1spora Portuguesa\" \/>\n<meta property=\"og:description\" content=\"On April 27, 2026, the signing ceremony of the partnership protocol between the Portuguese Diaspora Council and the Cascais Municipality.\" \/>\n<meta property=\"og:url\" content=\"https:\/\/www.diasporaportuguesa.org\/en\/news\/portuguese-diaspora-council-signs-partnership-protocol-with-cascais-municipality\/\" \/>\n<meta property=\"og:site_name\" content=\"Conselho da Di\u00e1spora Portuguesa\" \/>\n<meta property=\"article:published_time\" content=\"2026-04-28T10:41:43+00:00\" \/>\n<meta property=\"article:modified_time\" content=\"2026-04-28T11:07:29+00:00\" \/>\n<meta property=\"og:image\" content=\"https:\/\/www.diasporaportuguesa.org\/wp-content\/uploads\/2026\/04\/DSC08679-scaled.jpg\" \/>\n\t<meta property=\"og:image:width\" content=\"2560\" \/>\n\t<meta property=\"og:image:height\" content=\"1707\" \/>\n\t<meta property=\"og:image:type\" content=\"image\/jpeg\" \/>\n<meta name=\"author\" content=\"Diogo Silva\" \/>\n<meta name=\"twitter:card\" content=\"summary_large_image\" \/>\n<meta name=\"twitter:creator\" content=\"@CdDiaspora\" \/>\n<meta name=\"twitter:site\" content=\"@CdDiaspora\" \/>\n<meta name=\"twitter:label1\" content=\"Written by\" \/>\n\t<meta name=\"twitter:data1\" content=\"Diogo Silva\" \/>\n\t<meta name=\"twitter:label2\" content=\"Est. reading time\" \/>\n\t<meta name=\"twitter:data2\" content=\"2 minutes\" \/>\n<script type=\"application\/ld+json\" class=\"yoast-schema-graph\">{\"@context\":\"https:\/\/schema.org\",\"@graph\":[{\"@type\":\"Article\",\"@id\":\"https:\/\/www.diasporaportuguesa.org\/en\/news\/portuguese-diaspora-council-signs-partnership-protocol-with-cascais-municipality\/#article\",\"isPartOf\":{\"@id\":\"https:\/\/www.diasporaportuguesa.org\/en\/news\/portuguese-diaspora-council-signs-partnership-protocol-with-cascais-municipality\/\"},\"author\":{\"name\":\"Diogo Silva\",\"@id\":\"https:\/\/www.diasporaportuguesa.org\/#\/schema\/person\/c818e514378e26900dc5ca4ea5b9da53\"},\"headline\":\"Portuguese Diaspora Council signs Partnership Protocol with Cascais Municipality\",\"datePublished\":\"2026-04-28T10:41:43+00:00\",\"dateModified\":\"2026-04-28T11:07:29+00:00\",\"mainEntityOfPage\":{\"@id\":\"https:\/\/www.diasporaportuguesa.org\/en\/news\/portuguese-diaspora-council-signs-partnership-protocol-with-cascais-municipality\/\"},\"wordCount\":163,\"publisher\":{\"@id\":\"https:\/\/www.diasporaportuguesa.org\/#organization\"},\"articleSection\":[\"News\"],\"inLanguage\":\"en-US\"},{\"@type\":\"WebPage\",\"@id\":\"https:\/\/www.diasporaportuguesa.org\/en\/news\/portuguese-diaspora-council-signs-partnership-protocol-with-cascais-municipality\/\",\"url\":\"https:\/\/www.diasporaportuguesa.org\/en\/news\/portuguese-diaspora-council-signs-partnership-protocol-with-cascais-municipality\/\",\"name\":\"Portuguese Diaspora Council signs Partnership Protocol with Cascais Municipality - Conselho da Di\u00e1spora Portuguesa\",\"isPartOf\":{\"@id\":\"https:\/\/www.diasporaportuguesa.org\/#website\"},\"datePublished\":\"2026-04-28T10:41:43+00:00\",\"dateModified\":\"2026-04-28T11:07:29+00:00\",\"breadcrumb\":{\"@id\":\"https:\/\/www.diasporaportuguesa.org\/en\/news\/portuguese-diaspora-council-signs-partnership-protocol-with-cascais-municipality\/#breadcrumb\"},\"inLanguage\":\"en-US\",\"potentialAction\":[{\"@type\":\"ReadAction\",\"target\":[\"https:\/\/www.diasporaportuguesa.org\/en\/news\/portuguese-diaspora-council-signs-partnership-protocol-with-cascais-municipality\/\"]}]},{\"@type\":\"BreadcrumbList\",\"@id\":\"https:\/\/www.diasporaportuguesa.org\/en\/news\/portuguese-diaspora-council-signs-partnership-protocol-with-cascais-municipality\/#breadcrumb\",\"itemListElement\":[{\"@type\":\"ListItem\",\"position\":1,\"name\":\"In\u00edcio\",\"item\":\"https:\/\/www.diasporaportuguesa.org\/en\/\"},{\"@type\":\"ListItem\",\"position\":2,\"name\":\"News\",\"item\":\"https:\/\/www.diasporaportuguesa.org\/en\/news\/\"},{\"@type\":\"ListItem\",\"position\":3,\"name\":\"Portuguese Diaspora Council signs Partnership Protocol with Cascais Municipality\"}]},{\"@type\":\"WebSite\",\"@id\":\"https:\/\/www.diasporaportuguesa.org\/#website\",\"url\":\"https:\/\/www.diasporaportuguesa.org\/\",\"name\":\"Conselho da Di\u00e1spora Portuguesa\",\"description\":\"Conselho da Di\u00e1spora Portuguesa\",\"publisher\":{\"@id\":\"https:\/\/www.diasporaportuguesa.org\/#organization\"},\"potentialAction\":[{\"@type\":\"SearchAction\",\"target\":{\"@type\":\"EntryPoint\",\"urlTemplate\":\"https:\/\/www.diasporaportuguesa.org\/?s={search_term_string}\"},\"query-input\":\"required name=search_term_string\"}],\"inLanguage\":\"en-US\"},{\"@type\":\"Organization\",\"@id\":\"https:\/\/www.diasporaportuguesa.org\/#organization\",\"name\":\"Conselho da Di\u00e1spora Portuguesa\",\"url\":\"https:\/\/www.diasporaportuguesa.org\/\",\"logo\":{\"@type\":\"ImageObject\",\"inLanguage\":\"en-US\",\"@id\":\"https:\/\/www.diasporaportuguesa.org\/#\/schema\/logo\/image\/\",\"url\":\"https:\/\/www.diasporaportuguesa.org\/wp-content\/uploads\/2022\/11\/conselho-diaspora-portuguesa.png\",\"contentUrl\":\"https:\/\/www.diasporaportuguesa.org\/wp-content\/uploads\/2022\/11\/conselho-diaspora-portuguesa.png\",\"width\":735,\"height\":216,\"caption\":\"Conselho da Di\u00e1spora Portuguesa\"},\"image\":{\"@id\":\"https:\/\/www.diasporaportuguesa.org\/#\/schema\/logo\/image\/\"},\"sameAs\":[\"https:\/\/twitter.com\/CdDiaspora\",\"https:\/\/www.linkedin.com\/company\/conselho-da-diaspora-portuguesa\/\",\"https:\/\/www.youtube.com\/channel\/UCEI8qERhtqzV1UgdITBo6rw\/videos\"]},{\"@type\":\"Person\",\"@id\":\"https:\/\/www.diasporaportuguesa.org\/#\/schema\/person\/c818e514378e26900dc5ca4ea5b9da53\",\"name\":\"Diogo Silva\",\"url\":\"https:\/\/www.diasporaportuguesa.org\/en\/author\/diogo-silva\/\"}]}<\/script>\n<!-- \/ Yoast SEO plugin. -->","yoast_head_json":{"title":"Portuguese Diaspora Council signs Partnership Protocol with Cascais Municipality - Conselho da Di\u00e1spora Portuguesa","robots":{"index":"index","follow":"follow","max-snippet":"max-snippet:-1","max-image-preview":"max-image-preview:large","max-video-preview":"max-video-preview:-1"},"canonical":"https:\/\/www.diasporaportuguesa.org\/en\/news\/portuguese-diaspora-council-signs-partnership-protocol-with-cascais-municipality\/","og_locale":"en_US","og_type":"article","og_title":"Portuguese Diaspora Council signs Partnership Protocol with Cascais Municipality - Conselho da Di\u00e1spora Portuguesa","og_description":"On April 27, 2026, the signing ceremony of the partnership protocol between the Portuguese Diaspora Council and the Cascais Municipality.","og_url":"https:\/\/www.diasporaportuguesa.org\/en\/news\/portuguese-diaspora-council-signs-partnership-protocol-with-cascais-municipality\/","og_site_name":"Conselho da Di\u00e1spora Portuguesa","article_published_time":"2026-04-28T10:41:43+00:00","article_modified_time":"2026-04-28T11:07:29+00:00","og_image":[{"width":2560,"height":1707,"url":"https:\/\/www.diasporaportuguesa.org\/wp-content\/uploads\/2026\/04\/DSC08679-scaled.jpg","type":"image\/jpeg"}],"author":"Diogo Silva","twitter_card":"summary_large_image","twitter_creator":"@CdDiaspora","twitter_site":"@CdDiaspora","twitter_misc":{"Written by":"Diogo Silva","Est. reading time":"2 minutes"},"schema":{"@context":"https:\/\/schema.org","@graph":[{"@type":"Article","@id":"https:\/\/www.diasporaportuguesa.org\/en\/news\/portuguese-diaspora-council-signs-partnership-protocol-with-cascais-municipality\/#article","isPartOf":{"@id":"https:\/\/www.diasporaportuguesa.org\/en\/news\/portuguese-diaspora-council-signs-partnership-protocol-with-cascais-municipality\/"},"author":{"name":"Diogo Silva","@id":"https:\/\/www.diasporaportuguesa.org\/#\/schema\/person\/c818e514378e26900dc5ca4ea5b9da53"},"headline":"Portuguese Diaspora Council signs Partnership Protocol with Cascais Municipality","datePublished":"2026-04-28T10:41:43+00:00","dateModified":"2026-04-28T11:07:29+00:00","mainEntityOfPage":{"@id":"https:\/\/www.diasporaportuguesa.org\/en\/news\/portuguese-diaspora-council-signs-partnership-protocol-with-cascais-municipality\/"},"wordCount":163,"publisher":{"@id":"https:\/\/www.diasporaportuguesa.org\/#organization"},"articleSection":["News"],"inLanguage":"en-US"},{"@type":"WebPage","@id":"https:\/\/www.diasporaportuguesa.org\/en\/news\/portuguese-diaspora-council-signs-partnership-protocol-with-cascais-municipality\/","url":"https:\/\/www.diasporaportuguesa.org\/en\/news\/portuguese-diaspora-council-signs-partnership-protocol-with-cascais-municipality\/","name":"Portuguese Diaspora Council signs Partnership Protocol with Cascais Municipality - Conselho da Di\u00e1spora Portuguesa","isPartOf":{"@id":"https:\/\/www.diasporaportuguesa.org\/#website"},"datePublished":"2026-04-28T10:41:43+00:00","dateModified":"2026-04-28T11:07:29+00:00","breadcrumb":{"@id":"https:\/\/www.diasporaportuguesa.org\/en\/news\/portuguese-diaspora-council-signs-partnership-protocol-with-cascais-municipality\/#breadcrumb"},"inLanguage":"en-US","potentialAction":[{"@type":"ReadAction","target":["https:\/\/www.diasporaportuguesa.org\/en\/news\/portuguese-diaspora-council-signs-partnership-protocol-with-cascais-municipality\/"]}]},{"@type":"BreadcrumbList","@id":"https:\/\/www.diasporaportuguesa.org\/en\/news\/portuguese-diaspora-council-signs-partnership-protocol-with-cascais-municipality\/#breadcrumb","itemListElement":[{"@type":"ListItem","position":1,"name":"In\u00edcio","item":"https:\/\/www.diasporaportuguesa.org\/en\/"},{"@type":"ListItem","position":2,"name":"News","item":"https:\/\/www.diasporaportuguesa.org\/en\/news\/"},{"@type":"ListItem","position":3,"name":"Portuguese Diaspora Council signs Partnership Protocol with Cascais Municipality"}]},{"@type":"WebSite","@id":"https:\/\/www.diasporaportuguesa.org\/#website","url":"https:\/\/www.diasporaportuguesa.org\/","name":"Conselho da Di\u00e1spora Portuguesa","description":"Conselho da Di\u00e1spora Portuguesa","publisher":{"@id":"https:\/\/www.diasporaportuguesa.org\/#organization"},"potentialAction":[{"@type":"SearchAction","target":{"@type":"EntryPoint","urlTemplate":"https:\/\/www.diasporaportuguesa.org\/?s={search_term_string}"},"query-input":"required name=search_term_string"}],"inLanguage":"en-US"},{"@type":"Organization","@id":"https:\/\/www.diasporaportuguesa.org\/#organization","name":"Conselho da Di\u00e1spora Portuguesa","url":"https:\/\/www.diasporaportuguesa.org\/","logo":{"@type":"ImageObject","inLanguage":"en-US","@id":"https:\/\/www.diasporaportuguesa.org\/#\/schema\/logo\/image\/","url":"https:\/\/www.diasporaportuguesa.org\/wp-content\/uploads\/2022\/11\/conselho-diaspora-portuguesa.png","contentUrl":"https:\/\/www.diasporaportuguesa.org\/wp-content\/uploads\/2022\/11\/conselho-diaspora-portuguesa.png","width":735,"height":216,"caption":"Conselho da Di\u00e1spora Portuguesa"},"image":{"@id":"https:\/\/www.diasporaportuguesa.org\/#\/schema\/logo\/image\/"},"sameAs":["https:\/\/twitter.com\/CdDiaspora","https:\/\/www.linkedin.com\/company\/conselho-da-diaspora-portuguesa\/","https:\/\/www.youtube.com\/channel\/UCEI8qERhtqzV1UgdITBo6rw\/videos"]},{"@type":"Person","@id":"https:\/\/www.diasporaportuguesa.org\/#\/schema\/person\/c818e514378e26900dc5ca4ea5b9da53","name":"Diogo Silva","url":"https:\/\/www.diasporaportuguesa.org\/en\/author\/diogo-silva\/"}]}},"_links":{"self":[{"href":"https:\/\/www.diasporaportuguesa.org\/en\/wp-json\/wp\/v2\/posts\/27185"}],"collection":[{"href":"https:\/\/www.diasporaportuguesa.org\/en\/wp-json\/wp\/v2\/posts"}],"about":[{"href":"https:\/\/www.diasporaportuguesa.org\/en\/wp-json\/wp\/v2\/types\/post"}],"author":[{"embeddable":true,"href":"https:\/\/www.diasporaportuguesa.org\/en\/wp-json\/wp\/v2\/users\/10"}],"replies":[{"embeddable":true,"href":"https:\/\/www.diasporaportuguesa.org\/en\/wp-json\/wp\/v2\/comments?post=27185"}],"version-history":[{"count":3,"href":"https:\/\/www.diasporaportuguesa.org\/en\/wp-json\/wp\/v2\/posts\/27185\/revisions"}],"predecessor-version":[{"id":27191,"href":"https:\/\/www.diasporaportuguesa.org\/en\/wp-json\/wp\/v2\/posts\/27185\/revisions\/27191"}],"wp:featuredmedia":[{"embeddable":true,"href":"https:\/\/www.diasporaportuguesa.org\/en\/wp-json\/wp\/v2\/media\/27183"}],"wp:attachment":[{"href":"https:\/\/www.diasporaportuguesa.org\/en\/wp-json\/wp\/v2\/media?parent=27185"}],"wp:term":[{"taxonomy":"category","embeddable":true,"href":"https:\/\/www.diasporaportuguesa.org\/en\/wp-json\/wp\/v2\/categories?post=27185"},{"taxonomy":"post_tag","embeddable":true,"href":"https:\/\/www.diasporaportuguesa.org\/en\/wp-json\/wp\/v2\/tags?post=27185"}],"curies":[{"name":"wp","href":"https:\/\/api.w.org\/{rel}","templated":true}]}}