{"id":27221,"date":"2026-04-29T08:30:35","date_gmt":"2026-04-29T08:30:35","guid":{"rendered":"https:\/\/www.diasporaportuguesa.org\/?p=27221"},"modified":"2026-04-29T08:30:36","modified_gmt":"2026-04-29T08:30:36","slug":"interview-with-ricardo-ribeiro-it-is-necessary-to-strengthen-ambition-and-scale-jornal-de-negocios","status":"publish","type":"post","link":"https:\/\/www.diasporaportuguesa.org\/en\/news\/interview-with-ricardo-ribeiro-it-is-necessary-to-strengthen-ambition-and-scale-jornal-de-negocios\/","title":{"rendered":"Interview with Ricardo Ribeiro: &#8220;It is necessary to strengthen ambition and scale&#8221; | Jornal de Neg\u00f3cios"},"content":{"rendered":"\n<p>As part of of the partnership between the Portuguese Diaspora Council and Jornal de Neg\u00f3cios, Ricardo Ribeiro, COO at Ferpinta Mo\u00e7ambique, reflects on his professional experience in a growing international market.<\/p>\n\n\n\n<p><strong>1 \u2014 What led you to leave Portugal?<\/strong><\/p>\n\n\n\n<p>The decision was directly linked to the alignment with Ferpinta&#8217;s international expansion strategy and the opportunity to closely monitor the development of a market with high potential.<\/p>\n\n\n\n<p>Mozambique represents a demanding context, but with significant room for growth, particularly in sectors related to industry and infrastructure. The possibility of being on the ground, with a direct impact on the execution and development of the business, was decisive.<\/p>\n\n\n\n<p>On a personal level, I saw this step as an opportunity to evolve as a manager, in an environment where the ability to adapt, read context and make decisions have a direct impact on results and value creation.<\/p>\n\n\n\n<p><strong>2 \u2014 What advantages or disadvantages did the fact that you are Portuguese bring you?<\/strong><\/p>\n\n\n\n<p>In a Portuguese-speaking context, there is a clear advantage in terms of cultural proximity and ease of communication, which significantly accelerates the construction of relationships of trust and integration in different business contexts.<\/p>\n\n\n\n<p>The historical presence of Portuguese companies in Mozambique also contributes to positive recognition, facilitating access to partners, customers and already established networks. In the case of Ferpinta, this continuity between Portugal and Mozambique allowed it to consolidate its presence in a more structured and consistent way over time.<\/p>\n\n\n\n<p>On the other hand, this proximity can also create the expectation of immediate adaptation, when in reality there are relevant operational differences that require time and learning.<\/p>\n\n\n\n<p>More than nationality, the differentiating factor turns out to be consistency in execution, credibility built on the ground and the ability to deliver \u2014 and that&#8217;s where, in my experience, Portuguese professionals stand out.<\/p>\n\n\n\n<p><strong>3 \u2014 What obstacles did you have to overcome and how did you do it?<\/strong><\/p>\n\n\n\n<p>The main challenge was adapting to a different operational context, where European models are not always directly applicable. Issues such as logistics, <em>supply chain predictability<\/em>, bureaucracy, or access to resources require a more flexible and pragmatic approach.<\/p>\n\n\n\n<p>The answer was to adjust the way of working, privileging proximity to the field, speed in decision-making and the ability to continuously adapt.<\/p>\n\n\n\n<p>Another critical factor was cultural integration. Despite the common language, there are relevant differences in the way of working, communicating and managing expectations. Learning involves active listening and valuing local teams, which have a deep knowledge of the context and are essential to ensure operational effectiveness.<\/p>\n\n\n\n<p>This experience reinforces the importance of more agile management models that are less dependent on rigid structures.<\/p>\n\n\n\n<p><strong>4 \u2014 What do you admire most about the country where you are?<\/strong><\/p>\n\n\n\n<p>The structural potential of the country. Mozambique has a very relevant natural resource base and a geostrategic position that places it as an important point in the Southern African region.<\/p>\n\n\n\n<p>There is also significant room for development, which represents clear opportunities for those who are willing to invest with a medium and long-term vision, also taking on the challenges inherent in a growing market.<\/p>\n\n\n\n<p><strong>5 \u2014 What do you admire most about the company or organization where you are?<\/strong><\/p>\n\n\n\n<p>The ability to align a family business culture with a long-term strategic vision while maintaining a high degree of agility in responding to the market.<\/p>\n\n\n\n<p>There is a real commitment to people, reflected in the stability of the teams. In Mozambique, out of a universe of about 140 employees, more than 20 have been with us since the beginning of the operation, which demonstrates trust and consistency over time.<\/p>\n\n\n\n<p>At the same time, I would highlight Ferpinta&#8217;s ability to quickly adjust its strategy when market conditions change. In 2019, for example, the bar represented only about 5% to 10% of our turnover and was a segment where we acted as another operator.<\/p>\n\n\n\n<p>Faced with a downturn in the steel market, with an impact on the sale of tubes and plates, we repositioned our approach and invested more aggressively in <em>&nbsp;rod trading<\/em>, integrating it as a strategic area of the business.<\/p>\n\n\n\n<p>Today, this decision has translated into a leading position in the market, with the male representing around 50% of turnover in the domestic market.<\/p>\n\n\n\n<p>This logic of adaptation also applies to foreign markets. In periods when markets such as South Africa presented unfavorable conditions, namely due to exchange rate volatility, we strengthened geographic diversification and were proactive in entering new markets.<\/p>\n\n\n\n<p>Currently, countries such as Zimbabwe and Malawi are assumed as reference markets for the operation, highlighting the importance of a flexible and opportunity-oriented approach.<\/p>\n\n\n\n<p><strong>6 \u2014 What recommendations would you give to Portugal and its entrepreneurs and managers?<\/strong><\/p>\n\n\n\n<p>Portugal has a very solid base of talent and skills, widely recognized internationally.<\/p>\n\n\n\n<p>The experience outside the country reinforces the perception that Portuguese managers are highly competent, with strong execution capacity, resilience and adaptation to different contexts.<\/p>\n\n\n\n<p>The main recommendation is to strengthen ambition and scale. There is the capacity to compete globally, but it is important to assume this position with greater confidence, strategic vision and consistency in internationalization.<\/p>\n\n\n\n<p>In addition, the ability to adapt \u2014 often associated with &#8220;getting by&#8221; \u2014 should be seen as a structured competitive advantage, which can and should be integrated into more formal management models oriented towards sustainable growth.<\/p>\n\n\n\n<p>In an increasingly competitive global context, this combination of flexibility and rigor can be decisive.<\/p>\n\n\n\n<p><strong>7 \u2014 In which sectors of the country where you live could Portuguese companies find customers?<\/strong><\/p>\n\n\n\n<p>Mozambique presents relevant opportunities in structuring sectors such as infrastructure, energy, industry, construction and logistics, all of which are fundamental for the country&#8217;s development.<\/p>\n\n\n\n<p>In addition to these, there is growing potential in areas such as specialized technical services, industrial maintenance and technology, where Portuguese know-how can have a significant impact on modernizing processes and increasing operational efficiency.<\/p>\n\n\n\n<p>The growth of projects linked to natural resources and urban development also creates indirect opportunities in various support sectors.<\/p>\n\n\n\n<p>Companies with technical capacity, flexibility and long-term vision find in Mozambique a challenging market, but with real growth potential.<\/p>\n\n\n\n<p><strong>8 \u2014 In which sectors of Portugal could companies in the country where you live want to invest?<\/strong><\/p>\n\n\n\n<p>Portugal maintains an attractive position in the tourism and real estate sectors, supported by factors such as political stability, security and quality of life.<\/p>\n\n\n\n<p>In addition, the technology sector has been asserting itself consistently, with an increasingly competitive ecosystem, capable of attracting international investment and qualified talent.<\/p>\n\n\n\n<p>This combination of quality of life, infrastructure, and technical capacity makes the country particularly interesting for foreign investors.<\/p>\n\n\n\n<p><strong>9 \u2014 What is the competitive advantage of the country in which you live that could be replicated in Portugal?<\/strong><\/p>\n\n\n\n<p>One of the main advantages is the agility in decision-making and in the implementation of solutions.<\/p>\n\n\n\n<p>In developing markets, there is greater structural flexibility and less reliance on complex processes, which allows us to respond quickly to challenges and opportunities.<\/p>\n\n\n\n<p>This ability to simplify and focus on execution can be a relevant learning for more mature economies, where bureaucracy and procedural rigidity tend to delay decisions.<\/p>\n\n\n\n<p>It&#8217;s not about reducing demand or control, but about finding a more efficient balance between structure and agility.<\/p>\n\n\n\n<p><strong>10 \u2014 Are you thinking of returning to Portugal? Why?<\/strong><\/p>\n\n\n\n<p>In the short term, the focus is on the development of the project and the consolidation of the company&#8217;s presence in the market.<\/p>\n\n\n\n<p>We are in a phase of growth that implies not only strengthening the current position, but also moving forward with a more aggressive expansion strategy, namely through physical entry into markets such as Zimbabwe and South Africa, as well as the creation of new delegations in emerging areas within Mozambique.<\/p>\n\n\n\n<p>At the same time, we have been investing significantly in increasing the range of products, with the introduction of new equipment and more advanced technologies, which allow us to better respond to market demands and increase our competitiveness.<\/p>\n\n\n\n<p>This set of initiatives requires a continuous presence on the ground and close monitoring of operations, which, at this stage, makes a return to Portugal immediately unlikely.<\/p>\n\n\n\n<p>Even so, Portugal will always continue to be a personal and professional reference. It&#8217;s where I have my roots and where I maintain a constant connection, facilitated by the nature of the role and the mobility it allows.<\/p>\n","protected":false},"excerpt":{"rendered":"As part of the partnership between the Portuguese Diaspora Council and Jornal de Neg\u00f3cios, Ricardo Ribeiro, COO at Ferpinta Mo\u00e7ambique, reflects on his professional experience in a growing international market.","protected":false},"author":20,"featured_media":27219,"comment_status":"closed","ping_status":"closed","sticky":false,"template":"","format":"standard","meta":{"footnotes":""},"categories":[12],"tags":[],"acf":[],"yoast_head":"<!-- This site is optimized with the Yoast SEO plugin v21.3 - https:\/\/yoast.com\/wordpress\/plugins\/seo\/ -->\n<title>Interview with Ricardo Ribeiro: &quot;It is necessary to strengthen ambition and scale&quot; | Jornal de Neg\u00f3cios - Conselho da Di\u00e1spora Portuguesa<\/title>\n<meta name=\"robots\" content=\"index, follow, max-snippet:-1, max-image-preview:large, max-video-preview:-1\" \/>\n<link rel=\"canonical\" href=\"https:\/\/www.diasporaportuguesa.org\/en\/news\/interview-with-ricardo-ribeiro-it-is-necessary-to-strengthen-ambition-and-scale-jornal-de-negocios\/\" \/>\n<meta property=\"og:locale\" content=\"en_US\" \/>\n<meta property=\"og:type\" content=\"article\" \/>\n<meta property=\"og:title\" content=\"Interview with Ricardo Ribeiro: &quot;It is necessary to strengthen ambition and scale&quot; | Jornal de Neg\u00f3cios - Conselho da Di\u00e1spora Portuguesa\" \/>\n<meta property=\"og:description\" content=\"As part of the partnership between the Portuguese Diaspora Council and Jornal de Neg\u00f3cios, Ricardo Ribeiro, COO at Ferpinta Mo\u00e7ambique, reflects on his professional experience in a growing international market.\" \/>\n<meta property=\"og:url\" content=\"https:\/\/www.diasporaportuguesa.org\/en\/news\/interview-with-ricardo-ribeiro-it-is-necessary-to-strengthen-ambition-and-scale-jornal-de-negocios\/\" \/>\n<meta property=\"og:site_name\" content=\"Conselho da Di\u00e1spora Portuguesa\" \/>\n<meta property=\"article:published_time\" content=\"2026-04-29T08:30:35+00:00\" \/>\n<meta property=\"article:modified_time\" content=\"2026-04-29T08:30:36+00:00\" \/>\n<meta property=\"og:image\" content=\"https:\/\/www.diasporaportuguesa.org\/wp-content\/uploads\/2026\/04\/Ricardo-Ribeiro.jpg\" \/>\n\t<meta property=\"og:image:width\" content=\"2000\" \/>\n\t<meta property=\"og:image:height\" content=\"1735\" \/>\n\t<meta property=\"og:image:type\" content=\"image\/jpeg\" \/>\n<meta name=\"author\" content=\"Bruna Santos\" \/>\n<meta name=\"twitter:card\" content=\"summary_large_image\" \/>\n<meta name=\"twitter:creator\" content=\"@CdDiaspora\" \/>\n<meta name=\"twitter:site\" content=\"@CdDiaspora\" \/>\n<meta name=\"twitter:label1\" content=\"Written by\" \/>\n\t<meta name=\"twitter:data1\" content=\"Bruna Santos\" \/>\n\t<meta name=\"twitter:label2\" content=\"Est. reading time\" \/>\n\t<meta name=\"twitter:data2\" content=\"8 minutes\" \/>\n<script type=\"application\/ld+json\" class=\"yoast-schema-graph\">{\"@context\":\"https:\/\/schema.org\",\"@graph\":[{\"@type\":\"Article\",\"@id\":\"https:\/\/www.diasporaportuguesa.org\/en\/news\/interview-with-ricardo-ribeiro-it-is-necessary-to-strengthen-ambition-and-scale-jornal-de-negocios\/#article\",\"isPartOf\":{\"@id\":\"https:\/\/www.diasporaportuguesa.org\/en\/news\/interview-with-ricardo-ribeiro-it-is-necessary-to-strengthen-ambition-and-scale-jornal-de-negocios\/\"},\"author\":{\"name\":\"Bruna Santos\",\"@id\":\"https:\/\/www.diasporaportuguesa.org\/#\/schema\/person\/7392365b0ad9ec212088fe6f5be78b2a\"},\"headline\":\"Interview with Ricardo Ribeiro: &#8220;It is necessary to strengthen ambition and scale&#8221; | Jornal de Neg\u00f3cios\",\"datePublished\":\"2026-04-29T08:30:35+00:00\",\"dateModified\":\"2026-04-29T08:30:36+00:00\",\"mainEntityOfPage\":{\"@id\":\"https:\/\/www.diasporaportuguesa.org\/en\/news\/interview-with-ricardo-ribeiro-it-is-necessary-to-strengthen-ambition-and-scale-jornal-de-negocios\/\"},\"wordCount\":1376,\"publisher\":{\"@id\":\"https:\/\/www.diasporaportuguesa.org\/#organization\"},\"articleSection\":[\"News\"],\"inLanguage\":\"en-US\"},{\"@type\":\"WebPage\",\"@id\":\"https:\/\/www.diasporaportuguesa.org\/en\/news\/interview-with-ricardo-ribeiro-it-is-necessary-to-strengthen-ambition-and-scale-jornal-de-negocios\/\",\"url\":\"https:\/\/www.diasporaportuguesa.org\/en\/news\/interview-with-ricardo-ribeiro-it-is-necessary-to-strengthen-ambition-and-scale-jornal-de-negocios\/\",\"name\":\"Interview with Ricardo Ribeiro: \\\"It is necessary to strengthen ambition and scale\\\" | Jornal de Neg\u00f3cios - Conselho da Di\u00e1spora Portuguesa\",\"isPartOf\":{\"@id\":\"https:\/\/www.diasporaportuguesa.org\/#website\"},\"datePublished\":\"2026-04-29T08:30:35+00:00\",\"dateModified\":\"2026-04-29T08:30:36+00:00\",\"breadcrumb\":{\"@id\":\"https:\/\/www.diasporaportuguesa.org\/en\/news\/interview-with-ricardo-ribeiro-it-is-necessary-to-strengthen-ambition-and-scale-jornal-de-negocios\/#breadcrumb\"},\"inLanguage\":\"en-US\",\"potentialAction\":[{\"@type\":\"ReadAction\",\"target\":[\"https:\/\/www.diasporaportuguesa.org\/en\/news\/interview-with-ricardo-ribeiro-it-is-necessary-to-strengthen-ambition-and-scale-jornal-de-negocios\/\"]}]},{\"@type\":\"BreadcrumbList\",\"@id\":\"https:\/\/www.diasporaportuguesa.org\/en\/news\/interview-with-ricardo-ribeiro-it-is-necessary-to-strengthen-ambition-and-scale-jornal-de-negocios\/#breadcrumb\",\"itemListElement\":[{\"@type\":\"ListItem\",\"position\":1,\"name\":\"In\u00edcio\",\"item\":\"https:\/\/www.diasporaportuguesa.org\/en\/\"},{\"@type\":\"ListItem\",\"position\":2,\"name\":\"News\",\"item\":\"https:\/\/www.diasporaportuguesa.org\/en\/news\/\"},{\"@type\":\"ListItem\",\"position\":3,\"name\":\"Interview with Ricardo Ribeiro: &#8220;It is necessary to strengthen ambition and scale&#8221; | Jornal de Neg\u00f3cios\"}]},{\"@type\":\"WebSite\",\"@id\":\"https:\/\/www.diasporaportuguesa.org\/#website\",\"url\":\"https:\/\/www.diasporaportuguesa.org\/\",\"name\":\"Conselho da Di\u00e1spora Portuguesa\",\"description\":\"Conselho da Di\u00e1spora Portuguesa\",\"publisher\":{\"@id\":\"https:\/\/www.diasporaportuguesa.org\/#organization\"},\"potentialAction\":[{\"@type\":\"SearchAction\",\"target\":{\"@type\":\"EntryPoint\",\"urlTemplate\":\"https:\/\/www.diasporaportuguesa.org\/?s={search_term_string}\"},\"query-input\":\"required name=search_term_string\"}],\"inLanguage\":\"en-US\"},{\"@type\":\"Organization\",\"@id\":\"https:\/\/www.diasporaportuguesa.org\/#organization\",\"name\":\"Conselho da Di\u00e1spora Portuguesa\",\"url\":\"https:\/\/www.diasporaportuguesa.org\/\",\"logo\":{\"@type\":\"ImageObject\",\"inLanguage\":\"en-US\",\"@id\":\"https:\/\/www.diasporaportuguesa.org\/#\/schema\/logo\/image\/\",\"url\":\"https:\/\/www.diasporaportuguesa.org\/wp-content\/uploads\/2022\/11\/conselho-diaspora-portuguesa.png\",\"contentUrl\":\"https:\/\/www.diasporaportuguesa.org\/wp-content\/uploads\/2022\/11\/conselho-diaspora-portuguesa.png\",\"width\":735,\"height\":216,\"caption\":\"Conselho da Di\u00e1spora Portuguesa\"},\"image\":{\"@id\":\"https:\/\/www.diasporaportuguesa.org\/#\/schema\/logo\/image\/\"},\"sameAs\":[\"https:\/\/twitter.com\/CdDiaspora\",\"https:\/\/www.linkedin.com\/company\/conselho-da-diaspora-portuguesa\/\",\"https:\/\/www.youtube.com\/channel\/UCEI8qERhtqzV1UgdITBo6rw\/videos\"]},{\"@type\":\"Person\",\"@id\":\"https:\/\/www.diasporaportuguesa.org\/#\/schema\/person\/7392365b0ad9ec212088fe6f5be78b2a\",\"name\":\"Bruna Santos\",\"url\":\"https:\/\/www.diasporaportuguesa.org\/en\/author\/basdiasporaportuguesa-org\/\"}]}<\/script>\n<!-- \/ Yoast SEO plugin. -->","yoast_head_json":{"title":"Interview with Ricardo Ribeiro: \"It is necessary to strengthen ambition and scale\" | Jornal de Neg\u00f3cios - Conselho da Di\u00e1spora Portuguesa","robots":{"index":"index","follow":"follow","max-snippet":"max-snippet:-1","max-image-preview":"max-image-preview:large","max-video-preview":"max-video-preview:-1"},"canonical":"https:\/\/www.diasporaportuguesa.org\/en\/news\/interview-with-ricardo-ribeiro-it-is-necessary-to-strengthen-ambition-and-scale-jornal-de-negocios\/","og_locale":"en_US","og_type":"article","og_title":"Interview with Ricardo Ribeiro: \"It is necessary to strengthen ambition and scale\" | Jornal de Neg\u00f3cios - Conselho da Di\u00e1spora Portuguesa","og_description":"As part of the partnership between the Portuguese Diaspora Council and Jornal de Neg\u00f3cios, Ricardo Ribeiro, COO at Ferpinta Mo\u00e7ambique, reflects on his professional experience in a growing international market.","og_url":"https:\/\/www.diasporaportuguesa.org\/en\/news\/interview-with-ricardo-ribeiro-it-is-necessary-to-strengthen-ambition-and-scale-jornal-de-negocios\/","og_site_name":"Conselho da Di\u00e1spora Portuguesa","article_published_time":"2026-04-29T08:30:35+00:00","article_modified_time":"2026-04-29T08:30:36+00:00","og_image":[{"width":2000,"height":1735,"url":"https:\/\/www.diasporaportuguesa.org\/wp-content\/uploads\/2026\/04\/Ricardo-Ribeiro.jpg","type":"image\/jpeg"}],"author":"Bruna Santos","twitter_card":"summary_large_image","twitter_creator":"@CdDiaspora","twitter_site":"@CdDiaspora","twitter_misc":{"Written by":"Bruna Santos","Est. reading time":"8 minutes"},"schema":{"@context":"https:\/\/schema.org","@graph":[{"@type":"Article","@id":"https:\/\/www.diasporaportuguesa.org\/en\/news\/interview-with-ricardo-ribeiro-it-is-necessary-to-strengthen-ambition-and-scale-jornal-de-negocios\/#article","isPartOf":{"@id":"https:\/\/www.diasporaportuguesa.org\/en\/news\/interview-with-ricardo-ribeiro-it-is-necessary-to-strengthen-ambition-and-scale-jornal-de-negocios\/"},"author":{"name":"Bruna Santos","@id":"https:\/\/www.diasporaportuguesa.org\/#\/schema\/person\/7392365b0ad9ec212088fe6f5be78b2a"},"headline":"Interview with Ricardo Ribeiro: &#8220;It is necessary to strengthen ambition and scale&#8221; | Jornal de Neg\u00f3cios","datePublished":"2026-04-29T08:30:35+00:00","dateModified":"2026-04-29T08:30:36+00:00","mainEntityOfPage":{"@id":"https:\/\/www.diasporaportuguesa.org\/en\/news\/interview-with-ricardo-ribeiro-it-is-necessary-to-strengthen-ambition-and-scale-jornal-de-negocios\/"},"wordCount":1376,"publisher":{"@id":"https:\/\/www.diasporaportuguesa.org\/#organization"},"articleSection":["News"],"inLanguage":"en-US"},{"@type":"WebPage","@id":"https:\/\/www.diasporaportuguesa.org\/en\/news\/interview-with-ricardo-ribeiro-it-is-necessary-to-strengthen-ambition-and-scale-jornal-de-negocios\/","url":"https:\/\/www.diasporaportuguesa.org\/en\/news\/interview-with-ricardo-ribeiro-it-is-necessary-to-strengthen-ambition-and-scale-jornal-de-negocios\/","name":"Interview with Ricardo Ribeiro: \"It is necessary to strengthen ambition and scale\" | Jornal de Neg\u00f3cios - Conselho da Di\u00e1spora Portuguesa","isPartOf":{"@id":"https:\/\/www.diasporaportuguesa.org\/#website"},"datePublished":"2026-04-29T08:30:35+00:00","dateModified":"2026-04-29T08:30:36+00:00","breadcrumb":{"@id":"https:\/\/www.diasporaportuguesa.org\/en\/news\/interview-with-ricardo-ribeiro-it-is-necessary-to-strengthen-ambition-and-scale-jornal-de-negocios\/#breadcrumb"},"inLanguage":"en-US","potentialAction":[{"@type":"ReadAction","target":["https:\/\/www.diasporaportuguesa.org\/en\/news\/interview-with-ricardo-ribeiro-it-is-necessary-to-strengthen-ambition-and-scale-jornal-de-negocios\/"]}]},{"@type":"BreadcrumbList","@id":"https:\/\/www.diasporaportuguesa.org\/en\/news\/interview-with-ricardo-ribeiro-it-is-necessary-to-strengthen-ambition-and-scale-jornal-de-negocios\/#breadcrumb","itemListElement":[{"@type":"ListItem","position":1,"name":"In\u00edcio","item":"https:\/\/www.diasporaportuguesa.org\/en\/"},{"@type":"ListItem","position":2,"name":"News","item":"https:\/\/www.diasporaportuguesa.org\/en\/news\/"},{"@type":"ListItem","position":3,"name":"Interview with Ricardo Ribeiro: &#8220;It is necessary to strengthen ambition and scale&#8221; | Jornal de Neg\u00f3cios"}]},{"@type":"WebSite","@id":"https:\/\/www.diasporaportuguesa.org\/#website","url":"https:\/\/www.diasporaportuguesa.org\/","name":"Conselho da Di\u00e1spora Portuguesa","description":"Conselho da Di\u00e1spora Portuguesa","publisher":{"@id":"https:\/\/www.diasporaportuguesa.org\/#organization"},"potentialAction":[{"@type":"SearchAction","target":{"@type":"EntryPoint","urlTemplate":"https:\/\/www.diasporaportuguesa.org\/?s={search_term_string}"},"query-input":"required name=search_term_string"}],"inLanguage":"en-US"},{"@type":"Organization","@id":"https:\/\/www.diasporaportuguesa.org\/#organization","name":"Conselho da Di\u00e1spora Portuguesa","url":"https:\/\/www.diasporaportuguesa.org\/","logo":{"@type":"ImageObject","inLanguage":"en-US","@id":"https:\/\/www.diasporaportuguesa.org\/#\/schema\/logo\/image\/","url":"https:\/\/www.diasporaportuguesa.org\/wp-content\/uploads\/2022\/11\/conselho-diaspora-portuguesa.png","contentUrl":"https:\/\/www.diasporaportuguesa.org\/wp-content\/uploads\/2022\/11\/conselho-diaspora-portuguesa.png","width":735,"height":216,"caption":"Conselho da Di\u00e1spora Portuguesa"},"image":{"@id":"https:\/\/www.diasporaportuguesa.org\/#\/schema\/logo\/image\/"},"sameAs":["https:\/\/twitter.com\/CdDiaspora","https:\/\/www.linkedin.com\/company\/conselho-da-diaspora-portuguesa\/","https:\/\/www.youtube.com\/channel\/UCEI8qERhtqzV1UgdITBo6rw\/videos"]},{"@type":"Person","@id":"https:\/\/www.diasporaportuguesa.org\/#\/schema\/person\/7392365b0ad9ec212088fe6f5be78b2a","name":"Bruna Santos","url":"https:\/\/www.diasporaportuguesa.org\/en\/author\/basdiasporaportuguesa-org\/"}]}},"_links":{"self":[{"href":"https:\/\/www.diasporaportuguesa.org\/en\/wp-json\/wp\/v2\/posts\/27221"}],"collection":[{"href":"https:\/\/www.diasporaportuguesa.org\/en\/wp-json\/wp\/v2\/posts"}],"about":[{"href":"https:\/\/www.diasporaportuguesa.org\/en\/wp-json\/wp\/v2\/types\/post"}],"author":[{"embeddable":true,"href":"https:\/\/www.diasporaportuguesa.org\/en\/wp-json\/wp\/v2\/users\/20"}],"replies":[{"embeddable":true,"href":"https:\/\/www.diasporaportuguesa.org\/en\/wp-json\/wp\/v2\/comments?post=27221"}],"version-history":[{"count":3,"href":"https:\/\/www.diasporaportuguesa.org\/en\/wp-json\/wp\/v2\/posts\/27221\/revisions"}],"predecessor-version":[{"id":27224,"href":"https:\/\/www.diasporaportuguesa.org\/en\/wp-json\/wp\/v2\/posts\/27221\/revisions\/27224"}],"wp:featuredmedia":[{"embeddable":true,"href":"https:\/\/www.diasporaportuguesa.org\/en\/wp-json\/wp\/v2\/media\/27219"}],"wp:attachment":[{"href":"https:\/\/www.diasporaportuguesa.org\/en\/wp-json\/wp\/v2\/media?parent=27221"}],"wp:term":[{"taxonomy":"category","embeddable":true,"href":"https:\/\/www.diasporaportuguesa.org\/en\/wp-json\/wp\/v2\/categories?post=27221"},{"taxonomy":"post_tag","embeddable":true,"href":"https:\/\/www.diasporaportuguesa.org\/en\/wp-json\/wp\/v2\/tags?post=27221"}],"curies":[{"name":"wp","href":"https:\/\/api.w.org\/{rel}","templated":true}]}}