{"id":413,"date":"2018-05-07T00:00:00","date_gmt":"2018-05-07T00:00:00","guid":{"rendered":"https:\/\/www.diasporaportuguesa.org\/goncalo-terenas-in-a-business-forum-china\/"},"modified":"2022-12-22T16:29:12","modified_gmt":"2022-12-22T16:29:12","slug":"goncalo-terenas-in-a-business-forum-china","status":"publish","type":"post","link":"https:\/\/www.diasporaportuguesa.org\/en\/news\/goncalo-terenas-in-a-business-forum-china\/","title":{"rendered":"Gon\u00e7alo Terenas in a Business Forum"},"content":{"rendered":"<p>Gon\u00e7alo Terenas, institutional and business representative of the Portuguese diaspora, at Forum Smart Manufacturing German City, in China, that took place in January 23th.<!--more--><\/p>\n<p>By invitation from RONE Group and Chongqing Government (China), the CEO of Senegal Business Cluster, Gon\u00e7alo Terenas (and Counsellor of Portugal in the World), was present in the Smart Manufacturing German City Forum, in the past 23<sup>rd<\/sup> January 2018, in Chongqing, China.<\/p>\n<p>His participation was made in the quality of business and institutional representation of the Portuguese diaspora, having as main goal to identify investment opportunities for the Portuguese market and still the creation of preliminary agreements with the aim of developing an institutional cooperation between both countries.<\/p>\n<p>Incorporated in the official delegation of this Forum, the CEO of Senegal Business Cluster shared some of his business initiatives between Portuguese companies and the Chinese market, where highlights the Portuguese Food Cluster and the SIP \u2013 Sal\u00e3o Internacional Portugu\u00eas, an exhibition of quality national products planned to happen in Macau and Chongqing between 2018 and 2019.<\/p>\n<p>The initiative still included in the program the presentation of the Services Platform for the Comercial Cooperation between China and the Countries of Portuguese Language, which was presented by IPIM\u2019s Director, Ant\u00f3nio Lei.<\/p>\n<p><em>By Portuguese Diaspora Council, February 2018<\/em><\/p>\n","protected":false},"excerpt":{"rendered":"Gon\u00e7alo Terenas, institutional and business representative of the Portuguese diaspora, at Forum Smart Manufacturing German City, in China, that took place in January 23th.","protected":false},"author":1,"featured_media":11374,"comment_status":"open","ping_status":"open","sticky":false,"template":"","format":"standard","meta":{"footnotes":""},"categories":[12],"tags":[],"acf":[],"yoast_head":"<!-- This site is optimized with the Yoast SEO plugin v21.3 - https:\/\/yoast.com\/wordpress\/plugins\/seo\/ -->\n<title>Gon\u00e7alo Terenas in a Business Forum - Conselho da Di\u00e1spora Portuguesa<\/title>\n<meta name=\"robots\" content=\"index, follow, max-snippet:-1, max-image-preview:large, max-video-preview:-1\" \/>\n<link rel=\"canonical\" href=\"https:\/\/www.diasporaportuguesa.org\/en\/news\/goncalo-terenas-in-a-business-forum-china\/\" \/>\n<meta property=\"og:locale\" content=\"en_US\" \/>\n<meta property=\"og:type\" content=\"article\" \/>\n<meta property=\"og:title\" content=\"Gon\u00e7alo Terenas in a Business Forum - Conselho da Di\u00e1spora Portuguesa\" \/>\n<meta property=\"og:description\" content=\"Gon\u00e7alo Terenas, institutional and business representative of the Portuguese diaspora, at Forum Smart Manufacturing German City, in China, that took place in January 23th.\" \/>\n<meta property=\"og:url\" content=\"https:\/\/www.diasporaportuguesa.org\/en\/news\/goncalo-terenas-in-a-business-forum-china\/\" \/>\n<meta property=\"og:site_name\" content=\"Conselho da Di\u00e1spora Portuguesa\" \/>\n<meta property=\"article:published_time\" content=\"2018-05-07T00:00:00+00:00\" \/>\n<meta property=\"article:modified_time\" content=\"2022-12-22T16:29:12+00:00\" \/>\n<meta property=\"og:image\" content=\"https:\/\/www.diasporaportuguesa.org\/wp-content\/uploads\/2018\/05\/GoncaloChina-1.jpg\" \/>\n\t<meta property=\"og:image:width\" content=\"325\" \/>\n\t<meta property=\"og:image:height\" content=\"257\" \/>\n\t<meta property=\"og:image:type\" content=\"image\/jpeg\" \/>\n<meta name=\"author\" content=\"admin\" \/>\n<meta name=\"twitter:card\" content=\"summary_large_image\" \/>\n<meta name=\"twitter:creator\" content=\"@CdDiaspora\" \/>\n<meta name=\"twitter:site\" content=\"@CdDiaspora\" \/>\n<meta name=\"twitter:label1\" content=\"Written by\" \/>\n\t<meta name=\"twitter:data1\" content=\"admin\" \/>\n\t<meta name=\"twitter:label2\" content=\"Est. reading time\" \/>\n\t<meta name=\"twitter:data2\" content=\"2 minutes\" \/>\n<script type=\"application\/ld+json\" class=\"yoast-schema-graph\">{\"@context\":\"https:\/\/schema.org\",\"@graph\":[{\"@type\":\"Article\",\"@id\":\"https:\/\/www.diasporaportuguesa.org\/en\/news\/goncalo-terenas-in-a-business-forum-china\/#article\",\"isPartOf\":{\"@id\":\"https:\/\/www.diasporaportuguesa.org\/en\/news\/goncalo-terenas-in-a-business-forum-china\/\"},\"author\":{\"name\":\"admin\",\"@id\":\"https:\/\/www.diasporaportuguesa.org\/#\/schema\/person\/b696455d87726d2d3e73d75428ac7fe9\"},\"headline\":\"Gon\u00e7alo Terenas in a Business Forum\",\"datePublished\":\"2018-05-07T00:00:00+00:00\",\"dateModified\":\"2022-12-22T16:29:12+00:00\",\"mainEntityOfPage\":{\"@id\":\"https:\/\/www.diasporaportuguesa.org\/en\/news\/goncalo-terenas-in-a-business-forum-china\/\"},\"wordCount\":216,\"commentCount\":0,\"publisher\":{\"@id\":\"https:\/\/www.diasporaportuguesa.org\/#organization\"},\"articleSection\":[\"News\"],\"inLanguage\":\"en-US\",\"potentialAction\":[{\"@type\":\"CommentAction\",\"name\":\"Comment\",\"target\":[\"https:\/\/www.diasporaportuguesa.org\/en\/news\/goncalo-terenas-in-a-business-forum-china\/#respond\"]}]},{\"@type\":\"WebPage\",\"@id\":\"https:\/\/www.diasporaportuguesa.org\/en\/news\/goncalo-terenas-in-a-business-forum-china\/\",\"url\":\"https:\/\/www.diasporaportuguesa.org\/en\/news\/goncalo-terenas-in-a-business-forum-china\/\",\"name\":\"Gon\u00e7alo Terenas in a Business Forum - Conselho da Di\u00e1spora Portuguesa\",\"isPartOf\":{\"@id\":\"https:\/\/www.diasporaportuguesa.org\/#website\"},\"datePublished\":\"2018-05-07T00:00:00+00:00\",\"dateModified\":\"2022-12-22T16:29:12+00:00\",\"breadcrumb\":{\"@id\":\"https:\/\/www.diasporaportuguesa.org\/en\/news\/goncalo-terenas-in-a-business-forum-china\/#breadcrumb\"},\"inLanguage\":\"en-US\",\"potentialAction\":[{\"@type\":\"ReadAction\",\"target\":[\"https:\/\/www.diasporaportuguesa.org\/en\/news\/goncalo-terenas-in-a-business-forum-china\/\"]}]},{\"@type\":\"BreadcrumbList\",\"@id\":\"https:\/\/www.diasporaportuguesa.org\/en\/news\/goncalo-terenas-in-a-business-forum-china\/#breadcrumb\",\"itemListElement\":[{\"@type\":\"ListItem\",\"position\":1,\"name\":\"In\u00edcio\",\"item\":\"https:\/\/www.diasporaportuguesa.org\/en\/\"},{\"@type\":\"ListItem\",\"position\":2,\"name\":\"News\",\"item\":\"https:\/\/www.diasporaportuguesa.org\/en\/news\/\"},{\"@type\":\"ListItem\",\"position\":3,\"name\":\"Gon\u00e7alo Terenas in a Business Forum\"}]},{\"@type\":\"WebSite\",\"@id\":\"https:\/\/www.diasporaportuguesa.org\/#website\",\"url\":\"https:\/\/www.diasporaportuguesa.org\/\",\"name\":\"Conselho da Di\u00e1spora Portuguesa\",\"description\":\"Conselho da Di\u00e1spora Portuguesa\",\"publisher\":{\"@id\":\"https:\/\/www.diasporaportuguesa.org\/#organization\"},\"potentialAction\":[{\"@type\":\"SearchAction\",\"target\":{\"@type\":\"EntryPoint\",\"urlTemplate\":\"https:\/\/www.diasporaportuguesa.org\/?s={search_term_string}\"},\"query-input\":\"required name=search_term_string\"}],\"inLanguage\":\"en-US\"},{\"@type\":\"Organization\",\"@id\":\"https:\/\/www.diasporaportuguesa.org\/#organization\",\"name\":\"Conselho da Di\u00e1spora Portuguesa\",\"url\":\"https:\/\/www.diasporaportuguesa.org\/\",\"logo\":{\"@type\":\"ImageObject\",\"inLanguage\":\"en-US\",\"@id\":\"https:\/\/www.diasporaportuguesa.org\/#\/schema\/logo\/image\/\",\"url\":\"https:\/\/www.diasporaportuguesa.org\/wp-content\/uploads\/2022\/11\/conselho-diaspora-portuguesa.png\",\"contentUrl\":\"https:\/\/www.diasporaportuguesa.org\/wp-content\/uploads\/2022\/11\/conselho-diaspora-portuguesa.png\",\"width\":735,\"height\":216,\"caption\":\"Conselho da Di\u00e1spora Portuguesa\"},\"image\":{\"@id\":\"https:\/\/www.diasporaportuguesa.org\/#\/schema\/logo\/image\/\"},\"sameAs\":[\"https:\/\/twitter.com\/CdDiaspora\",\"https:\/\/www.linkedin.com\/company\/conselho-da-diaspora-portuguesa\/\",\"https:\/\/www.youtube.com\/channel\/UCEI8qERhtqzV1UgdITBo6rw\/videos\"]},{\"@type\":\"Person\",\"@id\":\"https:\/\/www.diasporaportuguesa.org\/#\/schema\/person\/b696455d87726d2d3e73d75428ac7fe9\",\"name\":\"admin\",\"sameAs\":[\"https:\/\/www.diasporaportuguesa.org\"],\"url\":\"https:\/\/www.diasporaportuguesa.org\/en\/author\/admin\/\"}]}<\/script>\n<!-- \/ Yoast SEO plugin. -->","yoast_head_json":{"title":"Gon\u00e7alo Terenas in a Business Forum - Conselho da Di\u00e1spora Portuguesa","robots":{"index":"index","follow":"follow","max-snippet":"max-snippet:-1","max-image-preview":"max-image-preview:large","max-video-preview":"max-video-preview:-1"},"canonical":"https:\/\/www.diasporaportuguesa.org\/en\/news\/goncalo-terenas-in-a-business-forum-china\/","og_locale":"en_US","og_type":"article","og_title":"Gon\u00e7alo Terenas in a Business Forum - Conselho da Di\u00e1spora Portuguesa","og_description":"Gon\u00e7alo Terenas, institutional and business representative of the Portuguese diaspora, at Forum Smart Manufacturing German City, in China, that took place in January 23th.","og_url":"https:\/\/www.diasporaportuguesa.org\/en\/news\/goncalo-terenas-in-a-business-forum-china\/","og_site_name":"Conselho da Di\u00e1spora Portuguesa","article_published_time":"2018-05-07T00:00:00+00:00","article_modified_time":"2022-12-22T16:29:12+00:00","og_image":[{"width":325,"height":257,"url":"https:\/\/www.diasporaportuguesa.org\/wp-content\/uploads\/2018\/05\/GoncaloChina-1.jpg","type":"image\/jpeg"}],"author":"admin","twitter_card":"summary_large_image","twitter_creator":"@CdDiaspora","twitter_site":"@CdDiaspora","twitter_misc":{"Written by":"admin","Est. reading time":"2 minutes"},"schema":{"@context":"https:\/\/schema.org","@graph":[{"@type":"Article","@id":"https:\/\/www.diasporaportuguesa.org\/en\/news\/goncalo-terenas-in-a-business-forum-china\/#article","isPartOf":{"@id":"https:\/\/www.diasporaportuguesa.org\/en\/news\/goncalo-terenas-in-a-business-forum-china\/"},"author":{"name":"admin","@id":"https:\/\/www.diasporaportuguesa.org\/#\/schema\/person\/b696455d87726d2d3e73d75428ac7fe9"},"headline":"Gon\u00e7alo Terenas in a Business Forum","datePublished":"2018-05-07T00:00:00+00:00","dateModified":"2022-12-22T16:29:12+00:00","mainEntityOfPage":{"@id":"https:\/\/www.diasporaportuguesa.org\/en\/news\/goncalo-terenas-in-a-business-forum-china\/"},"wordCount":216,"commentCount":0,"publisher":{"@id":"https:\/\/www.diasporaportuguesa.org\/#organization"},"articleSection":["News"],"inLanguage":"en-US","potentialAction":[{"@type":"CommentAction","name":"Comment","target":["https:\/\/www.diasporaportuguesa.org\/en\/news\/goncalo-terenas-in-a-business-forum-china\/#respond"]}]},{"@type":"WebPage","@id":"https:\/\/www.diasporaportuguesa.org\/en\/news\/goncalo-terenas-in-a-business-forum-china\/","url":"https:\/\/www.diasporaportuguesa.org\/en\/news\/goncalo-terenas-in-a-business-forum-china\/","name":"Gon\u00e7alo Terenas in a Business Forum - Conselho da Di\u00e1spora Portuguesa","isPartOf":{"@id":"https:\/\/www.diasporaportuguesa.org\/#website"},"datePublished":"2018-05-07T00:00:00+00:00","dateModified":"2022-12-22T16:29:12+00:00","breadcrumb":{"@id":"https:\/\/www.diasporaportuguesa.org\/en\/news\/goncalo-terenas-in-a-business-forum-china\/#breadcrumb"},"inLanguage":"en-US","potentialAction":[{"@type":"ReadAction","target":["https:\/\/www.diasporaportuguesa.org\/en\/news\/goncalo-terenas-in-a-business-forum-china\/"]}]},{"@type":"BreadcrumbList","@id":"https:\/\/www.diasporaportuguesa.org\/en\/news\/goncalo-terenas-in-a-business-forum-china\/#breadcrumb","itemListElement":[{"@type":"ListItem","position":1,"name":"In\u00edcio","item":"https:\/\/www.diasporaportuguesa.org\/en\/"},{"@type":"ListItem","position":2,"name":"News","item":"https:\/\/www.diasporaportuguesa.org\/en\/news\/"},{"@type":"ListItem","position":3,"name":"Gon\u00e7alo Terenas in a Business Forum"}]},{"@type":"WebSite","@id":"https:\/\/www.diasporaportuguesa.org\/#website","url":"https:\/\/www.diasporaportuguesa.org\/","name":"Conselho da Di\u00e1spora Portuguesa","description":"Conselho da Di\u00e1spora Portuguesa","publisher":{"@id":"https:\/\/www.diasporaportuguesa.org\/#organization"},"potentialAction":[{"@type":"SearchAction","target":{"@type":"EntryPoint","urlTemplate":"https:\/\/www.diasporaportuguesa.org\/?s={search_term_string}"},"query-input":"required name=search_term_string"}],"inLanguage":"en-US"},{"@type":"Organization","@id":"https:\/\/www.diasporaportuguesa.org\/#organization","name":"Conselho da Di\u00e1spora Portuguesa","url":"https:\/\/www.diasporaportuguesa.org\/","logo":{"@type":"ImageObject","inLanguage":"en-US","@id":"https:\/\/www.diasporaportuguesa.org\/#\/schema\/logo\/image\/","url":"https:\/\/www.diasporaportuguesa.org\/wp-content\/uploads\/2022\/11\/conselho-diaspora-portuguesa.png","contentUrl":"https:\/\/www.diasporaportuguesa.org\/wp-content\/uploads\/2022\/11\/conselho-diaspora-portuguesa.png","width":735,"height":216,"caption":"Conselho da Di\u00e1spora Portuguesa"},"image":{"@id":"https:\/\/www.diasporaportuguesa.org\/#\/schema\/logo\/image\/"},"sameAs":["https:\/\/twitter.com\/CdDiaspora","https:\/\/www.linkedin.com\/company\/conselho-da-diaspora-portuguesa\/","https:\/\/www.youtube.com\/channel\/UCEI8qERhtqzV1UgdITBo6rw\/videos"]},{"@type":"Person","@id":"https:\/\/www.diasporaportuguesa.org\/#\/schema\/person\/b696455d87726d2d3e73d75428ac7fe9","name":"admin","sameAs":["https:\/\/www.diasporaportuguesa.org"],"url":"https:\/\/www.diasporaportuguesa.org\/en\/author\/admin\/"}]}},"_links":{"self":[{"href":"https:\/\/www.diasporaportuguesa.org\/en\/wp-json\/wp\/v2\/posts\/413"}],"collection":[{"href":"https:\/\/www.diasporaportuguesa.org\/en\/wp-json\/wp\/v2\/posts"}],"about":[{"href":"https:\/\/www.diasporaportuguesa.org\/en\/wp-json\/wp\/v2\/types\/post"}],"author":[{"embeddable":true,"href":"https:\/\/www.diasporaportuguesa.org\/en\/wp-json\/wp\/v2\/users\/1"}],"replies":[{"embeddable":true,"href":"https:\/\/www.diasporaportuguesa.org\/en\/wp-json\/wp\/v2\/comments?post=413"}],"version-history":[{"count":1,"href":"https:\/\/www.diasporaportuguesa.org\/en\/wp-json\/wp\/v2\/posts\/413\/revisions"}],"predecessor-version":[{"id":11376,"href":"https:\/\/www.diasporaportuguesa.org\/en\/wp-json\/wp\/v2\/posts\/413\/revisions\/11376"}],"wp:featuredmedia":[{"embeddable":true,"href":"https:\/\/www.diasporaportuguesa.org\/en\/wp-json\/wp\/v2\/media\/11374"}],"wp:attachment":[{"href":"https:\/\/www.diasporaportuguesa.org\/en\/wp-json\/wp\/v2\/media?parent=413"}],"wp:term":[{"taxonomy":"category","embeddable":true,"href":"https:\/\/www.diasporaportuguesa.org\/en\/wp-json\/wp\/v2\/categories?post=413"},{"taxonomy":"post_tag","embeddable":true,"href":"https:\/\/www.diasporaportuguesa.org\/en\/wp-json\/wp\/v2\/tags?post=413"}],"curies":[{"name":"wp","href":"https:\/\/api.w.org\/{rel}","templated":true}]}}