{"id":460,"date":"2018-05-08T00:00:00","date_gmt":"2018-05-08T00:00:00","guid":{"rendered":"https:\/\/www.diasporaportuguesa.org\/portugal-to-provide-portuguese-training-to-african-development-bank-staff\/"},"modified":"2022-12-22T16:12:52","modified_gmt":"2022-12-22T16:12:52","slug":"portugal-to-provide-portuguese-training-to-african-development-bank-staff","status":"publish","type":"post","link":"https:\/\/www.diasporaportuguesa.org\/en\/news\/portugal-to-provide-portuguese-training-to-african-development-bank-staff\/","title":{"rendered":"Portugal to provide Portuguese training to AfDB staff"},"content":{"rendered":"<p><span style=\"color: inherit; font-family: inherit; font-size: inherit;\">To help unlock economic growth, the African Development Bank (AfDB) is coordinating the implementation of an integrated development strategy for Portuguese-speaking countries in Africa.<\/span><!--more--><\/p>\n<div id=\"c213073\">\n<p>In preparation for the rollout of this initiative, the Bank and the Government of Portugal have signed an agreement to provide language training to African Development Bank staff interested in learning Portuguese, as well as professional conference translation services.<\/p>\n<p>The language-learning cooperation agreement, signed by the Institute for Cooperation and the Portuguese Language (Cam\u00f5es \u2013 Instituto da Coopera\u00e7\u00e3o e da L\u00edngua, I.P.) and the Bank at the African Development Bank headquarters in Abidjan, also provides conditions for the translation and dissemination of the Bank\u2019s standard project procurement and financial management documents into Portuguese.<\/p>\n<p>\u201cThe Lusophone countries are not one contiguous group. What we are talking about here has a cultural, linguistic, political and economic perspective. I believe Portugal will play a key role in bringing about greater integration,\u201d Bank President Akinwumi Adesina told the visiting Portuguese delegation led by Teresa Ribeiro, Portugal\u2019s Secretary of State for Foreign Affairs and Cooperation.<\/p>\n<p>\u201cAs a Bank, we are committed to this. We are also delighted about the Portuguese training agreement we have signed,\u201d Adesina said.<\/p>\n<p>Teresa Ribeiro commended President Adesina for his vision and the Bank\u2019s support to Lusophone countries. She welcomed the possibility of a compact that could respond to challenges facing the Portuguese-speaking countries.<\/p>\n<p>\u201cWhat we want to achieve with the African Development Bank is a very ambitious programme that responds to critical issues. The countries need the compact to enable investors,\u201d she said.<\/p>\n<p>As part of the Bank\u2019s catalytic role, it is relying on the historical, cultural and language bonds that unite Africa\u2019s Portuguese-speaking countries with Portugal and Brazil, to help stimulate greater economic ties, private-sector business growth and trade opportunities.<\/p>\n<p>The Bank is planning to have a special session for Lusophone investors at the inaugural Africa Investment Forum, scheduled for November 7-9, 2018 in Johannesburg, South Africa.<\/p>\n<\/div>\n<p><em>By African Development Bank, April 2018<\/em><\/p>\n","protected":false},"excerpt":{"rendered":"To help unlock economic growth, the African Development Bank (AfDB) is coordinating the implementation of an integrated development strategy for Portuguese-speaking countries in Africa.","protected":false},"author":2,"featured_media":11359,"comment_status":"open","ping_status":"open","sticky":false,"template":"","format":"standard","meta":{"footnotes":""},"categories":[12],"tags":[83,270,64],"acf":[],"yoast_head":"<!-- This site is optimized with the Yoast SEO plugin v21.3 - https:\/\/yoast.com\/wordpress\/plugins\/seo\/ -->\n<title>Portugal to provide Portuguese training to AfDB staff - Conselho da Di\u00e1spora Portuguesa<\/title>\n<meta name=\"robots\" content=\"index, follow, max-snippet:-1, max-image-preview:large, max-video-preview:-1\" \/>\n<link rel=\"canonical\" href=\"https:\/\/www.diasporaportuguesa.org\/en\/news\/portugal-to-provide-portuguese-training-to-african-development-bank-staff\/\" \/>\n<meta property=\"og:locale\" content=\"en_US\" \/>\n<meta property=\"og:type\" content=\"article\" \/>\n<meta property=\"og:title\" content=\"Portugal to provide Portuguese training to AfDB staff - Conselho da Di\u00e1spora Portuguesa\" \/>\n<meta property=\"og:description\" content=\"To help unlock economic growth, the African Development Bank (AfDB) is coordinating the implementation of an integrated development strategy for Portuguese-speaking countries in Africa.\" \/>\n<meta property=\"og:url\" content=\"https:\/\/www.diasporaportuguesa.org\/en\/news\/portugal-to-provide-portuguese-training-to-african-development-bank-staff\/\" \/>\n<meta property=\"og:site_name\" content=\"Conselho da Di\u00e1spora Portuguesa\" \/>\n<meta property=\"article:published_time\" content=\"2018-05-08T00:00:00+00:00\" \/>\n<meta property=\"article:modified_time\" content=\"2022-12-22T16:12:52+00:00\" \/>\n<meta property=\"og:image\" content=\"https:\/\/www.diasporaportuguesa.org\/wp-content\/uploads\/2018\/05\/AfDB_portuguese_325x257.jpg\" \/>\n\t<meta property=\"og:image:width\" content=\"325\" \/>\n\t<meta property=\"og:image:height\" content=\"257\" \/>\n\t<meta property=\"og:image:type\" content=\"image\/jpeg\" \/>\n<meta name=\"author\" content=\"Nelson Le\u00e3o\" \/>\n<meta name=\"twitter:card\" content=\"summary_large_image\" \/>\n<meta name=\"twitter:creator\" content=\"@CdDiaspora\" \/>\n<meta name=\"twitter:site\" content=\"@CdDiaspora\" \/>\n<meta name=\"twitter:label1\" content=\"Written by\" \/>\n\t<meta name=\"twitter:data1\" content=\"Nelson Le\u00e3o\" \/>\n\t<meta name=\"twitter:label2\" content=\"Est. reading time\" \/>\n\t<meta name=\"twitter:data2\" content=\"2 minutes\" \/>\n<script type=\"application\/ld+json\" class=\"yoast-schema-graph\">{\"@context\":\"https:\/\/schema.org\",\"@graph\":[{\"@type\":\"Article\",\"@id\":\"https:\/\/www.diasporaportuguesa.org\/en\/news\/portugal-to-provide-portuguese-training-to-african-development-bank-staff\/#article\",\"isPartOf\":{\"@id\":\"https:\/\/www.diasporaportuguesa.org\/en\/news\/portugal-to-provide-portuguese-training-to-african-development-bank-staff\/\"},\"author\":{\"name\":\"Nelson Le\u00e3o\",\"@id\":\"https:\/\/www.diasporaportuguesa.org\/#\/schema\/person\/dc02f3627d3a0025a0125f4a141dc0af\"},\"headline\":\"Portugal to provide Portuguese training to AfDB staff\",\"datePublished\":\"2018-05-08T00:00:00+00:00\",\"dateModified\":\"2022-12-22T16:12:52+00:00\",\"mainEntityOfPage\":{\"@id\":\"https:\/\/www.diasporaportuguesa.org\/en\/news\/portugal-to-provide-portuguese-training-to-african-development-bank-staff\/\"},\"wordCount\":342,\"commentCount\":0,\"publisher\":{\"@id\":\"https:\/\/www.diasporaportuguesa.org\/#organization\"},\"keywords\":[\"African Development Bank\",\"Portugal\",\"Portugal\"],\"articleSection\":[\"News\"],\"inLanguage\":\"en-US\",\"potentialAction\":[{\"@type\":\"CommentAction\",\"name\":\"Comment\",\"target\":[\"https:\/\/www.diasporaportuguesa.org\/en\/news\/portugal-to-provide-portuguese-training-to-african-development-bank-staff\/#respond\"]}]},{\"@type\":\"WebPage\",\"@id\":\"https:\/\/www.diasporaportuguesa.org\/en\/news\/portugal-to-provide-portuguese-training-to-african-development-bank-staff\/\",\"url\":\"https:\/\/www.diasporaportuguesa.org\/en\/news\/portugal-to-provide-portuguese-training-to-african-development-bank-staff\/\",\"name\":\"Portugal to provide Portuguese training to AfDB staff - Conselho da Di\u00e1spora Portuguesa\",\"isPartOf\":{\"@id\":\"https:\/\/www.diasporaportuguesa.org\/#website\"},\"datePublished\":\"2018-05-08T00:00:00+00:00\",\"dateModified\":\"2022-12-22T16:12:52+00:00\",\"breadcrumb\":{\"@id\":\"https:\/\/www.diasporaportuguesa.org\/en\/news\/portugal-to-provide-portuguese-training-to-african-development-bank-staff\/#breadcrumb\"},\"inLanguage\":\"en-US\",\"potentialAction\":[{\"@type\":\"ReadAction\",\"target\":[\"https:\/\/www.diasporaportuguesa.org\/en\/news\/portugal-to-provide-portuguese-training-to-african-development-bank-staff\/\"]}]},{\"@type\":\"BreadcrumbList\",\"@id\":\"https:\/\/www.diasporaportuguesa.org\/en\/news\/portugal-to-provide-portuguese-training-to-african-development-bank-staff\/#breadcrumb\",\"itemListElement\":[{\"@type\":\"ListItem\",\"position\":1,\"name\":\"In\u00edcio\",\"item\":\"https:\/\/www.diasporaportuguesa.org\/en\/\"},{\"@type\":\"ListItem\",\"position\":2,\"name\":\"News\",\"item\":\"https:\/\/www.diasporaportuguesa.org\/en\/news\/\"},{\"@type\":\"ListItem\",\"position\":3,\"name\":\"Portugal to provide Portuguese training to AfDB staff\"}]},{\"@type\":\"WebSite\",\"@id\":\"https:\/\/www.diasporaportuguesa.org\/#website\",\"url\":\"https:\/\/www.diasporaportuguesa.org\/\",\"name\":\"Conselho da Di\u00e1spora Portuguesa\",\"description\":\"Conselho da Di\u00e1spora Portuguesa\",\"publisher\":{\"@id\":\"https:\/\/www.diasporaportuguesa.org\/#organization\"},\"potentialAction\":[{\"@type\":\"SearchAction\",\"target\":{\"@type\":\"EntryPoint\",\"urlTemplate\":\"https:\/\/www.diasporaportuguesa.org\/?s={search_term_string}\"},\"query-input\":\"required name=search_term_string\"}],\"inLanguage\":\"en-US\"},{\"@type\":\"Organization\",\"@id\":\"https:\/\/www.diasporaportuguesa.org\/#organization\",\"name\":\"Conselho da Di\u00e1spora Portuguesa\",\"url\":\"https:\/\/www.diasporaportuguesa.org\/\",\"logo\":{\"@type\":\"ImageObject\",\"inLanguage\":\"en-US\",\"@id\":\"https:\/\/www.diasporaportuguesa.org\/#\/schema\/logo\/image\/\",\"url\":\"https:\/\/www.diasporaportuguesa.org\/wp-content\/uploads\/2022\/11\/conselho-diaspora-portuguesa.png\",\"contentUrl\":\"https:\/\/www.diasporaportuguesa.org\/wp-content\/uploads\/2022\/11\/conselho-diaspora-portuguesa.png\",\"width\":735,\"height\":216,\"caption\":\"Conselho da Di\u00e1spora Portuguesa\"},\"image\":{\"@id\":\"https:\/\/www.diasporaportuguesa.org\/#\/schema\/logo\/image\/\"},\"sameAs\":[\"https:\/\/twitter.com\/CdDiaspora\",\"https:\/\/www.linkedin.com\/company\/conselho-da-diaspora-portuguesa\/\",\"https:\/\/www.youtube.com\/channel\/UCEI8qERhtqzV1UgdITBo6rw\/videos\"]},{\"@type\":\"Person\",\"@id\":\"https:\/\/www.diasporaportuguesa.org\/#\/schema\/person\/dc02f3627d3a0025a0125f4a141dc0af\",\"name\":\"Nelson Le\u00e3o\",\"url\":\"https:\/\/www.diasporaportuguesa.org\/en\/author\/nelson-leaowaynext-com\/\"}]}<\/script>\n<!-- \/ Yoast SEO plugin. -->","yoast_head_json":{"title":"Portugal to provide Portuguese training to AfDB staff - Conselho da Di\u00e1spora Portuguesa","robots":{"index":"index","follow":"follow","max-snippet":"max-snippet:-1","max-image-preview":"max-image-preview:large","max-video-preview":"max-video-preview:-1"},"canonical":"https:\/\/www.diasporaportuguesa.org\/en\/news\/portugal-to-provide-portuguese-training-to-african-development-bank-staff\/","og_locale":"en_US","og_type":"article","og_title":"Portugal to provide Portuguese training to AfDB staff - Conselho da Di\u00e1spora Portuguesa","og_description":"To help unlock economic growth, the African Development Bank (AfDB) is coordinating the implementation of an integrated development strategy for Portuguese-speaking countries in Africa.","og_url":"https:\/\/www.diasporaportuguesa.org\/en\/news\/portugal-to-provide-portuguese-training-to-african-development-bank-staff\/","og_site_name":"Conselho da Di\u00e1spora Portuguesa","article_published_time":"2018-05-08T00:00:00+00:00","article_modified_time":"2022-12-22T16:12:52+00:00","og_image":[{"width":325,"height":257,"url":"https:\/\/www.diasporaportuguesa.org\/wp-content\/uploads\/2018\/05\/AfDB_portuguese_325x257.jpg","type":"image\/jpeg"}],"author":"Nelson Le\u00e3o","twitter_card":"summary_large_image","twitter_creator":"@CdDiaspora","twitter_site":"@CdDiaspora","twitter_misc":{"Written by":"Nelson Le\u00e3o","Est. reading time":"2 minutes"},"schema":{"@context":"https:\/\/schema.org","@graph":[{"@type":"Article","@id":"https:\/\/www.diasporaportuguesa.org\/en\/news\/portugal-to-provide-portuguese-training-to-african-development-bank-staff\/#article","isPartOf":{"@id":"https:\/\/www.diasporaportuguesa.org\/en\/news\/portugal-to-provide-portuguese-training-to-african-development-bank-staff\/"},"author":{"name":"Nelson Le\u00e3o","@id":"https:\/\/www.diasporaportuguesa.org\/#\/schema\/person\/dc02f3627d3a0025a0125f4a141dc0af"},"headline":"Portugal to provide Portuguese training to AfDB staff","datePublished":"2018-05-08T00:00:00+00:00","dateModified":"2022-12-22T16:12:52+00:00","mainEntityOfPage":{"@id":"https:\/\/www.diasporaportuguesa.org\/en\/news\/portugal-to-provide-portuguese-training-to-african-development-bank-staff\/"},"wordCount":342,"commentCount":0,"publisher":{"@id":"https:\/\/www.diasporaportuguesa.org\/#organization"},"keywords":["African Development Bank","Portugal","Portugal"],"articleSection":["News"],"inLanguage":"en-US","potentialAction":[{"@type":"CommentAction","name":"Comment","target":["https:\/\/www.diasporaportuguesa.org\/en\/news\/portugal-to-provide-portuguese-training-to-african-development-bank-staff\/#respond"]}]},{"@type":"WebPage","@id":"https:\/\/www.diasporaportuguesa.org\/en\/news\/portugal-to-provide-portuguese-training-to-african-development-bank-staff\/","url":"https:\/\/www.diasporaportuguesa.org\/en\/news\/portugal-to-provide-portuguese-training-to-african-development-bank-staff\/","name":"Portugal to provide Portuguese training to AfDB staff - Conselho da Di\u00e1spora Portuguesa","isPartOf":{"@id":"https:\/\/www.diasporaportuguesa.org\/#website"},"datePublished":"2018-05-08T00:00:00+00:00","dateModified":"2022-12-22T16:12:52+00:00","breadcrumb":{"@id":"https:\/\/www.diasporaportuguesa.org\/en\/news\/portugal-to-provide-portuguese-training-to-african-development-bank-staff\/#breadcrumb"},"inLanguage":"en-US","potentialAction":[{"@type":"ReadAction","target":["https:\/\/www.diasporaportuguesa.org\/en\/news\/portugal-to-provide-portuguese-training-to-african-development-bank-staff\/"]}]},{"@type":"BreadcrumbList","@id":"https:\/\/www.diasporaportuguesa.org\/en\/news\/portugal-to-provide-portuguese-training-to-african-development-bank-staff\/#breadcrumb","itemListElement":[{"@type":"ListItem","position":1,"name":"In\u00edcio","item":"https:\/\/www.diasporaportuguesa.org\/en\/"},{"@type":"ListItem","position":2,"name":"News","item":"https:\/\/www.diasporaportuguesa.org\/en\/news\/"},{"@type":"ListItem","position":3,"name":"Portugal to provide Portuguese training to AfDB staff"}]},{"@type":"WebSite","@id":"https:\/\/www.diasporaportuguesa.org\/#website","url":"https:\/\/www.diasporaportuguesa.org\/","name":"Conselho da Di\u00e1spora Portuguesa","description":"Conselho da Di\u00e1spora Portuguesa","publisher":{"@id":"https:\/\/www.diasporaportuguesa.org\/#organization"},"potentialAction":[{"@type":"SearchAction","target":{"@type":"EntryPoint","urlTemplate":"https:\/\/www.diasporaportuguesa.org\/?s={search_term_string}"},"query-input":"required name=search_term_string"}],"inLanguage":"en-US"},{"@type":"Organization","@id":"https:\/\/www.diasporaportuguesa.org\/#organization","name":"Conselho da Di\u00e1spora Portuguesa","url":"https:\/\/www.diasporaportuguesa.org\/","logo":{"@type":"ImageObject","inLanguage":"en-US","@id":"https:\/\/www.diasporaportuguesa.org\/#\/schema\/logo\/image\/","url":"https:\/\/www.diasporaportuguesa.org\/wp-content\/uploads\/2022\/11\/conselho-diaspora-portuguesa.png","contentUrl":"https:\/\/www.diasporaportuguesa.org\/wp-content\/uploads\/2022\/11\/conselho-diaspora-portuguesa.png","width":735,"height":216,"caption":"Conselho da Di\u00e1spora Portuguesa"},"image":{"@id":"https:\/\/www.diasporaportuguesa.org\/#\/schema\/logo\/image\/"},"sameAs":["https:\/\/twitter.com\/CdDiaspora","https:\/\/www.linkedin.com\/company\/conselho-da-diaspora-portuguesa\/","https:\/\/www.youtube.com\/channel\/UCEI8qERhtqzV1UgdITBo6rw\/videos"]},{"@type":"Person","@id":"https:\/\/www.diasporaportuguesa.org\/#\/schema\/person\/dc02f3627d3a0025a0125f4a141dc0af","name":"Nelson Le\u00e3o","url":"https:\/\/www.diasporaportuguesa.org\/en\/author\/nelson-leaowaynext-com\/"}]}},"_links":{"self":[{"href":"https:\/\/www.diasporaportuguesa.org\/en\/wp-json\/wp\/v2\/posts\/460"}],"collection":[{"href":"https:\/\/www.diasporaportuguesa.org\/en\/wp-json\/wp\/v2\/posts"}],"about":[{"href":"https:\/\/www.diasporaportuguesa.org\/en\/wp-json\/wp\/v2\/types\/post"}],"author":[{"embeddable":true,"href":"https:\/\/www.diasporaportuguesa.org\/en\/wp-json\/wp\/v2\/users\/2"}],"replies":[{"embeddable":true,"href":"https:\/\/www.diasporaportuguesa.org\/en\/wp-json\/wp\/v2\/comments?post=460"}],"version-history":[{"count":1,"href":"https:\/\/www.diasporaportuguesa.org\/en\/wp-json\/wp\/v2\/posts\/460\/revisions"}],"predecessor-version":[{"id":11361,"href":"https:\/\/www.diasporaportuguesa.org\/en\/wp-json\/wp\/v2\/posts\/460\/revisions\/11361"}],"wp:featuredmedia":[{"embeddable":true,"href":"https:\/\/www.diasporaportuguesa.org\/en\/wp-json\/wp\/v2\/media\/11359"}],"wp:attachment":[{"href":"https:\/\/www.diasporaportuguesa.org\/en\/wp-json\/wp\/v2\/media?parent=460"}],"wp:term":[{"taxonomy":"category","embeddable":true,"href":"https:\/\/www.diasporaportuguesa.org\/en\/wp-json\/wp\/v2\/categories?post=460"},{"taxonomy":"post_tag","embeddable":true,"href":"https:\/\/www.diasporaportuguesa.org\/en\/wp-json\/wp\/v2\/tags?post=460"}],"curies":[{"name":"wp","href":"https:\/\/api.w.org\/{rel}","templated":true}]}}