{"id":475,"date":"2019-02-05T00:00:00","date_gmt":"2019-02-05T00:00:00","guid":{"rendered":"https:\/\/www.diasporaportuguesa.org\/2nd-edition-eurafrican-forum-partnership-of-equals-2\/"},"modified":"2022-12-22T13:38:09","modified_gmt":"2022-12-22T13:38:09","slug":"2nd-edition-eurafrican-forum-partnership-of-equals-2","status":"publish","type":"post","link":"https:\/\/www.diasporaportuguesa.org\/en\/news\/2nd-edition-eurafrican-forum-partnership-of-equals-2\/","title":{"rendered":"2nd Edition EurAfrican Forum: \u2018Partnership of Equals\u2019"},"content":{"rendered":"<p><span style=\"color: inherit; font-family: inherit; font-size: inherit;\">The 2nd Edition of EurAfrican Forum will take place on July 4 and 5, 2019, at the Grand Auditorium of NOVA School of Business and Economics, Cascais, with the theme \u201cPartnership of Equals: Sharing Values, Sharing Prosperity\u201d.<\/span><br \/>\n<!--more--><span style=\"color: inherit; font-family: inherit; font-size: inherit;\">This edition intends to focus on\u00a0<\/span><span style=\"color: inherit; font-family: inherit; font-size: inherit;\">a new approach and paradigm for Europe and Africa\u2019s relations, faced as equals, to create the framework and forge impact transformation, changing the narrative for both continents for a shared prosperous and sustainable joint-future. The topics for debate will be the following:\u00a0<\/span><\/p>\n<p>Panel 1 \u2013 African entrepreneurs driving inclusive innovation and growth &#8211; <em>sponsored by Omatapalo<\/em><\/p>\n<p>Panel 2 \u2013 From donor-recipient towards equal participation &#8211; <em>sponsored by Mota-Engil<\/em><\/p>\n<p>Panel 3 \u2013\u00a0 Changing the narrative: valuing talent and diversity from migrant flows<\/p>\n<p>Panel 4 \u2013 Africa: the new frontier for impact investment and innovation<\/p>\n<p>Panel 5 \u2013 Legacy to growth: rehabilitating the heritage, culture and tourism &#8211; <em>sponsored by Turismo de Portugal<\/em><\/p>\n<p>It will also occur four parallel sessions outside the <em>Grand Auditorium,<\/em> after the closing remarks, on July 4:<\/p>\n<p>Session 1 \u2013 Rebuilding Mozambique<\/p>\n<p>Session 2 \u2013 Security, Migration and Talent \u2013 <em>This session will be designed in collaboration with the\u00a0Institute of Security and Strategy Foundation\u00a0of Poland.<\/em><\/p>\n<p>Session 3 \u2013 Tools and strategies for woman and youth empowerment<\/p>\n<p>Session 4 \u2013 EU-AF Economic Integration and Digital Infrastructure for Africa<\/p>\n<p>For this edition it is confirmed <span style=\"color: #008000;\"><a style=\"color: #008000;\" href=\"https:\/\/www.eurafricanforum.org\/speakers\/antonio-vitorino\/\" target=\"_blank\" rel=\"noopener noreferrer\">Ant\u00f3nio Vitorino<\/a><\/span>, \u00a0Director General for the International Organization for Migrations &#8211; UN Migration Agency (IOM) for a keynote address about the migration dialogue between Europe and Africa, as well as <a href=\"https:\/\/www.eurafricanforum.org\/speakers\/elijah-amoo-addo\/\" target=\"_blank\" rel=\"noopener noreferrer\"><span style=\"color: #008000;\">Elijah Amoo Addo<\/span><\/a>, Founder and CEO of the Food for All Africa Programme, and <span style=\"color: #008000;\"><a style=\"color: #008000;\" href=\"https:\/\/www.eurafricanforum.org\/speakers\/siyanda-mohutsiwa\/\" target=\"_blank\" rel=\"noopener noreferrer\">Siyanda Mohutsiwa<\/a><\/span>, Satirical Writer (Bostwana \/ USA). <span style=\"color: #008000;\"><a style=\"color: #008000;\" href=\"https:\/\/www.eurafricanforum.org\/speakers\/antonio-guterres\/\" target=\"_blank\" rel=\"noopener noreferrer\">Ant\u00f3nio Guterres<\/a><\/span>, United Nations Secretary-General, is also confirmed to participate with a special video message. As institutional speakers it is confirmed the Filipe Nyusi, President of the Republic of Mozambique; Marcelo Rebelo de Sousa, President of the Portuguese Republic; Augusto Santos Silva, Minister of the Foreign Affairs of Portugal, and Miguel Pinto Luz, Deputy Mayor of Cascais.<\/p>\n<p>The panelists are: <span style=\"color: #008000;\"><a style=\"color: #008000;\" href=\"https:\/\/www.eurafricanforum.org\/speakers\/ana-mendes-godinho\/\" target=\"_blank\" rel=\"noopener noreferrer\">Ana Mendes Godinho<\/a><\/span>, Tourism Secretary of State of Portugal (Portugal); <a href=\"https:\/\/www.eurafricanforum.org\/speakers\/camilla-rocca\/\" target=\"_blank\" rel=\"noopener noreferrer\"><span style=\"color: #008000;\">Camilla Rocca<\/span><\/a>, Head of Research at Mo Ibrahim Foundation (United Kingdom); <span style=\"color: #008000;\"><a style=\"color: #008000;\" href=\"https:\/\/www.eurafricanforum.org\/speakers\/christelle-kupa\/\" target=\"_blank\" rel=\"noopener noreferrer\">Christelle Kupa<\/a><\/span>, Fundadora e CEO da Uhusiano Capital (Congo\/B\u00e9lgica); <span style=\"color: #008000;\"><a style=\"color: #008000;\" href=\"https:\/\/www.eurafricanforum.org\/speakers\/didier-acouetey\/\" target=\"_blank\" rel=\"noopener noreferrer\">Didier Acouetey<\/a><\/span>, President and Founder of the AfricSearch Group (Togo \/ France); <span style=\"color: #008000;\"><a style=\"color: #008000;\" href=\"https:\/\/www.eurafricanforum.org\/speakers\/elisio-macamo\/\" target=\"_blank\" rel=\"noopener noreferrer\">El\u00edsio Macamo<\/a><\/span>, Professor of African Studies at the University of Basel (Mozambique\/Switzerland); <span style=\"color: #008000;\"><a style=\"color: #008000;\" href=\"https:\/\/www.eurafricanforum.org\/speakers\/enuma-okoro\/\" target=\"_blank\" rel=\"noopener noreferrer\">Enuma Okoro<\/a><\/span>, Author, (Nigeria \/ USA); <span style=\"color: #008000;\"><a style=\"color: #008000;\" href=\"https:\/\/www.eurafricanforum.org\/speakers\/erick-yong\/\" target=\"_blank\" rel=\"noopener noreferrer\">Erick Yong<\/a><\/span>, Africa CEO of GreenTec Capital Partners (Germany); <span style=\"color: #008000;\"><a style=\"color: #008000;\" href=\"https:\/\/www.eurafricanforum.org\/speakers\/eugene-boadu\/\" target=\"_blank\" rel=\"noopener noreferrer\">Eugene Boadu<\/a><\/span>, Head of Corporate Affairs of mPedigree (Ghana); <span style=\"color: #008000;\"><a style=\"color: #008000;\" href=\"https:\/\/www.eurafricanforum.org\/speakers\/fabio-scala\/\" target=\"_blank\" rel=\"noopener noreferrer\">Fabio Scala<\/a><\/span>, Founder of FurtherMarkets (United Kingdom); <span style=\"color: #008000;\"><a style=\"color: #008000;\" href=\"https:\/\/www.eurafricanforum.org\/speakers\/francisco-pereira\/\" target=\"_blank\" rel=\"noopener noreferrer\">Francisco Pereira<\/a><\/span>, Executive Director, Mozambique Post-Cyclones Reconstruction Office (Mozambique); <span style=\"color: #008000;\"><a style=\"color: #008000;\" href=\"https:\/\/www.eurafricanforum.org\/speakers\/gregor-binkert\/\" target=\"_blank\" rel=\"noopener noreferrer\">Gregor Binkert<\/a><\/span>,\u00a0Board Member of Beluluane Industrial Park of Mozambique (Switzerland); <span style=\"color: #008000;\"><a style=\"color: #008000;\" href=\"https:\/\/www.eurafricanforum.org\/speakers\/grzegorz-malecki\/\" target=\"_blank\" rel=\"noopener noreferrer\">Grzegorz Malecki<\/a><\/span>, President of the Board of Institute of Security and Strategy Foundation (Poland); <span style=\"color: #008000;\"><a style=\"color: #008000;\" href=\"https:\/\/www.eurafricanforum.org\/speakers\/jacek-raubo\/\" target=\"_blank\" rel=\"noopener noreferrer\">Jacek Raubo<\/a><\/span>, Security Expert (Poland); <span style=\"color: #008000;\"><a style=\"color: #008000;\" href=\"https:\/\/www.eurafricanforum.org\/speakers\/jasandra-nyker\/\" target=\"_blank\" rel=\"noopener noreferrer\">Jasandra Nyker<\/a><\/span>,\u00a0CEO of BioTherm Energy (South Africa); <span style=\"color: #008000;\"><a style=\"color: #008000;\" href=\"https:\/\/www.eurafricanforum.org\/speakers\/joao-figueiredo\/\" target=\"_blank\" rel=\"noopener noreferrer\">Jo\u00e3o Figueiredo<\/a><\/span>, Chairman and CEO Moza Banco, Mozambique;\u00a0<span style=\"color: #008000;\"><a style=\"color: #008000;\" href=\"https:\/\/www.eurafricanforum.org\/speakers\/khadija-idrissi-janati\/\" target=\"_blank\" rel=\"noopener noreferrer\">Khadija Idrissi Janati<\/a><\/span>, Founder of I-AFRIKAn (Morocco); <span style=\"color: #008000;\"><a style=\"color: #008000;\" href=\"https:\/\/www.eurafricanforum.org\/speakers\/kim-kreilgaard\/\" target=\"_blank\" rel=\"noopener noreferrer\">Kim Kreilgaard<\/a><\/span>, Head of Lisbon Office of the European Investment Bank (Luxembourg\/Portugal); <span style=\"color: #008000;\"><a style=\"color: #008000;\" href=\"https:\/\/www.eurafricanforum.org\/speakers\/koen-doens\/\" target=\"_blank\" rel=\"noopener noreferrer\">Koen Doens<\/a><\/span>, Directorate-General for International Cooperation and Development, European Commission, Belgium; <span style=\"color: #008000;\"><a style=\"color: #008000;\" href=\"https:\/\/www.eurafricanforum.org\/speakers\/lilian-ore\/\" target=\"_blank\" rel=\"noopener noreferrer\">Lilian Ore<\/a><\/span>,\u00a0Founder and CEO of Global Connections for Women foundation (Nigeria\/USA);\u00a0<span style=\"color: #008000;\"><a style=\"color: #008000;\" href=\"https:\/\/www.eurafricanforum.org\/speakers\/linda-mabhena-olagunju\/\" target=\"_blank\" rel=\"noopener noreferrer\">Linda Mabhena-Olagunju<\/a><\/span>, Founder and Managing Director of DLO Energy Resources Group (South Africa); <span style=\"color: #008000;\"><a style=\"color: #008000;\" href=\"https:\/\/www.eurafricanforum.org\/speakers\/luis-cunha\/\" target=\"_blank\" rel=\"noopener noreferrer\">Lu\u00eds Cunha<\/a><\/span>, Managing Partner of McKinsey Africa (Portugal\/South Africa); <span style=\"color: #008000;\"><a style=\"color: #008000;\" href=\"https:\/\/www.eurafricanforum.org\/speakers\/maria-angeles-leon-lopez\/\" target=\"_blank\" rel=\"noopener noreferrer\">Mar\u00eda \u00c1ngeles Le\u00f3n L\u00f3pez<\/a><\/span>, Co-Founder of Open Value Foundation (Spain);\u00a0<span style=\"color: #008000;\"><a style=\"color: #008000;\" href=\"https:\/\/www.eurafricanforum.org\/speakers\/markus-lienkamp\/\" target=\"_blank\" rel=\"noopener noreferrer\">Markus Lienkamp<\/a><\/span>,\u00a0Professor of Automotive Technology at Technical University of Munich (Germany);\u00a0<span style=\"color: #008000;\"><a style=\"color: #008000;\" href=\"https:\/\/www.eurafricanforum.org\/speakers\/michael-stopford\/\" target=\"_blank\" rel=\"noopener noreferrer\">Michael Stopford<\/a><\/span>,\u00a0Managing Director of Oxford Analytica (United Kingdom);\u00a0<span style=\"color: #008000;\"><a style=\"color: #008000;\" href=\"https:\/\/www.eurafricanforum.org\/speakers\/mossadeck-bally\/\" target=\"_blank\" rel=\"noopener noreferrer\">Mossadeck Bally<\/a><\/span>,\u00a0Founder and CEO of the Azalai Hotels Group (Mali);\u00a0<span style=\"color: #008000;\"><a style=\"color: #008000;\" href=\"https:\/\/www.eurafricanforum.org\/speakers\/mourad-el-ajouti\/\" target=\"_blank\" rel=\"noopener noreferrer\">Mourad El Ajouti<\/a><\/span>,\u00a0Founder of Green Justice Association (Morocco);\u00a0<span style=\"color: #008000;\"><a style=\"color: #008000;\" href=\"https:\/\/www.eurafricanforum.org\/speakers\/oyin-solebo\/\" target=\"_blank\" rel=\"noopener noreferrer\">Oyin Solebo<\/a><\/span>, COO &amp; Founder \u2013 Movemeback (Nigeria \/UK); <span style=\"color: #008000;\"><a style=\"color: #008000;\" href=\"https:\/\/www.eurafricanforum.org\/speakers\/precious-lunga\/\" target=\"_blank\" rel=\"noopener noreferrer\">Precious Lunga<\/a><\/span>, Co- Founder &amp; CEO of Baobab Circle (Zimbabwe); <span style=\"color: #008000;\"><a style=\"color: #008000;\" href=\"https:\/\/www.eurafricanforum.org\/speakers\/samir-abdelkrim\/\" target=\"_blank\" rel=\"noopener noreferrer\">Samir Abdelkrim<\/a><\/span>, Founder of EMERGING Valley (France);\u00a0<span style=\"color: #008000;\"><a style=\"color: #008000;\" href=\"https:\/\/www.eurafricanforum.org\/speakers\/stephanie-asare\/\" target=\"_blank\" rel=\"noopener noreferrer\">St\u00e9phanie Asare<\/a><\/span>,\u00a0Secretary General of Welcoming Diasporas (Ghana \/France);\u00a0<span style=\"color: #008000;\"><a style=\"color: #008000;\" href=\"https:\/\/www.eurafricanforum.org\/speakers\/tina-charisma\/\" target=\"_blank\" rel=\"noopener noreferrer\">Tina Charisma<\/a><\/span>,\u00a0Founder of \u201cCharisma Campaign\u201c (Ghana \/UK);\u00a0<span style=\"color: #008000;\"><a style=\"color: #008000;\" href=\"https:\/\/www.eurafricanforum.org\/speakers\/tunde-kehinde\/\" target=\"_blank\" rel=\"noopener noreferrer\">Tunde Kehinde<\/a><\/span>,\u00a0Co-Founder of Lidya (Nigeria);\u00a0<span style=\"color: #008000;\"><a style=\"color: #008000;\" href=\"https:\/\/www.eurafricanforum.org\/speakers\/vena-arielle-ahouansou\/\" target=\"_blank\" rel=\"noopener noreferrer\">V\u00e8na Arielle Ahouansou<\/a><\/span>,\u00a0CEO of Kea Medicals (Benin);\u00a0<span style=\"color: #008000;\"><a style=\"color: #008000;\" href=\"https:\/\/www.eurafricanforum.org\/speakers\/yemisi-mokuolu\/\" target=\"_blank\" rel=\"noopener noreferrer\">Yemisi Mokuolu<\/a><\/span>, CEO &amp; Founder HATCH Ideas, (Nigeria \/UK); <span style=\"color: #008000;\"><a style=\"color: #008000;\" href=\"https:\/\/www.eurafricanforum.org\/speakers\/vivian-onano\/\" target=\"_blank\" rel=\"noopener noreferrer\">Vivian Onano<\/a><\/span>, Founder\/Director at Leading Light Initiative (Kenya).<\/p>\n<p>The confirmed moderators are: <span style=\"color: #008000;\"><a style=\"color: #008000;\" href=\"https:\/\/www.eurafricanforum.org\/speakers\/cristina-esteves-2\/\" target=\"_blank\" rel=\"noopener noreferrer\">Cristina Esteves<\/a><\/span>, RTP Journalist (Portugal); <span style=\"color: #008000;\"><a style=\"color: #008000;\" href=\"https:\/\/www.eurafricanforum.org\/speakers\/john-gapper\/\" target=\"_blank\" rel=\"noopener noreferrer\">John Gapper<\/a><\/span>, Associate editor of the Financial Times (United Kingdom); <span style=\"color: #008000;\"><a style=\"color: #008000;\" href=\"https:\/\/www.eurafricanforum.org\/speakers\/jonathan-rosenthal\/\" target=\"_blank\" rel=\"noopener noreferrer\">Jonathan Rosenthal<\/a><\/span>, Africa Editor of The Economist (United Kingdom); <span style=\"color: #008000;\"><a style=\"color: #008000;\" href=\"https:\/\/www.eurafricanforum.org\/speakers\/marie-lora-mungai\/\" target=\"_blank\" rel=\"noopener noreferrer\">Marie Lora-Mungai<\/a><\/span>, Founder and CEO of Restless Global (France); <span style=\"color: #008000;\"><a style=\"color: #008000;\" href=\"https:\/\/www.eurafricanforum.org\/speakers\/nozipho-mbanjwa\/\" target=\"_blank\" rel=\"noopener noreferrer\">Nozipho Mbanjwa<\/a><\/span>, Founder and Lead Moderator at Akwande Communications (South Africa). <span style=\"color: #008000;\"><a style=\"color: #008000;\" href=\"https:\/\/www.eurafricanforum.org\/speakers\/thora-arnorsdottir\/\" target=\"_blank\" rel=\"noopener noreferrer\">Thora Arnorsdottir<\/a><\/span>, Media personality and documentary film producer (Iceland) is the master of ceremony.<\/p>\n<p>An Advisory Board was constituted for this second edition, to support on the definition<span style=\"color: inherit; font-family: inherit; font-size: inherit;\">\u00a0of strategic and innovative advice, knowledge, expertise and different perspectives about the topics of concern of the EurAfrican Forum platform, to encourage the development of the framework for sustainable growth and prosperity. It is composed by a group of highlight personalities from the Euro-African diaspora:\u00a0<span style=\"color: #008000;\"><a style=\"color: #008000;\" href=\"https:\/\/www.eurafricanforum.org\/speakers\/christian-kamayou\/\" target=\"_blank\" rel=\"noopener noreferrer\">Christian Kamayou<\/a><\/span>,\u00a0CEO MyAfricanStartUp, France;\u00a0<\/span><span style=\"color: #008000;\"><a style=\"color: #008000;\" href=\"http:\/\/www.eurafricanforum.org\/speakers\/kola-karim\/\" target=\"_blank\" rel=\"noopener noreferrer\">Kola Karim<\/a><\/span>, Founder &amp; CEO of Shoreline Group (Nigeria);\u00a0<span style=\"color: #008000;\"><a style=\"color: #008000;\" href=\"http:\/\/www.eurafricanforum.org\/speakers\/sophia-bekele\/\" target=\"_blank\" rel=\"noopener noreferrer\">Sophia Bekele<\/a><\/span>, Founder &amp; CEO of CBS International and DotConnectAfrica Group (Etiopia); <span style=\"color: #008000;\"><a style=\"color: #008000;\" href=\"http:\/\/www.eurafricanforum.org\/speakers\/manuel-mota\/\" target=\"_blank\" rel=\"noopener noreferrer\">Manuel Mota<\/a><\/span>, CEO of Mota-Engil Africa (Portugal);\u00a0<span style=\"color: #008000;\"><a style=\"color: #008000;\" href=\"http:\/\/www.eurafricanforum.org\/speakers\/pauline-koelbl\/\" target=\"_blank\" rel=\"noopener noreferrer\">Pauline Mujawamariya Koelbl<\/a><\/span>, Innovation Catalyst, PROWAH Co-Founder and Angel Investor (Switzerland); and \u00a0<span style=\"color: #008000;\"><a style=\"color: #008000;\" href=\"http:\/\/www.eurafricanforum.org\/speakers\/ziad-oueslati\/\" target=\"_blank\" rel=\"noopener noreferrer\">Ziad Oueslati<\/a><\/span>, Managing Director and Co-Founder of AfricInvest (Tunisia).<\/p>\n<p><span style=\"color: inherit; font-family: inherit; font-size: inherit;\">A selected group of Portuguese Diaspora Counselors &#8211; the Special Interest Group of the Portuguese Diaspora Council &#8211; was also constituted for the development of relevant topics and for the positioning and worldwide awareness of the EurAfrican Forum. It is constituted by:\u00a0<\/span><a href=\"https:\/\/www.eurafricanforum.org\/speakers\/carlos-pone\/\" target=\"_blank\" rel=\"noopener noreferrer\"><span style=\"color: #008000;\">Carlos Pone<\/span><\/a>, Former CEO AECOM Africa and Former CEO ABB SSA (Portugal\/South Africa);\u00a0 <span style=\"color: #008000;\"><a style=\"color: #008000;\" href=\"http:\/\/www.eurafricanforum.org\/speakers\/christophe-fonseca\/\" target=\"_blank\" rel=\"noopener noreferrer\">Christophe Fonseca<\/a><\/span>, Portuguese-French film director and member of the Portuguese Diaspora Council\u00a0 (Portugal\/France);\u00a0<span style=\"color: #008000;\"><a style=\"color: #008000;\" href=\"https:\/\/www.eurafricanforum.org\/speakers\/goncalo-terenas\/\" target=\"_blank\" rel=\"noopener noreferrer\">Gon\u00e7alo Terenas<\/a><\/span>, Chamber of Commerce, Industry and Cultural Promotion (Portugal\/ Senegal and West Africa); <span style=\"color: #008000;\"><a style=\"color: #008000;\" href=\"https:\/\/www.eurafricanforum.org\/speakers\/miguel-azevedo\/\" target=\"_blank\" rel=\"noopener noreferrer\">Miguel Azevedo<\/a><\/span>, Head of Investment Banking for the Middle East and Africa, Citigroup (Portugal\/UK); <span style=\"color: #008000;\"><a style=\"color: #008000;\" href=\"https:\/\/www.eurafricanforum.org\/speakers\/pedro-pereira-da-silva\/\" target=\"_blank\" rel=\"noopener noreferrer\">Pedro Pereira da Silva<\/a><\/span>, General Manager of Pick n\u2019 Pay Retail (Portugal \/ South Africa);\u00a0<span style=\"color: #008000;\"><a style=\"color: #008000;\" href=\"https:\/\/www.eurafricanforum.org\/speakers\/sergio-pimenta\/\" target=\"_blank\" rel=\"noopener noreferrer\">S\u00e9rgio Pimenta<\/a><\/span>, Vice-President of International Finance Corporation for the Middle East and Africa (Portugal \/ USA).<\/p>\n<p>The <strong><span style=\"color: #008000;\">EurAfrican Forum<\/span><\/strong> platform is founded on the idea that the diaspora work as a connecting force between cities, regions and continents, between cultures, companies and people.<\/p>\n<p>It is an action-oriented platform that aims to foster stronger collaboration between Europe and Africa, to better promote a shared green and inclusive growth for the two continents, uncover new business and social impact investment opportunities and challenges, creating synergies between both innovation models.<\/p>\n<p>The launching of the\u00a0<span style=\"color: #008000;\"><a style=\"color: #008000;\" href=\"\/?p=2238\">1st edition of the EurAfrican Forum<\/a><\/span>\u00a0took place on July 10, 2018, in Portugal, with the theme \u2018Crafting Coalitions for Change\u2019 and had 350 participants (35% Africans and 65% Europeans) African and European leaders from the entrepreneur sector, academy, culture, non-governmental organizations, public institutions, young entrepreneurs, media and social influencers. Four topics were under discussion:\u00a0<strong>trust,<\/strong>\u00a0<strong>resource share<\/strong>, <strong>the Fourth Revolution impacts<\/strong> and the <strong>role of the Diaspora<\/strong> on re-balancing the Euro-African regions. Watch the\u00a0<span style=\"color: #008000;\"><strong><a style=\"color: #008000;\" href=\"https:\/\/youtu.be\/KPQ90Myw2FA\">VIDEO<\/a><\/strong><\/span>\u00a0of the 1st edition of the EurAfrican Forum.<\/p>\n<p>The EurAfrican Forum has the High Patronage of the Presidency of the Portuguese Republic and the Portuguese Government, and is co-hosted by the Municipality of Cascais. The event is sponsored by Mota-Engil, Omatapalo, Turismo de Portugal, MDS Group, EDP and CitiGroup. The partners are AICEP &#8211; Portugal Global, the European Commission and the Institute of Security and Strategy Foundation of Poland<em>. <\/em>The media partners are APO Group, Africa.com, Aptantech, DTV Alg\u00e9rie, Forbes Portugal, Further Africa,\u00a0 ITBusinessDirect and Lusa. <span style=\"color: #008000;\"><a style=\"color: #008000;\" href=\"https:\/\/www.flytap.com\/en-pt\/\" target=\"_blank\" rel=\"noopener noreferrer\">TAP<\/a><\/span>\u00a0is the event&#8217;s\u00a0<a href=\"http:\/\/www.eurafricanforum.org\/wp-content\/uploads\/2019\/04\/EAF19_TAP_Discounts.pdf\" target=\"_blank\" rel=\"noopener noreferrer\"><span style=\"color: #008000;\">official carrier<\/span><\/a><span style=\"color: #008000;\">.\u00a0<\/span><\/p>\n<p><iframe loading=\"lazy\" title=\"EurAfrican Forum 2019 | Promo Video\" width=\"900\" height=\"506\" src=\"https:\/\/www.youtube.com\/embed\/RA3ov_xl_90?feature=oembed\" frameborder=\"0\" allow=\"accelerometer; autoplay; clipboard-write; encrypted-media; gyroscope; picture-in-picture\" allowfullscreen><\/iframe><\/p>\n<p>More information:\u00a0<span style=\"color: #008000;\"><a style=\"color: #008000;\" href=\"http:\/\/www.eurafricanforum.org\/\">www.eurafricanforum.org<\/a><\/span>.<\/p>\n<p>Follow us on social media \u2013\u00a0<span style=\"color: #008000;\"><a style=\"color: #008000;\" href=\"https:\/\/twitter.com\/EurafricanF\" target=\"_blank\" rel=\"noopener noreferrer\">Twitter<\/a>,<\/span>\u00a0<a href=\"https:\/\/www.instagram.com\/eurafrican_forum\/?hl=pt\" target=\"_blank\" rel=\"noopener noreferrer\"><span style=\"color: #008000;\">Instagram<\/span><\/a>\u00a0and <span style=\"color: #008000;\"><a style=\"color: #008000;\" href=\"https:\/\/www.youtube.com\/channel\/UCg1UXV-Z_bSY7Vw_ATRAPpQ\" target=\"_blank\" rel=\"noopener noreferrer\">Youtube<\/a><\/span>.<\/p>\n<p><em>By Portuguese Diaspora Council, June 2019<\/em><\/p>\n","protected":false},"excerpt":{"rendered":"The 2nd Edition of EurAfrican Forum will take place on July 4 and 5, 2019, at the Grand Auditorium of NOVA School of Business and Economics, Cascais, with the theme \u201cPartnership of Equals: Sharing Values, Sharing Prosperity\u201d.","protected":false},"author":2,"featured_media":11121,"comment_status":"open","ping_status":"open","sticky":false,"template":"","format":"standard","meta":{"footnotes":""},"categories":[12],"tags":[16,265,17,266,235,267,196],"acf":[],"yoast_head":"<!-- This site is optimized with the Yoast SEO plugin v21.3 - https:\/\/yoast.com\/wordpress\/plugins\/seo\/ -->\n<title>2nd Edition EurAfrican Forum: \u2018Partnership of Equals\u2019 - Conselho da Di\u00e1spora Portuguesa<\/title>\n<meta name=\"robots\" content=\"index, follow, max-snippet:-1, max-image-preview:large, max-video-preview:-1\" \/>\n<link rel=\"canonical\" href=\"https:\/\/www.diasporaportuguesa.org\/en\/news\/2nd-edition-eurafrican-forum-partnership-of-equals-2\/\" \/>\n<meta property=\"og:locale\" content=\"en_US\" \/>\n<meta property=\"og:type\" content=\"article\" \/>\n<meta property=\"og:title\" content=\"2nd Edition EurAfrican Forum: \u2018Partnership of Equals\u2019 - Conselho da Di\u00e1spora Portuguesa\" \/>\n<meta property=\"og:description\" content=\"The 2nd Edition of EurAfrican Forum will take place on July 4 and 5, 2019, at the Grand Auditorium of NOVA School of Business and Economics, Cascais, with the theme \u201cPartnership of Equals: Sharing Values, Sharing Prosperity\u201d.\" \/>\n<meta property=\"og:url\" content=\"https:\/\/www.diasporaportuguesa.org\/en\/news\/2nd-edition-eurafrican-forum-partnership-of-equals-2\/\" \/>\n<meta property=\"og:site_name\" content=\"Conselho da Di\u00e1spora Portuguesa\" \/>\n<meta property=\"article:published_time\" content=\"2019-02-05T00:00:00+00:00\" \/>\n<meta property=\"article:modified_time\" content=\"2022-12-22T13:38:09+00:00\" \/>\n<meta property=\"og:image\" content=\"https:\/\/www.diasporaportuguesa.org\/wp-content\/uploads\/2019\/02\/EAf18_19.jpg\" \/>\n\t<meta property=\"og:image:width\" content=\"325\" \/>\n\t<meta property=\"og:image:height\" content=\"257\" \/>\n\t<meta property=\"og:image:type\" content=\"image\/jpeg\" \/>\n<meta name=\"author\" content=\"Nelson Le\u00e3o\" \/>\n<meta name=\"twitter:card\" content=\"summary_large_image\" \/>\n<meta name=\"twitter:creator\" content=\"@CdDiaspora\" \/>\n<meta name=\"twitter:site\" content=\"@CdDiaspora\" \/>\n<meta name=\"twitter:label1\" content=\"Written by\" \/>\n\t<meta name=\"twitter:data1\" content=\"Nelson Le\u00e3o\" \/>\n\t<meta name=\"twitter:label2\" content=\"Est. reading time\" \/>\n\t<meta name=\"twitter:data2\" content=\"7 minutes\" \/>\n<script type=\"application\/ld+json\" class=\"yoast-schema-graph\">{\"@context\":\"https:\/\/schema.org\",\"@graph\":[{\"@type\":\"Article\",\"@id\":\"https:\/\/www.diasporaportuguesa.org\/en\/news\/2nd-edition-eurafrican-forum-partnership-of-equals-2\/#article\",\"isPartOf\":{\"@id\":\"https:\/\/www.diasporaportuguesa.org\/en\/news\/2nd-edition-eurafrican-forum-partnership-of-equals-2\/\"},\"author\":{\"name\":\"Nelson Le\u00e3o\",\"@id\":\"https:\/\/www.diasporaportuguesa.org\/#\/schema\/person\/dc02f3627d3a0025a0125f4a141dc0af\"},\"headline\":\"2nd Edition EurAfrican Forum: \u2018Partnership of Equals\u2019\",\"datePublished\":\"2019-02-05T00:00:00+00:00\",\"dateModified\":\"2022-12-22T13:38:09+00:00\",\"mainEntityOfPage\":{\"@id\":\"https:\/\/www.diasporaportuguesa.org\/en\/news\/2nd-edition-eurafrican-forum-partnership-of-equals-2\/\"},\"wordCount\":1238,\"commentCount\":0,\"publisher\":{\"@id\":\"https:\/\/www.diasporaportuguesa.org\/#organization\"},\"keywords\":[\"Conselho da Di\u00e1spora Portuguesa\",\"EurAfrican Forum\",\"EurAfrican Forum\",\"EurAfrican Forum 2019\",\"Partnership of Equals\",\"PartnershipofEquals\",\"Portuguese Diaspora Council\"],\"articleSection\":[\"News\"],\"inLanguage\":\"en-US\",\"potentialAction\":[{\"@type\":\"CommentAction\",\"name\":\"Comment\",\"target\":[\"https:\/\/www.diasporaportuguesa.org\/en\/news\/2nd-edition-eurafrican-forum-partnership-of-equals-2\/#respond\"]}]},{\"@type\":\"WebPage\",\"@id\":\"https:\/\/www.diasporaportuguesa.org\/en\/news\/2nd-edition-eurafrican-forum-partnership-of-equals-2\/\",\"url\":\"https:\/\/www.diasporaportuguesa.org\/en\/news\/2nd-edition-eurafrican-forum-partnership-of-equals-2\/\",\"name\":\"2nd Edition EurAfrican Forum: \u2018Partnership of Equals\u2019 - Conselho da Di\u00e1spora Portuguesa\",\"isPartOf\":{\"@id\":\"https:\/\/www.diasporaportuguesa.org\/#website\"},\"datePublished\":\"2019-02-05T00:00:00+00:00\",\"dateModified\":\"2022-12-22T13:38:09+00:00\",\"breadcrumb\":{\"@id\":\"https:\/\/www.diasporaportuguesa.org\/en\/news\/2nd-edition-eurafrican-forum-partnership-of-equals-2\/#breadcrumb\"},\"inLanguage\":\"en-US\",\"potentialAction\":[{\"@type\":\"ReadAction\",\"target\":[\"https:\/\/www.diasporaportuguesa.org\/en\/news\/2nd-edition-eurafrican-forum-partnership-of-equals-2\/\"]}]},{\"@type\":\"BreadcrumbList\",\"@id\":\"https:\/\/www.diasporaportuguesa.org\/en\/news\/2nd-edition-eurafrican-forum-partnership-of-equals-2\/#breadcrumb\",\"itemListElement\":[{\"@type\":\"ListItem\",\"position\":1,\"name\":\"In\u00edcio\",\"item\":\"https:\/\/www.diasporaportuguesa.org\/en\/\"},{\"@type\":\"ListItem\",\"position\":2,\"name\":\"News\",\"item\":\"https:\/\/www.diasporaportuguesa.org\/en\/news\/\"},{\"@type\":\"ListItem\",\"position\":3,\"name\":\"2nd Edition EurAfrican Forum: \u2018Partnership of Equals\u2019\"}]},{\"@type\":\"WebSite\",\"@id\":\"https:\/\/www.diasporaportuguesa.org\/#website\",\"url\":\"https:\/\/www.diasporaportuguesa.org\/\",\"name\":\"Conselho da Di\u00e1spora Portuguesa\",\"description\":\"Conselho da Di\u00e1spora Portuguesa\",\"publisher\":{\"@id\":\"https:\/\/www.diasporaportuguesa.org\/#organization\"},\"potentialAction\":[{\"@type\":\"SearchAction\",\"target\":{\"@type\":\"EntryPoint\",\"urlTemplate\":\"https:\/\/www.diasporaportuguesa.org\/?s={search_term_string}\"},\"query-input\":\"required name=search_term_string\"}],\"inLanguage\":\"en-US\"},{\"@type\":\"Organization\",\"@id\":\"https:\/\/www.diasporaportuguesa.org\/#organization\",\"name\":\"Conselho da Di\u00e1spora Portuguesa\",\"url\":\"https:\/\/www.diasporaportuguesa.org\/\",\"logo\":{\"@type\":\"ImageObject\",\"inLanguage\":\"en-US\",\"@id\":\"https:\/\/www.diasporaportuguesa.org\/#\/schema\/logo\/image\/\",\"url\":\"https:\/\/www.diasporaportuguesa.org\/wp-content\/uploads\/2022\/11\/conselho-diaspora-portuguesa.png\",\"contentUrl\":\"https:\/\/www.diasporaportuguesa.org\/wp-content\/uploads\/2022\/11\/conselho-diaspora-portuguesa.png\",\"width\":735,\"height\":216,\"caption\":\"Conselho da Di\u00e1spora Portuguesa\"},\"image\":{\"@id\":\"https:\/\/www.diasporaportuguesa.org\/#\/schema\/logo\/image\/\"},\"sameAs\":[\"https:\/\/twitter.com\/CdDiaspora\",\"https:\/\/www.linkedin.com\/company\/conselho-da-diaspora-portuguesa\/\",\"https:\/\/www.youtube.com\/channel\/UCEI8qERhtqzV1UgdITBo6rw\/videos\"]},{\"@type\":\"Person\",\"@id\":\"https:\/\/www.diasporaportuguesa.org\/#\/schema\/person\/dc02f3627d3a0025a0125f4a141dc0af\",\"name\":\"Nelson Le\u00e3o\",\"url\":\"https:\/\/www.diasporaportuguesa.org\/en\/author\/nelson-leaowaynext-com\/\"}]}<\/script>\n<!-- \/ Yoast SEO plugin. -->","yoast_head_json":{"title":"2nd Edition EurAfrican Forum: \u2018Partnership of Equals\u2019 - Conselho da Di\u00e1spora Portuguesa","robots":{"index":"index","follow":"follow","max-snippet":"max-snippet:-1","max-image-preview":"max-image-preview:large","max-video-preview":"max-video-preview:-1"},"canonical":"https:\/\/www.diasporaportuguesa.org\/en\/news\/2nd-edition-eurafrican-forum-partnership-of-equals-2\/","og_locale":"en_US","og_type":"article","og_title":"2nd Edition EurAfrican Forum: \u2018Partnership of Equals\u2019 - Conselho da Di\u00e1spora Portuguesa","og_description":"The 2nd Edition of EurAfrican Forum will take place on July 4 and 5, 2019, at the Grand Auditorium of NOVA School of Business and Economics, Cascais, with the theme \u201cPartnership of Equals: Sharing Values, Sharing Prosperity\u201d.","og_url":"https:\/\/www.diasporaportuguesa.org\/en\/news\/2nd-edition-eurafrican-forum-partnership-of-equals-2\/","og_site_name":"Conselho da Di\u00e1spora Portuguesa","article_published_time":"2019-02-05T00:00:00+00:00","article_modified_time":"2022-12-22T13:38:09+00:00","og_image":[{"width":325,"height":257,"url":"https:\/\/www.diasporaportuguesa.org\/wp-content\/uploads\/2019\/02\/EAf18_19.jpg","type":"image\/jpeg"}],"author":"Nelson Le\u00e3o","twitter_card":"summary_large_image","twitter_creator":"@CdDiaspora","twitter_site":"@CdDiaspora","twitter_misc":{"Written by":"Nelson Le\u00e3o","Est. reading time":"7 minutes"},"schema":{"@context":"https:\/\/schema.org","@graph":[{"@type":"Article","@id":"https:\/\/www.diasporaportuguesa.org\/en\/news\/2nd-edition-eurafrican-forum-partnership-of-equals-2\/#article","isPartOf":{"@id":"https:\/\/www.diasporaportuguesa.org\/en\/news\/2nd-edition-eurafrican-forum-partnership-of-equals-2\/"},"author":{"name":"Nelson Le\u00e3o","@id":"https:\/\/www.diasporaportuguesa.org\/#\/schema\/person\/dc02f3627d3a0025a0125f4a141dc0af"},"headline":"2nd Edition EurAfrican Forum: \u2018Partnership of Equals\u2019","datePublished":"2019-02-05T00:00:00+00:00","dateModified":"2022-12-22T13:38:09+00:00","mainEntityOfPage":{"@id":"https:\/\/www.diasporaportuguesa.org\/en\/news\/2nd-edition-eurafrican-forum-partnership-of-equals-2\/"},"wordCount":1238,"commentCount":0,"publisher":{"@id":"https:\/\/www.diasporaportuguesa.org\/#organization"},"keywords":["Conselho da Di\u00e1spora Portuguesa","EurAfrican Forum","EurAfrican Forum","EurAfrican Forum 2019","Partnership of Equals","PartnershipofEquals","Portuguese Diaspora Council"],"articleSection":["News"],"inLanguage":"en-US","potentialAction":[{"@type":"CommentAction","name":"Comment","target":["https:\/\/www.diasporaportuguesa.org\/en\/news\/2nd-edition-eurafrican-forum-partnership-of-equals-2\/#respond"]}]},{"@type":"WebPage","@id":"https:\/\/www.diasporaportuguesa.org\/en\/news\/2nd-edition-eurafrican-forum-partnership-of-equals-2\/","url":"https:\/\/www.diasporaportuguesa.org\/en\/news\/2nd-edition-eurafrican-forum-partnership-of-equals-2\/","name":"2nd Edition EurAfrican Forum: \u2018Partnership of Equals\u2019 - Conselho da Di\u00e1spora Portuguesa","isPartOf":{"@id":"https:\/\/www.diasporaportuguesa.org\/#website"},"datePublished":"2019-02-05T00:00:00+00:00","dateModified":"2022-12-22T13:38:09+00:00","breadcrumb":{"@id":"https:\/\/www.diasporaportuguesa.org\/en\/news\/2nd-edition-eurafrican-forum-partnership-of-equals-2\/#breadcrumb"},"inLanguage":"en-US","potentialAction":[{"@type":"ReadAction","target":["https:\/\/www.diasporaportuguesa.org\/en\/news\/2nd-edition-eurafrican-forum-partnership-of-equals-2\/"]}]},{"@type":"BreadcrumbList","@id":"https:\/\/www.diasporaportuguesa.org\/en\/news\/2nd-edition-eurafrican-forum-partnership-of-equals-2\/#breadcrumb","itemListElement":[{"@type":"ListItem","position":1,"name":"In\u00edcio","item":"https:\/\/www.diasporaportuguesa.org\/en\/"},{"@type":"ListItem","position":2,"name":"News","item":"https:\/\/www.diasporaportuguesa.org\/en\/news\/"},{"@type":"ListItem","position":3,"name":"2nd Edition EurAfrican Forum: \u2018Partnership of Equals\u2019"}]},{"@type":"WebSite","@id":"https:\/\/www.diasporaportuguesa.org\/#website","url":"https:\/\/www.diasporaportuguesa.org\/","name":"Conselho da Di\u00e1spora Portuguesa","description":"Conselho da Di\u00e1spora Portuguesa","publisher":{"@id":"https:\/\/www.diasporaportuguesa.org\/#organization"},"potentialAction":[{"@type":"SearchAction","target":{"@type":"EntryPoint","urlTemplate":"https:\/\/www.diasporaportuguesa.org\/?s={search_term_string}"},"query-input":"required name=search_term_string"}],"inLanguage":"en-US"},{"@type":"Organization","@id":"https:\/\/www.diasporaportuguesa.org\/#organization","name":"Conselho da Di\u00e1spora Portuguesa","url":"https:\/\/www.diasporaportuguesa.org\/","logo":{"@type":"ImageObject","inLanguage":"en-US","@id":"https:\/\/www.diasporaportuguesa.org\/#\/schema\/logo\/image\/","url":"https:\/\/www.diasporaportuguesa.org\/wp-content\/uploads\/2022\/11\/conselho-diaspora-portuguesa.png","contentUrl":"https:\/\/www.diasporaportuguesa.org\/wp-content\/uploads\/2022\/11\/conselho-diaspora-portuguesa.png","width":735,"height":216,"caption":"Conselho da Di\u00e1spora Portuguesa"},"image":{"@id":"https:\/\/www.diasporaportuguesa.org\/#\/schema\/logo\/image\/"},"sameAs":["https:\/\/twitter.com\/CdDiaspora","https:\/\/www.linkedin.com\/company\/conselho-da-diaspora-portuguesa\/","https:\/\/www.youtube.com\/channel\/UCEI8qERhtqzV1UgdITBo6rw\/videos"]},{"@type":"Person","@id":"https:\/\/www.diasporaportuguesa.org\/#\/schema\/person\/dc02f3627d3a0025a0125f4a141dc0af","name":"Nelson Le\u00e3o","url":"https:\/\/www.diasporaportuguesa.org\/en\/author\/nelson-leaowaynext-com\/"}]}},"_links":{"self":[{"href":"https:\/\/www.diasporaportuguesa.org\/en\/wp-json\/wp\/v2\/posts\/475"}],"collection":[{"href":"https:\/\/www.diasporaportuguesa.org\/en\/wp-json\/wp\/v2\/posts"}],"about":[{"href":"https:\/\/www.diasporaportuguesa.org\/en\/wp-json\/wp\/v2\/types\/post"}],"author":[{"embeddable":true,"href":"https:\/\/www.diasporaportuguesa.org\/en\/wp-json\/wp\/v2\/users\/2"}],"replies":[{"embeddable":true,"href":"https:\/\/www.diasporaportuguesa.org\/en\/wp-json\/wp\/v2\/comments?post=475"}],"version-history":[{"count":1,"href":"https:\/\/www.diasporaportuguesa.org\/en\/wp-json\/wp\/v2\/posts\/475\/revisions"}],"predecessor-version":[{"id":11123,"href":"https:\/\/www.diasporaportuguesa.org\/en\/wp-json\/wp\/v2\/posts\/475\/revisions\/11123"}],"wp:featuredmedia":[{"embeddable":true,"href":"https:\/\/www.diasporaportuguesa.org\/en\/wp-json\/wp\/v2\/media\/11121"}],"wp:attachment":[{"href":"https:\/\/www.diasporaportuguesa.org\/en\/wp-json\/wp\/v2\/media?parent=475"}],"wp:term":[{"taxonomy":"category","embeddable":true,"href":"https:\/\/www.diasporaportuguesa.org\/en\/wp-json\/wp\/v2\/categories?post=475"},{"taxonomy":"post_tag","embeddable":true,"href":"https:\/\/www.diasporaportuguesa.org\/en\/wp-json\/wp\/v2\/tags?post=475"}],"curies":[{"name":"wp","href":"https:\/\/api.w.org\/{rel}","templated":true}]}}