{"id":482,"date":"2019-01-04T00:00:00","date_gmt":"2019-01-04T00:00:00","guid":{"rendered":"https:\/\/www.diasporaportuguesa.org\/6th-annual-meeting-portuguese-talent-and-competitiveness-2\/"},"modified":"2022-12-22T13:51:00","modified_gmt":"2022-12-22T13:51:00","slug":"6th-annual-meeting-portuguese-talent-and-competitiveness-2","status":"publish","type":"post","link":"https:\/\/www.diasporaportuguesa.org\/en\/news\/6th-annual-meeting-portuguese-talent-and-competitiveness-2\/","title":{"rendered":"World Bank reinforces support to CPLP African countries"},"content":{"rendered":"<p>Manuela Ferro, the Diaspora Counselor that supervises the financial corporate policies at the World Bank, talked about the support of this institution to the CPLP African countries in an interview to Lusa agency news.<\/p>\n<p><!--more--><\/p>\n<p>In every [African] CPLP countries we will strengthen the financing&#8221;, stated to Lusa, the World Bank economist.<\/p>\n<p>According to the Portuguese responsible, the World Bank has recently registered &#8220;a big increase on the demand of financing, both from banks that lend with low interest rates in poor countries and from the countries that are developing, between 1.500 USD per capita until 7.000 or 8.000 USD\u00a0per capita&#8221;.<\/p>\n<p>\u201cThis happens because there is an global increase on the interest rates and the needs are huge, mainly in Africa, and also in CPLP countries&#8221;, explained\u00a0<span style=\"color: #008000;\"><a style=\"color: #008000;\" href=\"\/?p=1818\" target=\"_blank\" rel=\"noopener\">Manuela Ferro<\/a><\/span>.<\/p>\n<p>\u201cRegarding the demand, we have large programs in Mozambique, increasing programs in Angola, because we are trying to support the reforms that are being made (&#8230;), in important fields&#8221;, exemplified.<\/p>\n<p>In the case of S\u00e3o Tom\u00e9 and Pr\u00edncipe, \u201cthere aren&#8217;t high volumes, but the potential impact is very high&#8221;. The responsible added that the World Bank works in those countries in partnership with the Portuguese government &#8220;in many activities, namely in education&#8221;.<\/p>\n<p>Globally, the aim is &#8220;to empower the support to water and sanitation programs, that are really important to the children health and to the human development in many of these CPLP countries&#8221;, highlighted.<\/p>\n<p>About the economic perspectives to the member-States of CPLP, Manuela Ferro, considered that \u201cthe economic factors are a result of two vectors: global and global conditions&#8221;.<\/p>\n<p>WATCH\u00a0<span style=\"color: #008000;\"><strong><a style=\"color: #008000;\" href=\"https:\/\/www.rtp.pt\/noticias\/mundo\/banco-mundial-reforca-apoio-a-paises-africanos-da-cplp_v1120017\" target=\"_blank\" rel=\"noopener\">HERE<\/a><\/strong><\/span>\u00a0THE INTERVIEW.<\/p>\n<p><em>By Jornal Econ\u00f3mico and Lusa, December 2018<\/em><\/p>\n","protected":false},"excerpt":{"rendered":"Manuela Ferro, the Diaspora Counselor that supervises the financial corporate policies at the World Bank, talked about the support of this institution to the CPLP African countries in an interview to Lusa agency news.","protected":false},"author":2,"featured_media":11168,"comment_status":"open","ping_status":"open","sticky":false,"template":"","format":"standard","meta":{"footnotes":""},"categories":[12],"tags":[264,56,233,196,241],"acf":[],"yoast_head":"<!-- This site is optimized with the Yoast SEO plugin v21.3 - https:\/\/yoast.com\/wordpress\/plugins\/seo\/ -->\n<title>World Bank reinforces support to CPLP African countries - Conselho da Di\u00e1spora Portuguesa<\/title>\n<meta name=\"robots\" content=\"index, follow, max-snippet:-1, max-image-preview:large, max-video-preview:-1\" \/>\n<link rel=\"canonical\" href=\"https:\/\/www.diasporaportuguesa.org\/en\/news\/6th-annual-meeting-portuguese-talent-and-competitiveness-2\/\" \/>\n<meta property=\"og:locale\" content=\"en_US\" \/>\n<meta property=\"og:type\" content=\"article\" \/>\n<meta property=\"og:title\" content=\"World Bank reinforces support to CPLP African countries - Conselho da Di\u00e1spora Portuguesa\" \/>\n<meta property=\"og:description\" content=\"Manuela Ferro, the Diaspora Counselor that supervises the financial corporate policies at the World Bank, talked about the support of this institution to the CPLP African countries in an interview to Lusa agency news.\" \/>\n<meta property=\"og:url\" content=\"https:\/\/www.diasporaportuguesa.org\/en\/news\/6th-annual-meeting-portuguese-talent-and-competitiveness-2\/\" \/>\n<meta property=\"og:site_name\" content=\"Conselho da Di\u00e1spora Portuguesa\" \/>\n<meta property=\"article:published_time\" content=\"2019-01-04T00:00:00+00:00\" \/>\n<meta property=\"article:modified_time\" content=\"2022-12-22T13:51:00+00:00\" \/>\n<meta property=\"og:image\" content=\"https:\/\/www.diasporaportuguesa.org\/wp-content\/uploads\/2019\/01\/ManuelaFerro_Entrevista_325x257-1.jpg\" \/>\n\t<meta property=\"og:image:width\" content=\"325\" \/>\n\t<meta property=\"og:image:height\" content=\"257\" \/>\n\t<meta property=\"og:image:type\" content=\"image\/jpeg\" \/>\n<meta name=\"author\" content=\"Nelson Le\u00e3o\" \/>\n<meta name=\"twitter:card\" content=\"summary_large_image\" \/>\n<meta name=\"twitter:creator\" content=\"@CdDiaspora\" \/>\n<meta name=\"twitter:site\" content=\"@CdDiaspora\" \/>\n<meta name=\"twitter:label1\" content=\"Written by\" \/>\n\t<meta name=\"twitter:data1\" content=\"Nelson Le\u00e3o\" \/>\n\t<meta name=\"twitter:label2\" content=\"Est. reading time\" \/>\n\t<meta name=\"twitter:data2\" content=\"2 minutes\" \/>\n<script type=\"application\/ld+json\" class=\"yoast-schema-graph\">{\"@context\":\"https:\/\/schema.org\",\"@graph\":[{\"@type\":\"Article\",\"@id\":\"https:\/\/www.diasporaportuguesa.org\/en\/news\/6th-annual-meeting-portuguese-talent-and-competitiveness-2\/#article\",\"isPartOf\":{\"@id\":\"https:\/\/www.diasporaportuguesa.org\/en\/news\/6th-annual-meeting-portuguese-talent-and-competitiveness-2\/\"},\"author\":{\"name\":\"Nelson Le\u00e3o\",\"@id\":\"https:\/\/www.diasporaportuguesa.org\/#\/schema\/person\/dc02f3627d3a0025a0125f4a141dc0af\"},\"headline\":\"World Bank reinforces support to CPLP African countries\",\"datePublished\":\"2019-01-04T00:00:00+00:00\",\"dateModified\":\"2022-12-22T13:51:00+00:00\",\"mainEntityOfPage\":{\"@id\":\"https:\/\/www.diasporaportuguesa.org\/en\/news\/6th-annual-meeting-portuguese-talent-and-competitiveness-2\/\"},\"wordCount\":277,\"commentCount\":0,\"publisher\":{\"@id\":\"https:\/\/www.diasporaportuguesa.org\/#organization\"},\"keywords\":[\"Conselho da Di\u00e1spora Portuguesa\",\"Manuela Ferro\",\"Portuguese Diaspora\",\"Portuguese Diaspora Council\",\"World Bank\"],\"articleSection\":[\"News\"],\"inLanguage\":\"en-US\",\"potentialAction\":[{\"@type\":\"CommentAction\",\"name\":\"Comment\",\"target\":[\"https:\/\/www.diasporaportuguesa.org\/en\/news\/6th-annual-meeting-portuguese-talent-and-competitiveness-2\/#respond\"]}]},{\"@type\":\"WebPage\",\"@id\":\"https:\/\/www.diasporaportuguesa.org\/en\/news\/6th-annual-meeting-portuguese-talent-and-competitiveness-2\/\",\"url\":\"https:\/\/www.diasporaportuguesa.org\/en\/news\/6th-annual-meeting-portuguese-talent-and-competitiveness-2\/\",\"name\":\"World Bank reinforces support to CPLP African countries - Conselho da Di\u00e1spora Portuguesa\",\"isPartOf\":{\"@id\":\"https:\/\/www.diasporaportuguesa.org\/#website\"},\"datePublished\":\"2019-01-04T00:00:00+00:00\",\"dateModified\":\"2022-12-22T13:51:00+00:00\",\"breadcrumb\":{\"@id\":\"https:\/\/www.diasporaportuguesa.org\/en\/news\/6th-annual-meeting-portuguese-talent-and-competitiveness-2\/#breadcrumb\"},\"inLanguage\":\"en-US\",\"potentialAction\":[{\"@type\":\"ReadAction\",\"target\":[\"https:\/\/www.diasporaportuguesa.org\/en\/news\/6th-annual-meeting-portuguese-talent-and-competitiveness-2\/\"]}]},{\"@type\":\"BreadcrumbList\",\"@id\":\"https:\/\/www.diasporaportuguesa.org\/en\/news\/6th-annual-meeting-portuguese-talent-and-competitiveness-2\/#breadcrumb\",\"itemListElement\":[{\"@type\":\"ListItem\",\"position\":1,\"name\":\"In\u00edcio\",\"item\":\"https:\/\/www.diasporaportuguesa.org\/en\/\"},{\"@type\":\"ListItem\",\"position\":2,\"name\":\"News\",\"item\":\"https:\/\/www.diasporaportuguesa.org\/en\/news\/\"},{\"@type\":\"ListItem\",\"position\":3,\"name\":\"World Bank reinforces support to CPLP African countries\"}]},{\"@type\":\"WebSite\",\"@id\":\"https:\/\/www.diasporaportuguesa.org\/#website\",\"url\":\"https:\/\/www.diasporaportuguesa.org\/\",\"name\":\"Conselho da Di\u00e1spora Portuguesa\",\"description\":\"Conselho da Di\u00e1spora Portuguesa\",\"publisher\":{\"@id\":\"https:\/\/www.diasporaportuguesa.org\/#organization\"},\"potentialAction\":[{\"@type\":\"SearchAction\",\"target\":{\"@type\":\"EntryPoint\",\"urlTemplate\":\"https:\/\/www.diasporaportuguesa.org\/?s={search_term_string}\"},\"query-input\":\"required name=search_term_string\"}],\"inLanguage\":\"en-US\"},{\"@type\":\"Organization\",\"@id\":\"https:\/\/www.diasporaportuguesa.org\/#organization\",\"name\":\"Conselho da Di\u00e1spora Portuguesa\",\"url\":\"https:\/\/www.diasporaportuguesa.org\/\",\"logo\":{\"@type\":\"ImageObject\",\"inLanguage\":\"en-US\",\"@id\":\"https:\/\/www.diasporaportuguesa.org\/#\/schema\/logo\/image\/\",\"url\":\"https:\/\/www.diasporaportuguesa.org\/wp-content\/uploads\/2022\/11\/conselho-diaspora-portuguesa.png\",\"contentUrl\":\"https:\/\/www.diasporaportuguesa.org\/wp-content\/uploads\/2022\/11\/conselho-diaspora-portuguesa.png\",\"width\":735,\"height\":216,\"caption\":\"Conselho da Di\u00e1spora Portuguesa\"},\"image\":{\"@id\":\"https:\/\/www.diasporaportuguesa.org\/#\/schema\/logo\/image\/\"},\"sameAs\":[\"https:\/\/twitter.com\/CdDiaspora\",\"https:\/\/www.linkedin.com\/company\/conselho-da-diaspora-portuguesa\/\",\"https:\/\/www.youtube.com\/channel\/UCEI8qERhtqzV1UgdITBo6rw\/videos\"]},{\"@type\":\"Person\",\"@id\":\"https:\/\/www.diasporaportuguesa.org\/#\/schema\/person\/dc02f3627d3a0025a0125f4a141dc0af\",\"name\":\"Nelson Le\u00e3o\",\"url\":\"https:\/\/www.diasporaportuguesa.org\/en\/author\/nelson-leaowaynext-com\/\"}]}<\/script>\n<!-- \/ Yoast SEO plugin. -->","yoast_head_json":{"title":"World Bank reinforces support to CPLP African countries - Conselho da Di\u00e1spora Portuguesa","robots":{"index":"index","follow":"follow","max-snippet":"max-snippet:-1","max-image-preview":"max-image-preview:large","max-video-preview":"max-video-preview:-1"},"canonical":"https:\/\/www.diasporaportuguesa.org\/en\/news\/6th-annual-meeting-portuguese-talent-and-competitiveness-2\/","og_locale":"en_US","og_type":"article","og_title":"World Bank reinforces support to CPLP African countries - Conselho da Di\u00e1spora Portuguesa","og_description":"Manuela Ferro, the Diaspora Counselor that supervises the financial corporate policies at the World Bank, talked about the support of this institution to the CPLP African countries in an interview to Lusa agency news.","og_url":"https:\/\/www.diasporaportuguesa.org\/en\/news\/6th-annual-meeting-portuguese-talent-and-competitiveness-2\/","og_site_name":"Conselho da Di\u00e1spora Portuguesa","article_published_time":"2019-01-04T00:00:00+00:00","article_modified_time":"2022-12-22T13:51:00+00:00","og_image":[{"width":325,"height":257,"url":"https:\/\/www.diasporaportuguesa.org\/wp-content\/uploads\/2019\/01\/ManuelaFerro_Entrevista_325x257-1.jpg","type":"image\/jpeg"}],"author":"Nelson Le\u00e3o","twitter_card":"summary_large_image","twitter_creator":"@CdDiaspora","twitter_site":"@CdDiaspora","twitter_misc":{"Written by":"Nelson Le\u00e3o","Est. reading time":"2 minutes"},"schema":{"@context":"https:\/\/schema.org","@graph":[{"@type":"Article","@id":"https:\/\/www.diasporaportuguesa.org\/en\/news\/6th-annual-meeting-portuguese-talent-and-competitiveness-2\/#article","isPartOf":{"@id":"https:\/\/www.diasporaportuguesa.org\/en\/news\/6th-annual-meeting-portuguese-talent-and-competitiveness-2\/"},"author":{"name":"Nelson Le\u00e3o","@id":"https:\/\/www.diasporaportuguesa.org\/#\/schema\/person\/dc02f3627d3a0025a0125f4a141dc0af"},"headline":"World Bank reinforces support to CPLP African countries","datePublished":"2019-01-04T00:00:00+00:00","dateModified":"2022-12-22T13:51:00+00:00","mainEntityOfPage":{"@id":"https:\/\/www.diasporaportuguesa.org\/en\/news\/6th-annual-meeting-portuguese-talent-and-competitiveness-2\/"},"wordCount":277,"commentCount":0,"publisher":{"@id":"https:\/\/www.diasporaportuguesa.org\/#organization"},"keywords":["Conselho da Di\u00e1spora Portuguesa","Manuela Ferro","Portuguese Diaspora","Portuguese Diaspora Council","World Bank"],"articleSection":["News"],"inLanguage":"en-US","potentialAction":[{"@type":"CommentAction","name":"Comment","target":["https:\/\/www.diasporaportuguesa.org\/en\/news\/6th-annual-meeting-portuguese-talent-and-competitiveness-2\/#respond"]}]},{"@type":"WebPage","@id":"https:\/\/www.diasporaportuguesa.org\/en\/news\/6th-annual-meeting-portuguese-talent-and-competitiveness-2\/","url":"https:\/\/www.diasporaportuguesa.org\/en\/news\/6th-annual-meeting-portuguese-talent-and-competitiveness-2\/","name":"World Bank reinforces support to CPLP African countries - Conselho da Di\u00e1spora Portuguesa","isPartOf":{"@id":"https:\/\/www.diasporaportuguesa.org\/#website"},"datePublished":"2019-01-04T00:00:00+00:00","dateModified":"2022-12-22T13:51:00+00:00","breadcrumb":{"@id":"https:\/\/www.diasporaportuguesa.org\/en\/news\/6th-annual-meeting-portuguese-talent-and-competitiveness-2\/#breadcrumb"},"inLanguage":"en-US","potentialAction":[{"@type":"ReadAction","target":["https:\/\/www.diasporaportuguesa.org\/en\/news\/6th-annual-meeting-portuguese-talent-and-competitiveness-2\/"]}]},{"@type":"BreadcrumbList","@id":"https:\/\/www.diasporaportuguesa.org\/en\/news\/6th-annual-meeting-portuguese-talent-and-competitiveness-2\/#breadcrumb","itemListElement":[{"@type":"ListItem","position":1,"name":"In\u00edcio","item":"https:\/\/www.diasporaportuguesa.org\/en\/"},{"@type":"ListItem","position":2,"name":"News","item":"https:\/\/www.diasporaportuguesa.org\/en\/news\/"},{"@type":"ListItem","position":3,"name":"World Bank reinforces support to CPLP African countries"}]},{"@type":"WebSite","@id":"https:\/\/www.diasporaportuguesa.org\/#website","url":"https:\/\/www.diasporaportuguesa.org\/","name":"Conselho da Di\u00e1spora Portuguesa","description":"Conselho da Di\u00e1spora Portuguesa","publisher":{"@id":"https:\/\/www.diasporaportuguesa.org\/#organization"},"potentialAction":[{"@type":"SearchAction","target":{"@type":"EntryPoint","urlTemplate":"https:\/\/www.diasporaportuguesa.org\/?s={search_term_string}"},"query-input":"required name=search_term_string"}],"inLanguage":"en-US"},{"@type":"Organization","@id":"https:\/\/www.diasporaportuguesa.org\/#organization","name":"Conselho da Di\u00e1spora Portuguesa","url":"https:\/\/www.diasporaportuguesa.org\/","logo":{"@type":"ImageObject","inLanguage":"en-US","@id":"https:\/\/www.diasporaportuguesa.org\/#\/schema\/logo\/image\/","url":"https:\/\/www.diasporaportuguesa.org\/wp-content\/uploads\/2022\/11\/conselho-diaspora-portuguesa.png","contentUrl":"https:\/\/www.diasporaportuguesa.org\/wp-content\/uploads\/2022\/11\/conselho-diaspora-portuguesa.png","width":735,"height":216,"caption":"Conselho da Di\u00e1spora Portuguesa"},"image":{"@id":"https:\/\/www.diasporaportuguesa.org\/#\/schema\/logo\/image\/"},"sameAs":["https:\/\/twitter.com\/CdDiaspora","https:\/\/www.linkedin.com\/company\/conselho-da-diaspora-portuguesa\/","https:\/\/www.youtube.com\/channel\/UCEI8qERhtqzV1UgdITBo6rw\/videos"]},{"@type":"Person","@id":"https:\/\/www.diasporaportuguesa.org\/#\/schema\/person\/dc02f3627d3a0025a0125f4a141dc0af","name":"Nelson Le\u00e3o","url":"https:\/\/www.diasporaportuguesa.org\/en\/author\/nelson-leaowaynext-com\/"}]}},"_links":{"self":[{"href":"https:\/\/www.diasporaportuguesa.org\/en\/wp-json\/wp\/v2\/posts\/482"}],"collection":[{"href":"https:\/\/www.diasporaportuguesa.org\/en\/wp-json\/wp\/v2\/posts"}],"about":[{"href":"https:\/\/www.diasporaportuguesa.org\/en\/wp-json\/wp\/v2\/types\/post"}],"author":[{"embeddable":true,"href":"https:\/\/www.diasporaportuguesa.org\/en\/wp-json\/wp\/v2\/users\/2"}],"replies":[{"embeddable":true,"href":"https:\/\/www.diasporaportuguesa.org\/en\/wp-json\/wp\/v2\/comments?post=482"}],"version-history":[{"count":1,"href":"https:\/\/www.diasporaportuguesa.org\/en\/wp-json\/wp\/v2\/posts\/482\/revisions"}],"predecessor-version":[{"id":11170,"href":"https:\/\/www.diasporaportuguesa.org\/en\/wp-json\/wp\/v2\/posts\/482\/revisions\/11170"}],"wp:featuredmedia":[{"embeddable":true,"href":"https:\/\/www.diasporaportuguesa.org\/en\/wp-json\/wp\/v2\/media\/11168"}],"wp:attachment":[{"href":"https:\/\/www.diasporaportuguesa.org\/en\/wp-json\/wp\/v2\/media?parent=482"}],"wp:term":[{"taxonomy":"category","embeddable":true,"href":"https:\/\/www.diasporaportuguesa.org\/en\/wp-json\/wp\/v2\/categories?post=482"},{"taxonomy":"post_tag","embeddable":true,"href":"https:\/\/www.diasporaportuguesa.org\/en\/wp-json\/wp\/v2\/tags?post=482"}],"curies":[{"name":"wp","href":"https:\/\/api.w.org\/{rel}","templated":true}]}}