{"id":509,"date":"2019-05-15T00:00:00","date_gmt":"2019-05-15T00:00:00","guid":{"rendered":"https:\/\/www.diasporaportuguesa.org\/antonio-goncalves-in-conference-about-management\/"},"modified":"2022-12-23T10:56:29","modified_gmt":"2022-12-23T10:56:29","slug":"antonio-goncalves-in-conference-about-management","status":"publish","type":"post","link":"https:\/\/www.diasporaportuguesa.org\/en\/news\/antonio-goncalves-in-conference-about-management\/","title":{"rendered":"Ant\u00f3nio Gon\u00e7alves in conference about management and economy"},"content":{"rendered":"<p>The Portuguese Diaspora Counselor and founder of EA Ventur, Ant\u00f3nio Gon\u00e7alves, participated as speaker on the Economy and Management Days 2019 of University of Minho, on the month of April.<!--more--><\/p>\n<p><span style=\"color: #008000;\"><a style=\"color: #008000;\" href=\"\/?p=7355\" target=\"_blank\" rel=\"noopener\">Ant\u00f3nio Gon\u00e7alves<\/a><\/span>\u00a0was a contributor on the session \u201cAlternative Management\u201d that had the interventions of Diogo Oliveira, Natural Gas Market Manager of Simples Energia, and Maria Barros, Executive Administrator of Hospital de Braga.<\/p>\n<p>The Diaspora Counselor was\u00a0 International Director a ES-KO International Inc., from July 2015 to June 2018, one of the biggest multinationals in logistics and equipment installation difficult access areas\u00a0\u00a0and unstable political situations, having served the biggest world institutions, namely\u00a0UN, NATO, and many NGO&#8217;s and Governments.<\/p>\n<p>Economy and Management Days 2019 of University of Minho are organized by the ADEGE, University of Minho Student Association and\u00a0NAECUM, the Economy Students Union of University of Minho.<\/p>\n<p><em>By Portuguese Diaspora Council, May 2019<\/em><\/p>\n","protected":false},"excerpt":{"rendered":"The Portuguese Diaspora Counselor and founder of EA Ventur, Ant\u00f3nio Gon\u00e7alves, participated as speaker on the Economy and Management Days 2019 of University of Minho, on the month of April.","protected":false},"author":2,"featured_media":11033,"comment_status":"open","ping_status":"open","sticky":false,"template":"","format":"standard","meta":{"footnotes":""},"categories":[12],"tags":[152,264,35,252,64,196],"acf":[],"yoast_head":"<!-- This site is optimized with the Yoast SEO plugin v21.3 - https:\/\/yoast.com\/wordpress\/plugins\/seo\/ -->\n<title>Ant\u00f3nio Gon\u00e7alves in conference about management and economy - Conselho da Di\u00e1spora Portuguesa<\/title>\n<meta name=\"robots\" content=\"index, follow, max-snippet:-1, max-image-preview:large, max-video-preview:-1\" \/>\n<link rel=\"canonical\" href=\"https:\/\/www.diasporaportuguesa.org\/en\/news\/antonio-goncalves-in-conference-about-management\/\" \/>\n<meta property=\"og:locale\" content=\"en_US\" \/>\n<meta property=\"og:type\" content=\"article\" \/>\n<meta property=\"og:title\" content=\"Ant\u00f3nio Gon\u00e7alves in conference about management and economy - Conselho da Di\u00e1spora Portuguesa\" \/>\n<meta property=\"og:description\" content=\"The Portuguese Diaspora Counselor and founder of EA Ventur, Ant\u00f3nio Gon\u00e7alves, participated as speaker on the Economy and Management Days 2019 of University of Minho, on the month of April.\" \/>\n<meta property=\"og:url\" content=\"https:\/\/www.diasporaportuguesa.org\/en\/news\/antonio-goncalves-in-conference-about-management\/\" \/>\n<meta property=\"og:site_name\" content=\"Conselho da Di\u00e1spora Portuguesa\" \/>\n<meta property=\"article:published_time\" content=\"2019-05-15T00:00:00+00:00\" \/>\n<meta property=\"article:modified_time\" content=\"2022-12-23T10:56:29+00:00\" \/>\n<meta property=\"og:image\" content=\"https:\/\/www.diasporaportuguesa.org\/wp-content\/uploads\/2019\/05\/antonio_goncalves_325x257-1.jpg\" \/>\n\t<meta property=\"og:image:width\" content=\"325\" \/>\n\t<meta property=\"og:image:height\" content=\"257\" \/>\n\t<meta property=\"og:image:type\" content=\"image\/jpeg\" \/>\n<meta name=\"author\" content=\"Nelson Le\u00e3o\" \/>\n<meta name=\"twitter:card\" content=\"summary_large_image\" \/>\n<meta name=\"twitter:creator\" content=\"@CdDiaspora\" \/>\n<meta name=\"twitter:site\" content=\"@CdDiaspora\" \/>\n<meta name=\"twitter:label1\" content=\"Written by\" \/>\n\t<meta name=\"twitter:data1\" content=\"Nelson Le\u00e3o\" \/>\n\t<meta name=\"twitter:label2\" content=\"Est. reading time\" \/>\n\t<meta name=\"twitter:data2\" content=\"1 minute\" \/>\n<script type=\"application\/ld+json\" class=\"yoast-schema-graph\">{\"@context\":\"https:\/\/schema.org\",\"@graph\":[{\"@type\":\"Article\",\"@id\":\"https:\/\/www.diasporaportuguesa.org\/en\/news\/antonio-goncalves-in-conference-about-management\/#article\",\"isPartOf\":{\"@id\":\"https:\/\/www.diasporaportuguesa.org\/en\/news\/antonio-goncalves-in-conference-about-management\/\"},\"author\":{\"name\":\"Nelson Le\u00e3o\",\"@id\":\"https:\/\/www.diasporaportuguesa.org\/#\/schema\/person\/dc02f3627d3a0025a0125f4a141dc0af\"},\"headline\":\"Ant\u00f3nio Gon\u00e7alves in conference about management and economy\",\"datePublished\":\"2019-05-15T00:00:00+00:00\",\"dateModified\":\"2022-12-23T10:56:29+00:00\",\"mainEntityOfPage\":{\"@id\":\"https:\/\/www.diasporaportuguesa.org\/en\/news\/antonio-goncalves-in-conference-about-management\/\"},\"wordCount\":154,\"commentCount\":0,\"publisher\":{\"@id\":\"https:\/\/www.diasporaportuguesa.org\/#organization\"},\"keywords\":[\"Ant\u00f3nio Gon\u00e7alves\",\"Conselho da Di\u00e1spora Portuguesa\",\"Diaspora;\",\"Management\",\"Portugal\",\"Portuguese Diaspora Council\"],\"articleSection\":[\"News\"],\"inLanguage\":\"en-US\",\"potentialAction\":[{\"@type\":\"CommentAction\",\"name\":\"Comment\",\"target\":[\"https:\/\/www.diasporaportuguesa.org\/en\/news\/antonio-goncalves-in-conference-about-management\/#respond\"]}]},{\"@type\":\"WebPage\",\"@id\":\"https:\/\/www.diasporaportuguesa.org\/en\/news\/antonio-goncalves-in-conference-about-management\/\",\"url\":\"https:\/\/www.diasporaportuguesa.org\/en\/news\/antonio-goncalves-in-conference-about-management\/\",\"name\":\"Ant\u00f3nio Gon\u00e7alves in conference about management and economy - Conselho da Di\u00e1spora Portuguesa\",\"isPartOf\":{\"@id\":\"https:\/\/www.diasporaportuguesa.org\/#website\"},\"datePublished\":\"2019-05-15T00:00:00+00:00\",\"dateModified\":\"2022-12-23T10:56:29+00:00\",\"breadcrumb\":{\"@id\":\"https:\/\/www.diasporaportuguesa.org\/en\/news\/antonio-goncalves-in-conference-about-management\/#breadcrumb\"},\"inLanguage\":\"en-US\",\"potentialAction\":[{\"@type\":\"ReadAction\",\"target\":[\"https:\/\/www.diasporaportuguesa.org\/en\/news\/antonio-goncalves-in-conference-about-management\/\"]}]},{\"@type\":\"BreadcrumbList\",\"@id\":\"https:\/\/www.diasporaportuguesa.org\/en\/news\/antonio-goncalves-in-conference-about-management\/#breadcrumb\",\"itemListElement\":[{\"@type\":\"ListItem\",\"position\":1,\"name\":\"In\u00edcio\",\"item\":\"https:\/\/www.diasporaportuguesa.org\/en\/\"},{\"@type\":\"ListItem\",\"position\":2,\"name\":\"News\",\"item\":\"https:\/\/www.diasporaportuguesa.org\/en\/news\/\"},{\"@type\":\"ListItem\",\"position\":3,\"name\":\"Ant\u00f3nio Gon\u00e7alves in conference about management and economy\"}]},{\"@type\":\"WebSite\",\"@id\":\"https:\/\/www.diasporaportuguesa.org\/#website\",\"url\":\"https:\/\/www.diasporaportuguesa.org\/\",\"name\":\"Conselho da Di\u00e1spora Portuguesa\",\"description\":\"Conselho da Di\u00e1spora Portuguesa\",\"publisher\":{\"@id\":\"https:\/\/www.diasporaportuguesa.org\/#organization\"},\"potentialAction\":[{\"@type\":\"SearchAction\",\"target\":{\"@type\":\"EntryPoint\",\"urlTemplate\":\"https:\/\/www.diasporaportuguesa.org\/?s={search_term_string}\"},\"query-input\":\"required name=search_term_string\"}],\"inLanguage\":\"en-US\"},{\"@type\":\"Organization\",\"@id\":\"https:\/\/www.diasporaportuguesa.org\/#organization\",\"name\":\"Conselho da Di\u00e1spora Portuguesa\",\"url\":\"https:\/\/www.diasporaportuguesa.org\/\",\"logo\":{\"@type\":\"ImageObject\",\"inLanguage\":\"en-US\",\"@id\":\"https:\/\/www.diasporaportuguesa.org\/#\/schema\/logo\/image\/\",\"url\":\"https:\/\/www.diasporaportuguesa.org\/wp-content\/uploads\/2022\/11\/conselho-diaspora-portuguesa.png\",\"contentUrl\":\"https:\/\/www.diasporaportuguesa.org\/wp-content\/uploads\/2022\/11\/conselho-diaspora-portuguesa.png\",\"width\":735,\"height\":216,\"caption\":\"Conselho da Di\u00e1spora Portuguesa\"},\"image\":{\"@id\":\"https:\/\/www.diasporaportuguesa.org\/#\/schema\/logo\/image\/\"},\"sameAs\":[\"https:\/\/twitter.com\/CdDiaspora\",\"https:\/\/www.linkedin.com\/company\/conselho-da-diaspora-portuguesa\/\",\"https:\/\/www.youtube.com\/channel\/UCEI8qERhtqzV1UgdITBo6rw\/videos\"]},{\"@type\":\"Person\",\"@id\":\"https:\/\/www.diasporaportuguesa.org\/#\/schema\/person\/dc02f3627d3a0025a0125f4a141dc0af\",\"name\":\"Nelson Le\u00e3o\",\"url\":\"https:\/\/www.diasporaportuguesa.org\/en\/author\/nelson-leaowaynext-com\/\"}]}<\/script>\n<!-- \/ Yoast SEO plugin. -->","yoast_head_json":{"title":"Ant\u00f3nio Gon\u00e7alves in conference about management and economy - Conselho da Di\u00e1spora Portuguesa","robots":{"index":"index","follow":"follow","max-snippet":"max-snippet:-1","max-image-preview":"max-image-preview:large","max-video-preview":"max-video-preview:-1"},"canonical":"https:\/\/www.diasporaportuguesa.org\/en\/news\/antonio-goncalves-in-conference-about-management\/","og_locale":"en_US","og_type":"article","og_title":"Ant\u00f3nio Gon\u00e7alves in conference about management and economy - Conselho da Di\u00e1spora Portuguesa","og_description":"The Portuguese Diaspora Counselor and founder of EA Ventur, Ant\u00f3nio Gon\u00e7alves, participated as speaker on the Economy and Management Days 2019 of University of Minho, on the month of April.","og_url":"https:\/\/www.diasporaportuguesa.org\/en\/news\/antonio-goncalves-in-conference-about-management\/","og_site_name":"Conselho da Di\u00e1spora Portuguesa","article_published_time":"2019-05-15T00:00:00+00:00","article_modified_time":"2022-12-23T10:56:29+00:00","og_image":[{"width":325,"height":257,"url":"https:\/\/www.diasporaportuguesa.org\/wp-content\/uploads\/2019\/05\/antonio_goncalves_325x257-1.jpg","type":"image\/jpeg"}],"author":"Nelson Le\u00e3o","twitter_card":"summary_large_image","twitter_creator":"@CdDiaspora","twitter_site":"@CdDiaspora","twitter_misc":{"Written by":"Nelson Le\u00e3o","Est. reading time":"1 minute"},"schema":{"@context":"https:\/\/schema.org","@graph":[{"@type":"Article","@id":"https:\/\/www.diasporaportuguesa.org\/en\/news\/antonio-goncalves-in-conference-about-management\/#article","isPartOf":{"@id":"https:\/\/www.diasporaportuguesa.org\/en\/news\/antonio-goncalves-in-conference-about-management\/"},"author":{"name":"Nelson Le\u00e3o","@id":"https:\/\/www.diasporaportuguesa.org\/#\/schema\/person\/dc02f3627d3a0025a0125f4a141dc0af"},"headline":"Ant\u00f3nio Gon\u00e7alves in conference about management and economy","datePublished":"2019-05-15T00:00:00+00:00","dateModified":"2022-12-23T10:56:29+00:00","mainEntityOfPage":{"@id":"https:\/\/www.diasporaportuguesa.org\/en\/news\/antonio-goncalves-in-conference-about-management\/"},"wordCount":154,"commentCount":0,"publisher":{"@id":"https:\/\/www.diasporaportuguesa.org\/#organization"},"keywords":["Ant\u00f3nio Gon\u00e7alves","Conselho da Di\u00e1spora Portuguesa","Diaspora;","Management","Portugal","Portuguese Diaspora Council"],"articleSection":["News"],"inLanguage":"en-US","potentialAction":[{"@type":"CommentAction","name":"Comment","target":["https:\/\/www.diasporaportuguesa.org\/en\/news\/antonio-goncalves-in-conference-about-management\/#respond"]}]},{"@type":"WebPage","@id":"https:\/\/www.diasporaportuguesa.org\/en\/news\/antonio-goncalves-in-conference-about-management\/","url":"https:\/\/www.diasporaportuguesa.org\/en\/news\/antonio-goncalves-in-conference-about-management\/","name":"Ant\u00f3nio Gon\u00e7alves in conference about management and economy - Conselho da Di\u00e1spora Portuguesa","isPartOf":{"@id":"https:\/\/www.diasporaportuguesa.org\/#website"},"datePublished":"2019-05-15T00:00:00+00:00","dateModified":"2022-12-23T10:56:29+00:00","breadcrumb":{"@id":"https:\/\/www.diasporaportuguesa.org\/en\/news\/antonio-goncalves-in-conference-about-management\/#breadcrumb"},"inLanguage":"en-US","potentialAction":[{"@type":"ReadAction","target":["https:\/\/www.diasporaportuguesa.org\/en\/news\/antonio-goncalves-in-conference-about-management\/"]}]},{"@type":"BreadcrumbList","@id":"https:\/\/www.diasporaportuguesa.org\/en\/news\/antonio-goncalves-in-conference-about-management\/#breadcrumb","itemListElement":[{"@type":"ListItem","position":1,"name":"In\u00edcio","item":"https:\/\/www.diasporaportuguesa.org\/en\/"},{"@type":"ListItem","position":2,"name":"News","item":"https:\/\/www.diasporaportuguesa.org\/en\/news\/"},{"@type":"ListItem","position":3,"name":"Ant\u00f3nio Gon\u00e7alves in conference about management and economy"}]},{"@type":"WebSite","@id":"https:\/\/www.diasporaportuguesa.org\/#website","url":"https:\/\/www.diasporaportuguesa.org\/","name":"Conselho da Di\u00e1spora Portuguesa","description":"Conselho da Di\u00e1spora Portuguesa","publisher":{"@id":"https:\/\/www.diasporaportuguesa.org\/#organization"},"potentialAction":[{"@type":"SearchAction","target":{"@type":"EntryPoint","urlTemplate":"https:\/\/www.diasporaportuguesa.org\/?s={search_term_string}"},"query-input":"required name=search_term_string"}],"inLanguage":"en-US"},{"@type":"Organization","@id":"https:\/\/www.diasporaportuguesa.org\/#organization","name":"Conselho da Di\u00e1spora Portuguesa","url":"https:\/\/www.diasporaportuguesa.org\/","logo":{"@type":"ImageObject","inLanguage":"en-US","@id":"https:\/\/www.diasporaportuguesa.org\/#\/schema\/logo\/image\/","url":"https:\/\/www.diasporaportuguesa.org\/wp-content\/uploads\/2022\/11\/conselho-diaspora-portuguesa.png","contentUrl":"https:\/\/www.diasporaportuguesa.org\/wp-content\/uploads\/2022\/11\/conselho-diaspora-portuguesa.png","width":735,"height":216,"caption":"Conselho da Di\u00e1spora Portuguesa"},"image":{"@id":"https:\/\/www.diasporaportuguesa.org\/#\/schema\/logo\/image\/"},"sameAs":["https:\/\/twitter.com\/CdDiaspora","https:\/\/www.linkedin.com\/company\/conselho-da-diaspora-portuguesa\/","https:\/\/www.youtube.com\/channel\/UCEI8qERhtqzV1UgdITBo6rw\/videos"]},{"@type":"Person","@id":"https:\/\/www.diasporaportuguesa.org\/#\/schema\/person\/dc02f3627d3a0025a0125f4a141dc0af","name":"Nelson Le\u00e3o","url":"https:\/\/www.diasporaportuguesa.org\/en\/author\/nelson-leaowaynext-com\/"}]}},"_links":{"self":[{"href":"https:\/\/www.diasporaportuguesa.org\/en\/wp-json\/wp\/v2\/posts\/509"}],"collection":[{"href":"https:\/\/www.diasporaportuguesa.org\/en\/wp-json\/wp\/v2\/posts"}],"about":[{"href":"https:\/\/www.diasporaportuguesa.org\/en\/wp-json\/wp\/v2\/types\/post"}],"author":[{"embeddable":true,"href":"https:\/\/www.diasporaportuguesa.org\/en\/wp-json\/wp\/v2\/users\/2"}],"replies":[{"embeddable":true,"href":"https:\/\/www.diasporaportuguesa.org\/en\/wp-json\/wp\/v2\/comments?post=509"}],"version-history":[{"count":2,"href":"https:\/\/www.diasporaportuguesa.org\/en\/wp-json\/wp\/v2\/posts\/509\/revisions"}],"predecessor-version":[{"id":11736,"href":"https:\/\/www.diasporaportuguesa.org\/en\/wp-json\/wp\/v2\/posts\/509\/revisions\/11736"}],"wp:featuredmedia":[{"embeddable":true,"href":"https:\/\/www.diasporaportuguesa.org\/en\/wp-json\/wp\/v2\/media\/11033"}],"wp:attachment":[{"href":"https:\/\/www.diasporaportuguesa.org\/en\/wp-json\/wp\/v2\/media?parent=509"}],"wp:term":[{"taxonomy":"category","embeddable":true,"href":"https:\/\/www.diasporaportuguesa.org\/en\/wp-json\/wp\/v2\/categories?post=509"},{"taxonomy":"post_tag","embeddable":true,"href":"https:\/\/www.diasporaportuguesa.org\/en\/wp-json\/wp\/v2\/tags?post=509"}],"curies":[{"name":"wp","href":"https:\/\/api.w.org\/{rel}","templated":true}]}}